{"id":671,"date":"2021-11-30T22:31:33","date_gmt":"2021-11-30T21:31:33","guid":{"rendered":"https:\/\/blogs.laverdad.es\/febandasrmurcia\/?p=671"},"modified":"2021-12-02T18:27:13","modified_gmt":"2021-12-02T17:27:13","slug":"caminar-hacia-la-normalizacion","status":"publish","type":"post","link":"https:\/\/blogs.laverdad.es\/febandasrmurcia\/2021\/11\/30\/caminar-hacia-la-normalizacion\/","title":{"rendered":"Caminar hacia la normalizaci\u00f3n"},"content":{"rendered":"<p>La realidad social de la Federaci\u00f3n es de cincuenta mil personas, brotan en cada poblaci\u00f3n o ciudad donde se ha desarrollado la actividad formativa, social y cultural, surgiendo desde el siglo diecinueve, en un cuarto de las cuarenta y dos Bandas de M\u00fasica federadas.<\/p>\n<p>Somos una realidad viva, que evoluciona en y con el entorno, donde desarrollan su actividad musical, y se sustenta en la base social de un tri\u00e1ngulo equil\u00e1tero, con la poblaci\u00f3n que desea la m\u00fasica en su vida, luchando y apoyando la existencia a lo largo de los siglos. Unos ejemplos entre otros de esta realidad, ha sido el reconocimiento del pasado 27 de noviembre de 2021 en Ceheg\u00edn, con la concesi\u00f3n de la Medalla de Oro de la ciudad a la Sociedad Musical de Ceheg\u00edn y a su director Don Rafael Gonz\u00e1lez Garc\u00eda. El v\u00e9rtice del tri\u00e1ngulo, que es compartido con los vecinos, visitantes y all\u00e1 donde actuaron. La propuesta del Grupo Socialista fue un\u00e1nimemente apoyada por la corporaci\u00f3n municipal, y tramitado el expediente se aprob\u00f3 la concesi\u00f3n del galard\u00f3n que recibieron el pasado s\u00e1bado.<\/p>\n<p>Otro reconocimiento se efectu\u00f3 el 18 de septiembre de 2021 a la Uni\u00f3n Musical de Torre Pacheco, mediante la concesi\u00f3n de la Medalla de Bronce de la Villa de Torre Pacheco, a la Asociaci\u00f3n Cultural Luis Pacheco de la UMTP, con motivo del 185\u00ba aniversario del d\u00eda del municipio.<\/p>\n<p>Sin olvidar, que la parte central del tri\u00e1ngulo se conforma con la Directiva y la Escuela de m\u00fasica, base del progreso de gesti\u00f3n y metodolog\u00eda de las Bandas de M\u00fasica.<\/p>\n<p>Por otro lado, en este \u00faltimo trimestre tratamos desde la Federaci\u00f3n retomar los proyectos interrumpidos por la pandemia, con las \u00faltimas fluctuaciones y precauciones recomendadas, junto a los ritmos de las administraciones Local y Regional, quedando en el camino el Certamen Nacional y el proyecto de la BSFM.<\/p>\n<p><strong>Se han gestionado las subvenciones de la Federaci\u00f3n e instrumentos a las Bandas Federadas, permitiendo generar ayudas para las actividades y adquisici\u00f3n de partituras.<\/strong> Agradecemos a la Consejer\u00eda de Educaci\u00f3n y Cultura de la CARM, las subvenciones que aporta a este colectivo regional, como medio de mantener la situaci\u00f3n que atravesamos. Igualmente, es vital para todos, la Ley de la M\u00fasica de la Regi\u00f3n de Murcia, que posibilita el desarrollo del Decreto de Escuelas.<\/p>\n<p>Las actividades de Formaci\u00f3n para directivos, que se han desarrollado a trav\u00e9s de Webinar, y la gesti\u00f3n del <strong>proyecto IMUS,<\/strong> han supuesto un fin de curso y parte del verano con actividad y de apertura al entorno, accediendo a la m\u00fasica gratuitamente 1900 alumnos de seis a dieciocho a\u00f1os.<\/p>\n<p>Se han realizado en los <strong>proyectos MUMUS e INSOMUS<\/strong> un total de noventa y ocho talleres, se han contactado con cuarenta y cuatro entidades externas y se han realizado tres mil novecientas veintisiete horas lectivas.<\/p>\n<p>El <strong>Proyecto COMFAMUS<\/strong> ha supuesto una compensaci\u00f3n para alumnos absentistas de nuestras escuelas, llegando a compensar a m\u00e1s de novecientos alumnos.<\/p>\n<p>En cuanto a la importancia de actualizaci\u00f3n en la gesti\u00f3n de las Bandas de m\u00fasica, la hemos abordado con una <strong>jornada para directivos,<\/strong> realizada el pasado trece de noviembre, de gran inter\u00e9s para todos los asistentes.<\/p>\n<p>En lo relativo a futuras fechas, los <strong>Conciertos Solidarios<\/strong> son un camino frecuentado por las asociaciones sin \u00e1nimo de lucro que formamos la Federaci\u00f3n de Bandas, dispuestas a solidarizarnos con las causas que surgen, y como norma anualmente en los Auditorios del Batel y el V\u00edctor Villegas. El pr\u00f3ximo <strong>cuatro de diciembre se realizar\u00e1 el Festival Nacional solidario, a favor del\u201d Santo y Real Hospital de la Caridad\u201d de Cartagena, ser\u00e1 a las ocho de la tarde, y en \u00e9l participar\u00e1n la Banda Municipal de Madridejos de Toledo y la Agrupaci\u00f3n Musical Nuestra Se\u00f1ora de la Soledad de Molinos Marfagones, en el Auditorio y Centro de Congresos del Batel de Cartagena.<\/strong><\/p>\n<p><strong>El doce de diciembre de dos mil veintiuno, continuamos con el Ciclo de conciertos del Auditorio V\u00edctor Villegas, donde a las doce de la ma\u00f1ana se realizar\u00e1 el Concierto Solidario a favor de las \u201cHermanitas de los Pobres\u201d de Murcia, actuando la Asociaci\u00f3n M\u00fasico-Cultural Euterpe de Santomera,<\/strong> y con su concierto cerraremos el a\u00f1o natural.<\/p>\n<p>Y para finalizar con formaci\u00f3n para el colectivo de trescientos treinta profesores, base del proceso formativo y humano de nuestras Escuelas de M\u00fasica, realizaremos<strong> el dieciocho de diciembre la jornada de <em>Did\u00e1ctica de la M\u00fasica y Lenguaje Musical: docencia aplicada, creatividad y buenas pr\u00e1cticas.<\/em><\/strong><\/p>\n<p>Este curso estar\u00e1 reconocido por el Centro de Profesores y Recursos, aportando a los profesores titulados formaci\u00f3n y curr\u00edculum en su haber docente. Se realizar\u00e1 en el Conservatorio Superior de M\u00fasica Murcia y comenzamos un proceso que beneficie a todos.<\/p>\n<p>Ginesa Zamora Saura.<\/p>\n<p>&nbsp;<\/p>\n<p><img loading=\"lazy\" class=\" wp-image-676 aligncenter\" src=\"https:\/\/static-blogs.laverdad.es\/wp-content\/uploads\/sites\/139\/2021\/11\/CONCIERTO-SOLIDARIO-FESTIVAL-NACIONAL-Banda-Municipal-de-Madridejos-y-Agrupaci\u00f3n-Musical-de-Molinos-Marfagones-211x300.jpg\" alt=\"\" width=\"551\" height=\"784\" srcset=\"https:\/\/static-blogs.laverdad.es\/wp-content\/uploads\/sites\/139\/2021\/11\/CONCIERTO-SOLIDARIO-FESTIVAL-NACIONAL-Banda-Municipal-de-Madridejos-y-Agrupaci\u00f3n-Musical-de-Molinos-Marfagones-211x300.jpg 211w, https:\/\/static-blogs.laverdad.es\/wp-content\/uploads\/sites\/139\/2021\/11\/CONCIERTO-SOLIDARIO-FESTIVAL-NACIONAL-Banda-Municipal-de-Madridejos-y-Agrupaci\u00f3n-Musical-de-Molinos-Marfagones-721x1024.jpg 721w\" sizes=\"(max-width: 551px) 100vw, 551px\" \/><\/p>\n<script type=\"text\/javascript\">\n\nvar addthis_config = {\"data_track_clickback\":false,\"data_track_addressbar\":false,\"data_track_textcopy\":false,\"ui_atversion\":\"300\"};\nvar addthis_product = 'wpp-3.1';\n<\/script><script type=\"text\/javascript\" src=\"\/\/s7.addthis.com\/js\/300\/addthis_widget.js#pubid=112f3483c90ecf208d9ddb3794c68691\"><\/script>","protected":false},"excerpt":{"rendered":"<p>La realidad social de la Federaci\u00f3n es de cincuenta mil personas, brotan en cada poblaci\u00f3n o ciudad donde se ha desarrollado la actividad formativa, social y cultural, surgiendo desde el siglo diecinueve, en un cuarto de las cuarenta y dos Bandas de M\u00fasica federadas. Somos una realidad viva, que evoluciona en y con el entorno, [&hellip;]<\/p>\n","protected":false},"author":10086,"featured_media":673,"comment_status":"open","ping_status":"closed","sticky":false,"template":"","format":"standard","meta":[],"categories":[4],"tags":[],"_links":{"self":[{"href":"https:\/\/blogs.laverdad.es\/febandasrmurcia\/wp-json\/wp\/v2\/posts\/671"}],"collection":[{"href":"https:\/\/blogs.laverdad.es\/febandasrmurcia\/wp-json\/wp\/v2\/posts"}],"about":[{"href":"https:\/\/blogs.laverdad.es\/febandasrmurcia\/wp-json\/wp\/v2\/types\/post"}],"author":[{"embeddable":true,"href":"https:\/\/blogs.laverdad.es\/febandasrmurcia\/wp-json\/wp\/v2\/users\/10086"}],"replies":[{"embeddable":true,"href":"https:\/\/blogs.laverdad.es\/febandasrmurcia\/wp-json\/wp\/v2\/comments?post=671"}],"version-history":[{"count":5,"href":"https:\/\/blogs.laverdad.es\/febandasrmurcia\/wp-json\/wp\/v2\/posts\/671\/revisions"}],"predecessor-version":[{"id":679,"href":"https:\/\/blogs.laverdad.es\/febandasrmurcia\/wp-json\/wp\/v2\/posts\/671\/revisions\/679"}],"wp:featuredmedia":[{"embeddable":true,"href":"https:\/\/blogs.laverdad.es\/febandasrmurcia\/wp-json\/wp\/v2\/media\/673"}],"wp:attachment":[{"href":"https:\/\/blogs.laverdad.es\/febandasrmurcia\/wp-json\/wp\/v2\/media?parent=671"}],"wp:term":[{"taxonomy":"category","embeddable":true,"href":"https:\/\/blogs.laverdad.es\/febandasrmurcia\/wp-json\/wp\/v2\/categories?post=671"},{"taxonomy":"post_tag","embeddable":true,"href":"https:\/\/blogs.laverdad.es\/febandasrmurcia\/wp-json\/wp\/v2\/tags?post=671"}],"curies":[{"name":"wp","href":"https:\/\/api.w.org\/{rel}","templated":true}]}}