{"id":683,"date":"2022-01-11T20:32:22","date_gmt":"2022-01-11T19:32:22","guid":{"rendered":"https:\/\/blogs.laverdad.es\/febandasrmurcia\/?p=683"},"modified":"2022-01-11T20:32:22","modified_gmt":"2022-01-11T19:32:22","slug":"jose-yuste-costa-1873-1935-director-de-la-banda-municipal-de-blanca","status":"publish","type":"post","link":"https:\/\/blogs.laverdad.es\/febandasrmurcia\/2022\/01\/11\/jose-yuste-costa-1873-1935-director-de-la-banda-municipal-de-blanca\/","title":{"rendered":"Jos\u00e9 Yuste Costa (1873-1935). Director de la Banda Municipal de Blanca."},"content":{"rendered":"<p>Art\u00edculo de V\u00edctor Cano S\u00e1nchez.<\/p>\n<p>No es ninguna novedad decir que en estos tiempos que nos ha tocado vivir, la cultura en general, y la m\u00fasica en particular, est\u00e1n siendo golpeadas tanto o m\u00e1s que otras actividades \u2014llamadas\u2014 esenciales para el ser humano. El mundo de las bandas de m\u00fasica no es ajeno a esta situaci\u00f3n y, por la propia idiosincrasia de las mismas, lo sufre m\u00e1s profundamente.<\/p>\n<p>Siempre que hay una situaci\u00f3n dif\u00edcil en la vida, es un momento que invita a la reflexi\u00f3n y, como sucede con el ave F\u00e9nix, se debe renacer de las propias cenizas. Para crear unas bases s\u00f3lidas, que le den sentido a un gran proyecto, hay que partir desde las ra\u00edces m\u00e1s profundas. De esta forma se podr\u00e1 volver a germinar con la fuerza de la tradici\u00f3n, y se podr\u00e1 mejorar el proyecto sumando la alegr\u00eda de los nuevos tiempos, las nuevas motivaciones y las nuevas ilusiones.<\/p>\n<p>Este a\u00f1o 2021 que acabamos de terminar ha sido duro pero, como todo en la vida, tambi\u00e9n ha tenido su parte positiva. El pasado mes de marzo present\u00e9 mi TFM en la Universidad Internacional de Valencia titulado Jos\u00e9 Yuste Costa (1873-1935). Una vida de servicio desde la pol\u00edtica y la m\u00fasica en Blanca (Murcia). En este trabajo fin de m\u00e1ster he podido profundizar en la forma de vida de la \u00e9poca, la realidad de las bandas de m\u00fasica entonces, las escuelas de m\u00fasica y todo lo que giraba alrededor de ellas. Por supuesto, el grueso de la investigaci\u00f3n es la figura de Jos\u00e9 Yuste y la Banda Municipal de M\u00fasica de Blanca.<\/p>\n<p>Jos\u00e9 Yuste fue un personaje capital en la primera mitad del siglo XX en Blanca, puesto que fue director de la banda de m\u00fasica del pueblo, concejal, s\u00edndico, teniente de alcalde e, incluso, alcalde accidental en algunos momentos. Como pol\u00edtico luch\u00f3 por elevar la cultura de los blanque\u00f1os y blanque\u00f1as. Fue el art\u00edfice de las nuevas Escuelas Graduadas \u2014siendo alcalde accidental\u2014, propuso conceder la medalla de oro al maestro Antonio Molina Gonz\u00e1lez y se empe\u00f1\u00f3 en traer a la afamada Banda de la Misericordia de Murcia, lo cual consigui\u00f3 en el a\u00f1o 1922. En distintas publicaciones dej\u00f3 patente su idea de educar el gusto musical en este pueblo trayendo m\u00e1s veces bandas de prestigio.<\/p>\n<p>El maestro Yuste estudi\u00f3 piano en el conservatorio de M\u00e1laga, acabando sus estudios con la calificaci\u00f3n de sobresaliente con distinci\u00f3n en el a\u00f1o 1894 \u2014recordemos que la creaci\u00f3n del conservatorio en Murcia fue en 1917\u2014. A partir de ese momento fue profesor, concertista, director y compositor hasta su fallecimiento en 1935. Dirigi\u00f3 la banda de m\u00fasica de Blanca durante un total de 29 a\u00f1os desde el a\u00f1o 1899 hasta el 1935, en tres periodos diferentes. El maestro dimiti\u00f3 por diferencias con los responsables del ayuntamiento en dos ocasiones, lo que da muestras que no todo en su vida fue un camino de rosas.<\/p>\n<p>En el archivo municipal de Blanca, en las actas de los plenos del ayuntamiento, hay numerosas alusiones a circunstancias relacionadas con la banda de m\u00fasica en esos a\u00f1os. El 4 de abril de 1924, por ejemplo, recoge el acta estas palabras: \u00abse dio cuenta de que la Banda de M\u00fasica no pod\u00eda actuar en la pr\u00f3xima Semana Santa y las fiestas de San Roque por la falta de instrumentos. Dado que contratar a una banda, como en a\u00f1os anteriores, resulta caro y no resolv\u00eda el problema, se acord\u00f3 comprar los instrumentos m\u00e1s precisos y de mayor urgencia\u00bb.<\/p>\n<p>Otro ejemplo de ellas, en la sesi\u00f3n supletoria del dos de marzo de 1932 se acord\u00f3 el pago de una factura de arreglo de instrumentos por importe de 117\u201950 pesetas y \u00abse acord\u00f3 que, en lo sucesivo, se abstenga el Director de la Banda D. Jos\u00e9 Yuste Costa, de mandar a arreglar instrumentos ni pedir m\u00fasica sin ponerlo con antelaci\u00f3n en conocimiento de la Corporaci\u00f3n\u00bb. Y como estos ejemplos podemos encontrar muchos m\u00e1s. Tambi\u00e9n, por la prensa de la \u00e9poca, conocemos alguna plantilla de m\u00fasicos que tocaron en esos tiempos, as\u00ed como la forma de trabajo de los m\u00fasicos, que eran todos alumnos del maestro.<\/p>\n<p>Mirando hacia atr\u00e1s y viendo las dificultades que hab\u00eda para adquisici\u00f3n y reparaci\u00f3n de instrumentos, el hecho de que no hubiese profesores de instrumento especialistas en la \u00e9poca, la dificultad para escuchar alguna otra m\u00fasica de calidad en directo, la imposibilidad de estudiar m\u00fasica en el conservatorio \u2014al menos hasta 1917\u2014 y todas las penurias econ\u00f3micas asociadas a ese tiempo en un peque\u00f1o municipio eminentemente agr\u00edcola, debemos de sentirnos afortunados. Adem\u00e1s, paradojas de la vida, el propio maestro Jos\u00e9 Yuste, sufri\u00f3 en sus propias carnes una pandemia, la llamada gripe espa\u00f1ola. Su hijo Antonio, de 18 a\u00f1os, falleci\u00f3 en el a\u00f1o 1918, en plena segunda ola.<\/p>\n<p>Jos\u00e9 Yuste asumi\u00f3 el liderazgo musical en Blanca desde el a\u00f1o 1900 hasta su muerte en 1935. Sin importarle todas las dificultades en el camino, \u00e9l consigui\u00f3 estabilizar una banda de m\u00e1s de 30 m\u00fasicos, fue organista de la iglesia, compuso una zarzuela, muchas obras para banda, m\u00fasica lit\u00fargica e hizo gran cantidad de arreglos de zarzuela para la banda de m\u00fasica de Blanca.<\/p>\n<p>En definitiva, para todos los que estamos hoy ligados a este maravilloso mundo de la cultura en general, y de la m\u00fasica en particular, nos debe servir de inspiraci\u00f3n para conseguir nuestros dos grandes objetivos: la mejor formaci\u00f3n de todos l@s alumn@s de nuestras escuelas de m\u00fasica y la excelencia en nuestras actuaciones con nuestras bandas, de forma que podamos emocionar al p\u00fablico que nos sigue. \u00c9ste es el nuevo reto que nos plantea 2022, renacer desde las ra\u00edces para llegar a florecer con m\u00e1s fuerza y m\u00e1s belleza que nunca.<\/p>\n<div id=\"attachment_689\" style=\"width: 780px\" class=\"wp-caption aligncenter\"><img aria-describedby=\"caption-attachment-689\" loading=\"lazy\" class=\"wp-image-689\" src=\"https:\/\/static-blogs.laverdad.es\/wp-content\/uploads\/sites\/139\/2022\/01\/J.-Yuste-300x219.jpg\" alt=\"\" width=\"770\" height=\"562\" srcset=\"https:\/\/static-blogs.laverdad.es\/wp-content\/uploads\/sites\/139\/2022\/01\/J.-Yuste-300x219.jpg 300w, https:\/\/static-blogs.laverdad.es\/wp-content\/uploads\/sites\/139\/2022\/01\/J.-Yuste.jpg 680w\" sizes=\"(max-width: 770px) 100vw, 770px\" \/><p id=\"caption-attachment-689\" class=\"wp-caption-text\">Fig. 1 Banda de m\u00fasica de Blanca hacia 1933. Fuente: Foto cedida por \u00c1ngel R\u00edos.<\/p><\/div>\n<p>&nbsp;<\/p>\n<script type=\"text\/javascript\">\n\nvar addthis_config = {\"data_track_clickback\":false,\"data_track_addressbar\":false,\"data_track_textcopy\":false,\"ui_atversion\":\"300\"};\nvar addthis_product = 'wpp-3.1';\n<\/script><script type=\"text\/javascript\" src=\"\/\/s7.addthis.com\/js\/300\/addthis_widget.js#pubid=112f3483c90ecf208d9ddb3794c68691\"><\/script>","protected":false},"excerpt":{"rendered":"<p>Art\u00edculo de V\u00edctor Cano S\u00e1nchez. No es ninguna novedad decir que en estos tiempos que nos ha tocado vivir, la cultura en general, y la m\u00fasica en particular, est\u00e1n siendo golpeadas tanto o m\u00e1s que otras actividades \u2014llamadas\u2014 esenciales para el ser humano. El mundo de las bandas de m\u00fasica no es ajeno a esta [&hellip;]<\/p>\n","protected":false},"author":10086,"featured_media":689,"comment_status":"open","ping_status":"closed","sticky":false,"template":"","format":"standard","meta":[],"categories":[4],"tags":[],"_links":{"self":[{"href":"https:\/\/blogs.laverdad.es\/febandasrmurcia\/wp-json\/wp\/v2\/posts\/683"}],"collection":[{"href":"https:\/\/blogs.laverdad.es\/febandasrmurcia\/wp-json\/wp\/v2\/posts"}],"about":[{"href":"https:\/\/blogs.laverdad.es\/febandasrmurcia\/wp-json\/wp\/v2\/types\/post"}],"author":[{"embeddable":true,"href":"https:\/\/blogs.laverdad.es\/febandasrmurcia\/wp-json\/wp\/v2\/users\/10086"}],"replies":[{"embeddable":true,"href":"https:\/\/blogs.laverdad.es\/febandasrmurcia\/wp-json\/wp\/v2\/comments?post=683"}],"version-history":[{"count":5,"href":"https:\/\/blogs.laverdad.es\/febandasrmurcia\/wp-json\/wp\/v2\/posts\/683\/revisions"}],"predecessor-version":[{"id":690,"href":"https:\/\/blogs.laverdad.es\/febandasrmurcia\/wp-json\/wp\/v2\/posts\/683\/revisions\/690"}],"wp:featuredmedia":[{"embeddable":true,"href":"https:\/\/blogs.laverdad.es\/febandasrmurcia\/wp-json\/wp\/v2\/media\/689"}],"wp:attachment":[{"href":"https:\/\/blogs.laverdad.es\/febandasrmurcia\/wp-json\/wp\/v2\/media?parent=683"}],"wp:term":[{"taxonomy":"category","embeddable":true,"href":"https:\/\/blogs.laverdad.es\/febandasrmurcia\/wp-json\/wp\/v2\/categories?post=683"},{"taxonomy":"post_tag","embeddable":true,"href":"https:\/\/blogs.laverdad.es\/febandasrmurcia\/wp-json\/wp\/v2\/tags?post=683"}],"curies":[{"name":"wp","href":"https:\/\/api.w.org\/{rel}","templated":true}]}}