{"id":718,"date":"2022-05-16T09:07:39","date_gmt":"2022-05-16T07:07:39","guid":{"rendered":"https:\/\/blogs.laverdad.es\/febandasrmurcia\/?p=718"},"modified":"2022-05-16T09:07:39","modified_gmt":"2022-05-16T07:07:39","slug":"la-musica-como-pedagoga-de-valores-humanos","status":"publish","type":"post","link":"https:\/\/blogs.laverdad.es\/febandasrmurcia\/2022\/05\/16\/la-musica-como-pedagoga-de-valores-humanos\/","title":{"rendered":"La M\u00fasica como Pedagoga de valores humanos"},"content":{"rendered":"<p>En mi ya dilatada carrera de mel\u00f3mano impenitente, con miles de obras musicales ocupando los estantes de mi despacho, la m\u00e1s espiritual de las artes me ha ido acompa\u00f1ando a lo largo de la vida.<\/p>\n<p>La M\u00fasica estuvo, desde mis inicios acad\u00e9micos, en la base de una educaci\u00f3n que, junto con los estudios de filosof\u00eda y teolog\u00eda, ha ido configurando mi forma de ser y de servicio.<\/p>\n<p>Desde mi m\u00e1s temprana edad, la M\u00fasica tom\u00f3 destacado protagonismo en mi formaci\u00f3n cultural, m\u00e1xime cuando fui descubriendo que ella -lenguaje universal- iba supliendo o, mejor, rellenando las carencias con que la realidad inefable se hace de comprender. Miles de obras, m\u00e1s o menos inspiradas, me iban como adelantando un mundo inalcanzable, pero que respond\u00edan de alg\u00fan modo a la sed de introspecci\u00f3n que todo ser humano contiene, aunque no siempre sepa traducirla a la diafanidad de lo que quiere comunicar.<\/p>\n<p>Ella tiene la capacidad de suplir determinadas limitaciones humanas, y de despertar posibilidades valiosas para la convivencia. La necesidad del silencio, el surgir de la inspiraci\u00f3n, el fortalecimiento y desarrollo de valores.<\/p>\n<p>A veces pienso que el \u201ccoronavirus\u201d est\u00e1 despertando la conciencia de los seres humanos, est\u00e1 poniendo en valor, valga la redundancia, los valores que habitan en nuestro interior y que casi nunca los dejamos que afloren. Porque los antivalores ocupan demasiado tiempo y lugar en nuestra tierra, la tierra de todos. Educamos en antivalores, cultivamos los antivalores, nos congregamos alrededor de los antivalores, luchamos por los antivalores, votamos los antivalores \u2013porque no hay valores que votar-, y nos acomodamos a los antivalores. Pero -\u00a1oh, Providencia!- viene el virus invisible y aparentemente insignificante, y nos despierta a todos del letargo de la mal llamada \u201csociedad del bienestar\u201d, y volvemos a so\u00f1ar y esperar en un ma\u00f1ana luminoso.<\/p>\n<p>La M\u00fasica es el arte que nos permite reencontrarnos, que nos ayuda a ser mejores, que posibilita acrecentar la empat\u00eda, la solidaridad y el di\u00e1logo aut\u00e9ntico a trav\u00e9s de su lenguaje universal. Como escribiera, pensando en esta comunicaci\u00f3n que se me solicita:<\/p>\n<p>De todas las artes, una<br \/>\nes m\u00e1s pura y armoniosa<br \/>\ny, por ende, tan hermosa<br \/>\ncomo criatura ninguna.<\/p>\n<p>Es expresi\u00f3n de deseos,<br \/>\nde sentimientos, quereres<br \/>\nde los hombres y mujeres,<br \/>\nde su amor y devaneos.<\/p>\n<p>Invitaci\u00f3n a rezar<br \/>\ncuando el coraz\u00f3n suspira,<br \/>\ny cuando ya no respira<br \/>\ndespu\u00e9s de tanto luchar.<\/p>\n<p>Ella canta lo que siente<br \/>\nel alma en Dios confundida,<br \/>\ny el adi\u00f3s de la partida<br \/>\nde lo que fuera simiente..<\/p>\n<p>En resumen: la M\u00fasica nos educa, nos perfecciona, nos acompa\u00f1a&#8230; La llevamos dentro, y con ella conectamos cuando la escuchamos fuera. Ella es un valor sobre todo otro valor caduco. Est\u00e1 en toda la Creaci\u00f3n. No en vano es la m\u00e1s \u00edntima a nuestro existir. Ella sabe de lo profundo, de lo hondo, de lo misterioso, de la felicidad, de nuestras b\u00fasquedas. Nos enlaza con nuestra primigenia belleza y nos prepara a la definitiva, generando en nosotros los m\u00e1s altos y nobles pensamientos.<\/p>\n<p>\u00bfPor qu\u00e9 os digo todo esto?<br \/>\nPorque agradezco profundamente la ocasi\u00f3n que se me brinda de compartir con vosotros el amor por la M\u00fasica. No hay un sentimiento humano que ella no refleje, una virtud que no embellezca, un deseo que no lo revista de dignidad, una pena que no alivie, una fiesta que no agrande.<br \/>\nPero, adem\u00e1s, la M\u00fasica es tambi\u00e9n ciencia, ciencia matem\u00e1tica. Nos ayuda a pensar, nos ayuda a creer, nos ayuda a vivir, nos ayuda a amar. No hay ninguna otra asignatura que recopile en s\u00ed misma el saber y el buen hacer, lo grande y lo peque\u00f1o, lo cotidiano y lo trascendente. Ella nos cuenta la historia, nos duplica el orar, nos transmite lo humano y lo divino. Y, por supuesto, el cielo ser\u00e1 eso: M\u00daSICA DIVINA.<\/p>\n<p>(Alfonso Gil, mayo de 2022).<\/p>\n<script type=\"text\/javascript\">\n\nvar addthis_config = {\"data_track_clickback\":false,\"data_track_addressbar\":false,\"data_track_textcopy\":false,\"ui_atversion\":\"300\"};\nvar addthis_product = 'wpp-3.1';\n<\/script><script type=\"text\/javascript\" src=\"\/\/s7.addthis.com\/js\/300\/addthis_widget.js#pubid=112f3483c90ecf208d9ddb3794c68691\"><\/script>","protected":false},"excerpt":{"rendered":"<p>En mi ya dilatada carrera de mel\u00f3mano impenitente, con miles de obras musicales ocupando los estantes de mi despacho, la m\u00e1s espiritual de las artes me ha ido acompa\u00f1ando a lo largo de la vida. La M\u00fasica estuvo, desde mis inicios acad\u00e9micos, en la base de una educaci\u00f3n que, junto con los estudios de filosof\u00eda [&hellip;]<\/p>\n","protected":false},"author":10086,"featured_media":719,"comment_status":"open","ping_status":"closed","sticky":false,"template":"","format":"standard","meta":[],"categories":[4],"tags":[],"_links":{"self":[{"href":"https:\/\/blogs.laverdad.es\/febandasrmurcia\/wp-json\/wp\/v2\/posts\/718"}],"collection":[{"href":"https:\/\/blogs.laverdad.es\/febandasrmurcia\/wp-json\/wp\/v2\/posts"}],"about":[{"href":"https:\/\/blogs.laverdad.es\/febandasrmurcia\/wp-json\/wp\/v2\/types\/post"}],"author":[{"embeddable":true,"href":"https:\/\/blogs.laverdad.es\/febandasrmurcia\/wp-json\/wp\/v2\/users\/10086"}],"replies":[{"embeddable":true,"href":"https:\/\/blogs.laverdad.es\/febandasrmurcia\/wp-json\/wp\/v2\/comments?post=718"}],"version-history":[{"count":1,"href":"https:\/\/blogs.laverdad.es\/febandasrmurcia\/wp-json\/wp\/v2\/posts\/718\/revisions"}],"predecessor-version":[{"id":720,"href":"https:\/\/blogs.laverdad.es\/febandasrmurcia\/wp-json\/wp\/v2\/posts\/718\/revisions\/720"}],"wp:featuredmedia":[{"embeddable":true,"href":"https:\/\/blogs.laverdad.es\/febandasrmurcia\/wp-json\/wp\/v2\/media\/719"}],"wp:attachment":[{"href":"https:\/\/blogs.laverdad.es\/febandasrmurcia\/wp-json\/wp\/v2\/media?parent=718"}],"wp:term":[{"taxonomy":"category","embeddable":true,"href":"https:\/\/blogs.laverdad.es\/febandasrmurcia\/wp-json\/wp\/v2\/categories?post=718"},{"taxonomy":"post_tag","embeddable":true,"href":"https:\/\/blogs.laverdad.es\/febandasrmurcia\/wp-json\/wp\/v2\/tags?post=718"}],"curies":[{"name":"wp","href":"https:\/\/api.w.org\/{rel}","templated":true}]}}