{"id":724,"date":"2022-06-28T15:39:13","date_gmt":"2022-06-28T13:39:13","guid":{"rendered":"https:\/\/blogs.laverdad.es\/febandasrmurcia\/?p=724"},"modified":"2022-06-28T15:39:13","modified_gmt":"2022-06-28T13:39:13","slug":"la-asociacion-de-amigos-de-la-musica-de-yecla-recibio-la-medalla-de-oro-de-la-ciudad-de-yecla","status":"publish","type":"post","link":"https:\/\/blogs.laverdad.es\/febandasrmurcia\/2022\/06\/28\/la-asociacion-de-amigos-de-la-musica-de-yecla-recibio-la-medalla-de-oro-de-la-ciudad-de-yecla\/","title":{"rendered":"La Asociaci\u00f3n de Amigos de la M\u00fasica de Yecla recibi\u00f3 la Medalla de Oro de la Ciudad de Yecla"},"content":{"rendered":"<p><span style=\"color: #000000;\">El d\u00eda 6 de julio de 2020, el pleno ordinario del Ayuntamiento de Yecla aprob\u00f3, por unanimidad de todos los miembros de los Grupos Municipales, la entrega de la Medalla de Oro de la Ciudad de Yecla a la Asociaci\u00f3n de Amigos de la M\u00fasica de Yecla.<\/span><\/p>\n<p><span style=\"color: #000000;\">La resoluci\u00f3n del expediente de la concesi\u00f3n de la Medalla de Oro, aprobado en Pleno ordinario el 1 de abril de 2019, recibi\u00f3 un total de 450 adhesiones, tanto de nuestra localidad como de fuera de la misma, incluso algunas de fuera del pa\u00eds, de asociaciones y entidades del \u00e1mbito de la cultura, deportes, social, festiva, sindical, educativa, as\u00ed como a t\u00edtulo individual de numerosos profesionales relacionados con el mundo de la cultura y especialmente de la m\u00fasica, y de ciudadanos que han querido mostrar su apoyo a la iniciativa.<\/span><\/p>\n<p><span style=\"color: #000000;\">La entrega oficial de esta distinci\u00f3n a la Asociaci\u00f3n de Amigos de la M\u00fasica de Yecla, se efectu\u00f3 el s\u00e1bado 25 de junio en la Plaza de Toros de Yecla, durante un acto en el que adem\u00e1s del acto institucional de la Entrega de la Medalla de Oro a cargo de la Ilma. Sra. Alcaldesa del Excmo. Ayuntamiento de Yecla, D\u00f1a. Mar\u00eda Remedios Lajara Dom\u00ednguez, en un concierto a cargo de los alumnos\/as de Coro de la Escuela de M\u00fasica y la Banda Sinf\u00f3nica de la AAMY.<\/span><\/p>\n<p><img loading=\"lazy\" class=\" wp-image-729 aligncenter\" src=\"https:\/\/static-blogs.laverdad.es\/wp-content\/uploads\/sites\/139\/2022\/06\/aamy-medalla-22-1-300x225.jpg\" alt=\"\" width=\"771\" height=\"578\" srcset=\"https:\/\/static-blogs.laverdad.es\/wp-content\/uploads\/sites\/139\/2022\/06\/aamy-medalla-22-1-300x225.jpg 300w, https:\/\/static-blogs.laverdad.es\/wp-content\/uploads\/sites\/139\/2022\/06\/aamy-medalla-22-1-768x576.jpg 768w, https:\/\/static-blogs.laverdad.es\/wp-content\/uploads\/sites\/139\/2022\/06\/aamy-medalla-22-1-1024x768.jpg 1024w, https:\/\/static-blogs.laverdad.es\/wp-content\/uploads\/sites\/139\/2022\/06\/aamy-medalla-22-1.jpg 1333w\" sizes=\"(max-width: 771px) 100vw, 771px\" \/><\/p>\n<p><span style=\"color: #000000;\">El d\u00eda 17 de octubre de 1974, en una reuni\u00f3n celebrada en la Casa Consistorial, que fue convocada con el objeto de proceder al estudio de la posibilidad de creaci\u00f3n en nuestra ciudad una Asociaci\u00f3n de Amigos de la M\u00fasica, -idea que estaba siendo objeto de comentario por muchas personas pero sin que hasta esa fecha hubiese cristalizado con unos compromisos y objetivos precisos-. En dicho encuentro se lleg\u00f3 a la conclusi\u00f3n de que -en beneficio de toda la poblaci\u00f3n, en aras de la cultura y favor de las personas individualmente consideradas, ya que se forma el esp\u00edritu de cada uno, es necesario y conveniente la creaci\u00f3n de esta Asociaci\u00f3n-. Asimismo, se acord\u00f3 formar la primera Junta.<\/span><\/p>\n<p><span style=\"color: #000000;\">Desde su fundaci\u00f3n esta sociedad ha sido presidida por D. Luis Chirlaque Milla, D. Romualdo Manuel Garc\u00eda P\u00e9rez, D. Jos\u00e9 Marco Ortega, D. Jos\u00e9 Saur\u00edn Gil, D\u00f1a. Efigenia S\u00e1nchez Ib\u00e1\u00f1ez, D. Amadeo Garc\u00eda P\u00e9rez y D. Francisco Mu\u00f1oz Casta\u00f1o.<\/span><\/p>\n<p><span style=\"color: #000000;\">Desde sus inicios, y seg\u00fan consta en sus Estatutos actuales, ha tenido como objeto principal, fomentar el conocimiento y disfrute de la m\u00fasica. Para el cumplimiento de estos fines, desde sus inicios se puso en marcha una Escuela de M\u00fasica donde pudieran estudiar este maravilloso arte todos los yeclanos\/as que lo desearan.<\/span><\/p>\n<p><span style=\"color: #000000;\">La Asociaci\u00f3n Amigos de la M\u00fasica cre\u00f3 su propia Escuela de M\u00fasica en 1974. En el curso escolar 95-96 se fusiona con la Escuela Municipal de M\u00fasica pasando a gestionar esta nueva escuela la Asociaci\u00f3n de Amigos de la M\u00fasica, patrocinada por el Excmo. Ayuntamiento de Yecla. A partir de 1995, la Escuela de M\u00fasica experiment\u00f3 un desarrollo espectacular: actualmente, cuenta con una treintena de docentes y a ella asisten una media de m\u00e1s de 700 alumnos anuales matriculados en m\u00e1s de treinta asignaturas. En sus aulas se han formado musicalmente varios miles de yeclanos a lo largo de sus m\u00e1s de 40 a\u00f1os de existencia.<\/span><\/p>\n<p><span style=\"color: #000000;\">Adem\u00e1s, desde 2011, la Escuela de M\u00fasica de Yecla es Centro Examinador Oficial de la Royal School of Music y de la Rockschool. De igual forma, las asignaturas de m\u00fasica moderna, han experimentado un auge considerable en la demanda de este tipo de m\u00fasica.<\/span><\/p>\n<p><span style=\"color: #000000;\">Desde la Escuela se organizan una serie de actividades planteadas con el objetivo de acercar y mostrar el trabajo que se desarrolla en el centro tanto a familiares, amigos o cualquier ciudadano que lo desee. Se realizan audiciones, conciertos, cursos, charlas, tanto dentro de las instalaciones de la propia Escuela como en diversos enclaves de la ciudad.<\/span><\/p>\n<p><span style=\"color: #000000;\">Entre todas estas actividades destaca, por haber cumplido 2022 con su XX edici\u00f3n, el Ciclo \u201cAula de Conciertos\u201d. Este Ciclo de conciertos se inici\u00f3 en el a\u00f1o 2002 siendo en esta primera edici\u00f3n un total de cuatro recitales los programados. En la actualidad el n\u00famero de conciertos que integran el ciclo oscila entre los doce y catorce anuales. Durante estos veinte a\u00f1os del Ciclo han pasado por el mismo m\u00e1s de 750 artistas, en m\u00e1s de 150 conciertos, de m\u00faltiples formaciones y estilos; a la vez hemos conseguido crear un h\u00e1bito a asistir a conciertos en vivo a muchas personas de nuestra localidad, generando una actividad cultural en nuestra ciudad, que ya es esperada cada nuevo a\u00f1o por los mel\u00f3manos de Yecla.<\/span><\/p>\n<p><span style=\"color: #000000;\">Como resultado del trabajo realizado en la Escuela, la Banda de M\u00fasica, hizo su presentaci\u00f3n oficial en el mes de septiembre de 1976, durante el acto de inauguraci\u00f3n oficial de la Feria de Yecla, bajo la batuta del maestro Ortu\u00f1o. Desde su fundaci\u00f3n, han dirigido la Banda: Jos\u00e9 Ortu\u00f1o Ortu\u00f1o (1976-1983), Jes\u00fas Rodr\u00edguez Azor\u00edn (1983-1987), Francisco Rodr\u00edguez Azor\u00edn (1985-1987), Pedro Francisco Rubio Olivares (1987-1990), Jos\u00e9 Miguel Azor\u00edn Marco (1990-1996) y \u00c1ngel Hern\u00e1ndez Azor\u00edn (1996-actualidad).<\/span><\/p>\n<p><span style=\"color: #000000;\">La Banda de M\u00fasica es la consecuci\u00f3n del proceso educativo de su Escuela de M\u00fasica, por ella han pasado m\u00e1s de 300 yeclanos\/as, contando actualmente con m\u00e1s de un centenar de componentes.<\/span><\/p>\n<p><span style=\"color: #000000;\">Entre las numerosas actividades que emprende la Banda de M\u00fasica cabe destacar: ciclos de conciertos escolares, zarzuelas, conciertos en Yecla y en diversas localidades de la Regi\u00f3n de Murcia as\u00ed como otras Comunidades Aut\u00f3nomas, fiestas de la localidad, desfiles de Moros y Cristianos, Semana Santa, Festivales de Banda, pasacalles y un amplio n\u00famero de conciertos extraordinarios.<\/span><\/p>\n<p><span style=\"color: #000000;\">A lo largo de su trayectoria, ha obtenido numerosos premios en prestigiosos Cert\u00e1menes Nacionales e Internacionales, concretamente Ocho Primeros Premios. Once Segundos Premios as\u00ed como varias Menciones y Distinciones. El a\u00f1o 2017 obten\u00edan la Medalla de Oro, Menci\u00f3n de Honor y Timbal de Oro en el World Music Contest (WMC) Kerkrade 2017 (Holanda). Se proclamaban campeones del mundo en la segunda secci\u00f3n y terceros en el ranking general y mejor banda espa\u00f1ola del WMC Kerkrade 2017.<\/span><\/p>\n<p><span style=\"color: #000000;\">Tambi\u00e9n cabe destacar, que la Banda Sinf\u00f3nica AAMY y su director \u00c1ngel Hern\u00e1ndez Azor\u00edn, tienen el honor de tener varias piezas dedicadas, asimismo la participaci\u00f3n en la grabaci\u00f3n y edici\u00f3n, hasta el d\u00eda de hoy, de 18 trabajos discogr\u00e1ficos.<\/span><\/p>\n<p><span style=\"color: #000000;\">La Asociaci\u00f3n de Amigos de la M\u00fasica de Yecla, en la actualidad es promotora de diferentes actividades de difusi\u00f3n cultural, relacionadas con la Escuela y la Banda de M\u00fasica, pudiendo destacar la Revista Diapas\u00f3n, nuestra p\u00e1gina web: www.amigosmusica.com; canal de YouTube, Facebook, Twiter, e Instagram; la Colecci\u00f3n de discos Aires de Yecla, integrada hasta el momento por once vol\u00famenes; varios programas de difusi\u00f3n cultural en emisoras locales (El Templete en Tele Yecla, Diapas\u00f3n Radio en Teleyecla radio o Damos la nota en Cope Yecla, secci\u00f3n mensual en el semanario Siete D\u00edas Yecla, y colaboraci\u00f3n en elperiodicodeyecla.com). Adem\u00e1s, tiene editadas varias publicaciones como el n\u00ba 1 de la colecci\u00f3n Op\u00fasculos Yeclanos, o el libro M\u00fasica y m\u00fasicos yeclanos, obra de D. Alfonso Hern\u00e1ndez Cutillas.<\/span><\/p>\n<p><span style=\"color: #000000;\">Tambi\u00e9n contamos con la Biblioteca \u201cD. Jos\u00e9 Ortu\u00f1o\u201d donde tenemos ya incluidos un total de m\u00e1s de 1500 referencias de diversa \u00edndole: enciclopedias, colecciones de m\u00fasica, discos compactos, revistas especializadas, partituras, documentos antiguos, etc. Igualmente es de destacar el archivo de partituras con m\u00e1s de 3000 obras, en su mayor\u00eda escritas para banda de m\u00fasica, pero que abarca otros estilos, y que incluye todo el archivo de la familia Ortu\u00f1o que fue cedido por la misma a esta entidad.<\/span><\/p>\n<p><span style=\"color: #000000;\">Con el paso del tiempo, en nuestra ciudad, poco a poco se ha empezado avalorar y reconocer el trabajo que desempe\u00f1a esta sociedad, y prueba de ello son los premios que ha recibido en los \u00faltimos a\u00f1os como son: el Premio a la Mejor Labor Cultural del a\u00f1o 2002 concedido por el peri\u00f3dico El Faro; el Premio Capit\u00e1n Mora otorgado en el a\u00f1o 2007 por la centenaria Escuadra de Los Luna, el Premio Extraordinario del a\u00f1o 2009 otorgado por el semanario local Siete D\u00edas Yecla, el Premio Pro-M\u00fasica, otorgado por la Asociaci\u00f3n Pro-M\u00fasica de Murcia en el a\u00f1o 2009 en la modalidad de centros de m\u00fasica, el galard\u00f3n Enoturista 2014 otorgado por la Asociaci\u00f3n de la Ruta del Vino de Yecla o el Premio Embajador de Yecla en el mundo 2017, a la Banda Sinf\u00f3nica de la Asociaci\u00f3n, entregado por el seminario Siete D\u00edas Yecla.<\/span><\/p>\n<p><span style=\"color: #000000;\">De la misma manera, a partir de 2005, la Asociaci\u00f3n de Amigos de la M\u00fasica de Yecla crea el Premio Santa Cecilia, para reconocer la labor de cualquier persona, colectivo o entidad p\u00fablica o privada que trabaje para lograr los fines principales de nuestra entidad, que son el fomentar el conocimiento y disfrute de la M\u00fasica.<\/span><\/p>\n<p><span style=\"color: #000000;\">El d\u00eda 4 de diciembre de 2021 fue declarada de Utilidad P\u00fablica por Orden del Ministerio del Interior.<\/span><\/p>\n<p><span style=\"color: #000000;\">Para nosotros es un honor recibir la m\u00e1xima distinci\u00f3n de la ciudad de Yecla, algo que sin duda nos anima todav\u00eda m\u00e1s a seguir trabajando por y para nuestra localidad en el \u00e1mbito de formaci\u00f3n y educaci\u00f3n musical, promoci\u00f3n y difusi\u00f3n de eventos musicales, y continuar promocionado fuera de nuestra ciudad a trav\u00e9s de nuestra banda de m\u00fasica el nombre de Yecla.<\/span><\/p>\n<p><span style=\"color: #000000;\">Jos\u00e9 Miguel Ib\u00e1\u00f1ez Lax.<\/span><\/p>\n<p><span style=\"color: #000000;\">AAM Yecla.<\/span><\/p>\n<p><img loading=\"lazy\" class=\" wp-image-728 aligncenter\" src=\"https:\/\/static-blogs.laverdad.es\/wp-content\/uploads\/sites\/139\/2022\/06\/aamy-medalla-16-1-300x225.jpg\" alt=\"\" width=\"873\" height=\"655\" srcset=\"https:\/\/static-blogs.laverdad.es\/wp-content\/uploads\/sites\/139\/2022\/06\/aamy-medalla-16-1-300x225.jpg 300w, https:\/\/static-blogs.laverdad.es\/wp-content\/uploads\/sites\/139\/2022\/06\/aamy-medalla-16-1-768x576.jpg 768w, https:\/\/static-blogs.laverdad.es\/wp-content\/uploads\/sites\/139\/2022\/06\/aamy-medalla-16-1-1024x768.jpg 1024w, https:\/\/static-blogs.laverdad.es\/wp-content\/uploads\/sites\/139\/2022\/06\/aamy-medalla-16-1.jpg 1333w\" sizes=\"(max-width: 873px) 100vw, 873px\" \/><\/p>\n<script type=\"text\/javascript\">\n\nvar addthis_config = {\"data_track_clickback\":false,\"data_track_addressbar\":false,\"data_track_textcopy\":false,\"ui_atversion\":\"300\"};\nvar addthis_product = 'wpp-3.1';\n<\/script><script type=\"text\/javascript\" src=\"\/\/s7.addthis.com\/js\/300\/addthis_widget.js#pubid=112f3483c90ecf208d9ddb3794c68691\"><\/script>","protected":false},"excerpt":{"rendered":"<p>El d\u00eda 6 de julio de 2020, el pleno ordinario del Ayuntamiento de Yecla aprob\u00f3, por unanimidad de todos los miembros de los Grupos Municipales, la entrega de la Medalla de Oro de la Ciudad de Yecla a la Asociaci\u00f3n de Amigos de la M\u00fasica de Yecla. La resoluci\u00f3n del expediente de la concesi\u00f3n de [&hellip;]<\/p>\n","protected":false},"author":10086,"featured_media":727,"comment_status":"open","ping_status":"closed","sticky":false,"template":"","format":"standard","meta":[],"categories":[4],"tags":[],"_links":{"self":[{"href":"https:\/\/blogs.laverdad.es\/febandasrmurcia\/wp-json\/wp\/v2\/posts\/724"}],"collection":[{"href":"https:\/\/blogs.laverdad.es\/febandasrmurcia\/wp-json\/wp\/v2\/posts"}],"about":[{"href":"https:\/\/blogs.laverdad.es\/febandasrmurcia\/wp-json\/wp\/v2\/types\/post"}],"author":[{"embeddable":true,"href":"https:\/\/blogs.laverdad.es\/febandasrmurcia\/wp-json\/wp\/v2\/users\/10086"}],"replies":[{"embeddable":true,"href":"https:\/\/blogs.laverdad.es\/febandasrmurcia\/wp-json\/wp\/v2\/comments?post=724"}],"version-history":[{"count":2,"href":"https:\/\/blogs.laverdad.es\/febandasrmurcia\/wp-json\/wp\/v2\/posts\/724\/revisions"}],"predecessor-version":[{"id":731,"href":"https:\/\/blogs.laverdad.es\/febandasrmurcia\/wp-json\/wp\/v2\/posts\/724\/revisions\/731"}],"wp:featuredmedia":[{"embeddable":true,"href":"https:\/\/blogs.laverdad.es\/febandasrmurcia\/wp-json\/wp\/v2\/media\/727"}],"wp:attachment":[{"href":"https:\/\/blogs.laverdad.es\/febandasrmurcia\/wp-json\/wp\/v2\/media?parent=724"}],"wp:term":[{"taxonomy":"category","embeddable":true,"href":"https:\/\/blogs.laverdad.es\/febandasrmurcia\/wp-json\/wp\/v2\/categories?post=724"},{"taxonomy":"post_tag","embeddable":true,"href":"https:\/\/blogs.laverdad.es\/febandasrmurcia\/wp-json\/wp\/v2\/tags?post=724"}],"curies":[{"name":"wp","href":"https:\/\/api.w.org\/{rel}","templated":true}]}}