{"id":737,"date":"2022-11-19T10:33:45","date_gmt":"2022-11-19T09:33:45","guid":{"rendered":"https:\/\/blogs.laverdad.es\/febandasrmurcia\/?p=737"},"modified":"2022-11-19T10:35:42","modified_gmt":"2022-11-19T09:35:42","slug":"ciclos-de-las-bandas-federadas-en-murcia-i-ciclo-de-mar-puerto-y-bandas-bandas-en-el-auditorio-2022-23","status":"publish","type":"post","link":"https:\/\/blogs.laverdad.es\/febandasrmurcia\/2022\/11\/19\/ciclos-de-las-bandas-federadas-en-murcia-i-ciclo-de-mar-puerto-y-bandas-bandas-en-el-auditorio-2022-23\/","title":{"rendered":"Ciclos de las Bandas Federadas en Murcia: &#8220;I Ciclo de Mar, Puerto y Bandas&#8221;, y \u201cBandas en el Auditorio&#8221; 2022-23"},"content":{"rendered":"<p><span style=\"text-decoration: underline;\"><strong>I CICLO DE MAR, PUERTO Y BANDAS:<\/strong><\/span><\/p>\n<p>De mar, puerto y bandas 2022, el Ciclo de conciertos de las bandas de m\u00fasica federadas de la Regi\u00f3n de Murcia en el Puerto de Cartagena se ha iniciado con seis conciertos en torno al monumento de los H\u00e9roes de Cavite y Cuba, frente a la Autoridad Portuaria de Cartagena, para realizar una acogida amable a los visitantes que atracan en el Puerto.<\/p>\n<p>Se inicia el Ciclo el 10 de abril con la Agrupaci\u00f3n Nuestra Se\u00f1ora de la Soledad de Molinos Marfagones, el 24 de abril Agrupaci\u00f3n Musical Sauces de Cartagena, 2 de octubre Sociedad Art\u00edstico Musical Santa Cecilia de Pozo Estrecho, 12 de octubre Agrupaci\u00f3n Musical de Beniaj\u00e1n, 5 de noviembre Agrupaci\u00f3n Musical de Caravaca de la Cruz y se finaliza el Ciclo el 17 de diciembre con la Uni\u00f3n Musical Santa Cruz de Abanilla. Los conciertos se han celebrado a las 10 horas y previamente se realiza un pasacalles, que llaman y animan a los turistas y habitantes de la ciudad. Han participado unos 400 m\u00fasicos y dos corales. Con interpretaci\u00f3n de programas haciendo referencia a la cultura de los visitantes en la ciudad portuaria.<\/p>\n<p>El incremento de 218 cruceros en 2022 supone una respuesta en la acogida amable a los cruceristas con m\u00fasica y cuantos servicios junto a la oferta patrimonial y cultural que atesoramos, que se pone en valor con quienes nos visitan, disfrutando de cuanto somos y generamos.<\/p>\n<p>Ha sido una experiencia gratificante para todos y agradecemos a D\u00f1a. Yolanda Mu\u00f1oz G\u00f3mez Presidenta de la APC y a las personas encargadas de la gesti\u00f3n, su profesionalidad y exquisito trato. Igualmente, al Ayuntamiento de Cartagena a trav\u00e9s de la Concejal\u00eda de Cultura con D. Carlos Pi\u00f1ana, en la organizaci\u00f3n de los conciertos. Este Ciclo es el inicio de una propuesta que deseamos siga realiz\u00e1ndose a lo largo del a\u00f1o, para acoger con m\u00fasica a cuantos nos visiten, y poder comprobar esa sonrisa al paso de la Banda y que contin\u00faen los aplausos en los desfiles del pasacalles y en los conciertos<\/p>\n<p><span style=\"text-decoration: underline;\"><strong>CICLO DE CONCIERTOS \u201cBANDAS EN EL AUDITORIO\u201d 2022-23:<\/strong><\/span><\/p>\n<p>Un nuevo Ciclo inician las Bandas de M\u00fasica en el magn\u00edfico Auditorio V\u00edctor Villegas de Murcia, cada a\u00f1o tenemos una cita mensual en domingo a las doce de la ma\u00f1ana programados de noviembre a junio. Esta programaci\u00f3n supone un gran incentivo muy motivador para las Bandas participantes, tanto las Bandas titulares, como las juveniles y las Bandas Escuelas, es una constante mantenida por la Consejer\u00eda de Cultura y el ICA, que desde la Federaci\u00f3n valoramos muy positivamente incluyendo en el Ciclo, a la Banda Sinf\u00f3nica de la Federaci\u00f3n.<\/p>\n<p>Para el colectivo de las 42 Bandas Federadas, disfrutar de una infraestructura como el Auditorio V\u00edctor Villegas, aportando m\u00fasica de toda la regi\u00f3n, junto al p\u00fablico que acompa\u00f1an, generan un impacto en la ciudad, junto a las entidades y autoridades que desde las distintas poblaciones acompa\u00f1an a las bandas participantes.<\/p>\n<p><img loading=\"lazy\" class=\" wp-image-739 aligncenter\" src=\"https:\/\/static-blogs.laverdad.es\/wp-content\/uploads\/sites\/139\/2022\/11\/ciclos-204x300.jpg\" alt=\"\" width=\"698\" height=\"1026\" srcset=\"https:\/\/static-blogs.laverdad.es\/wp-content\/uploads\/sites\/139\/2022\/11\/ciclos-204x300.jpg 204w, https:\/\/static-blogs.laverdad.es\/wp-content\/uploads\/sites\/139\/2022\/11\/ciclos.jpg 1090w\" sizes=\"(max-width: 698px) 100vw, 698px\" \/><\/p>\n<p>El Ciclo consta de 7 conciertos, participando desde el 6 noviembre al 11 de junio 14 Bandas y una coral, en torno a 1.000 m\u00fasicos junto a los 40 componentes de la coral y los 60 componentes de la Banda Sinf\u00f3nica de la Federaci\u00f3n, que actuaron el pasado 4 de septiembre de 2022 con el concierto solidario a favor de AECC y dirigidos por el maestro Jos\u00e9 Rafael Pascual Vilaplana.<\/p>\n<p>La tem\u00e1tica de los conciertos es variada, abordando el 6 de noviembre la trayectoria de 40 a\u00f1os de BJCT, canto al invierno y navidad, los mitos, f\u00e1bulas y leyendas, culturas y sonidos, im\u00e1genes de la m\u00fasica, acordes de m\u00fasica y danza, la banda de m\u00fasica de la transcripci\u00f3n a la obra, m\u00fasica sin fronteras, paseo por la vieja Europa y qu\u00e9 pasar\u00eda si\u2026 Toda una programaci\u00f3n sugerente interpretada por m\u00fasicos de las 15 Bandas Federadas participantes, con edades comprendidas de 13 a 75 a\u00f1os, y formados en sus escuelas y conservatorios de referencia. Una gran labor de formativa, cultural y de valores que las Bandas de M\u00fasica vienen realizando desde casi m\u00e1s de un siglo y medio algunas de las m\u00e1s longevas, propiciando toda una red regional de 42 Bandas Federadas en el colectivo social de 50.000 personas que conforman la Federaci\u00f3n, incluyendo a m\u00e1s de 10.000 alumnos en las Escuelas de las Bandas Federadas y 5.000 m\u00fasicos de las Bandas titulares, juveniles y Bandas Escuela. Dentro del monogr\u00e1fico se ha programado un total de siete jornadas de conciertos dominicales, hasta el pr\u00f3ximo 11 de junio, con la participaci\u00f3n de 14 bandas y una coral. Las entradas tienen un precio \u00fanico de 3 euros.<\/p>\n<p>La tem\u00e1tica de los conciertos es variada, abordando la trayectoria de 40 a\u00f1os de la Federaci\u00f3n de Bandas; el canto al invierno y la navidad; los mitos, f\u00e1bulas y leyendas; culturas y sonidos; im\u00e1genes de la m\u00fasica; acordes de m\u00fasica y danza; la m\u00fasica sin fronteras; un paseo por la vieja Europa y qu\u00e9 pasar\u00eda si\u2026<\/p>\n<p>Las personas y los profesionales del Auditorio desde los Directores Generales, director y el personal encargado del funcionamiento durante todos estos a\u00f1os, han permitido una acogida especial cada domingo del Ciclo por lo que agradecemos al ICA el mantenimiento de Ciclo de Bandas en el Auditorio, al personal de administraci\u00f3n y servicios, a los t\u00e9cnicos y al personal de sala, por su profesionalidad y exquisitez de trato.<\/p>\n<p>Invitamos a que disfruten de la m\u00fasica de la imprescindible red de las 42 Bandas de M\u00fasica que proporcionan la base de la formaci\u00f3n y cultura musical de la Regi\u00f3n de Murcia.<\/p>\n<p>Ginesa Zamora Saura.<\/p>\n<script type=\"text\/javascript\">\n\nvar addthis_config = {\"data_track_clickback\":false,\"data_track_addressbar\":false,\"data_track_textcopy\":false,\"ui_atversion\":\"300\"};\nvar addthis_product = 'wpp-3.1';\n<\/script><script type=\"text\/javascript\" src=\"\/\/s7.addthis.com\/js\/300\/addthis_widget.js#pubid=112f3483c90ecf208d9ddb3794c68691\"><\/script>","protected":false},"excerpt":{"rendered":"<p>I CICLO DE MAR, PUERTO Y BANDAS: De mar, puerto y bandas 2022, el Ciclo de conciertos de las bandas de m\u00fasica federadas de la Regi\u00f3n de Murcia en el Puerto de Cartagena se ha iniciado con seis conciertos en torno al monumento de los H\u00e9roes de Cavite y Cuba, frente a la Autoridad Portuaria [&hellip;]<\/p>\n","protected":false},"author":10086,"featured_media":738,"comment_status":"open","ping_status":"closed","sticky":false,"template":"","format":"standard","meta":[],"categories":[4],"tags":[],"_links":{"self":[{"href":"https:\/\/blogs.laverdad.es\/febandasrmurcia\/wp-json\/wp\/v2\/posts\/737"}],"collection":[{"href":"https:\/\/blogs.laverdad.es\/febandasrmurcia\/wp-json\/wp\/v2\/posts"}],"about":[{"href":"https:\/\/blogs.laverdad.es\/febandasrmurcia\/wp-json\/wp\/v2\/types\/post"}],"author":[{"embeddable":true,"href":"https:\/\/blogs.laverdad.es\/febandasrmurcia\/wp-json\/wp\/v2\/users\/10086"}],"replies":[{"embeddable":true,"href":"https:\/\/blogs.laverdad.es\/febandasrmurcia\/wp-json\/wp\/v2\/comments?post=737"}],"version-history":[{"count":3,"href":"https:\/\/blogs.laverdad.es\/febandasrmurcia\/wp-json\/wp\/v2\/posts\/737\/revisions"}],"predecessor-version":[{"id":742,"href":"https:\/\/blogs.laverdad.es\/febandasrmurcia\/wp-json\/wp\/v2\/posts\/737\/revisions\/742"}],"wp:featuredmedia":[{"embeddable":true,"href":"https:\/\/blogs.laverdad.es\/febandasrmurcia\/wp-json\/wp\/v2\/media\/738"}],"wp:attachment":[{"href":"https:\/\/blogs.laverdad.es\/febandasrmurcia\/wp-json\/wp\/v2\/media?parent=737"}],"wp:term":[{"taxonomy":"category","embeddable":true,"href":"https:\/\/blogs.laverdad.es\/febandasrmurcia\/wp-json\/wp\/v2\/categories?post=737"},{"taxonomy":"post_tag","embeddable":true,"href":"https:\/\/blogs.laverdad.es\/febandasrmurcia\/wp-json\/wp\/v2\/tags?post=737"}],"curies":[{"name":"wp","href":"https:\/\/api.w.org\/{rel}","templated":true}]}}