{"id":747,"date":"2023-01-26T19:21:33","date_gmt":"2023-01-26T18:21:33","guid":{"rendered":"https:\/\/blogs.laverdad.es\/febandasrmurcia\/?p=747"},"modified":"2023-01-26T19:21:33","modified_gmt":"2023-01-26T18:21:33","slug":"el-veterano-certamen-de-musica-ciudad-de-murcia","status":"publish","type":"post","link":"https:\/\/blogs.laverdad.es\/febandasrmurcia\/2023\/01\/26\/el-veterano-certamen-de-musica-ciudad-de-murcia\/","title":{"rendered":"El veterano certamen de m\u00fasica &#8220;Ciudad de Murcia&#8221;"},"content":{"rendered":"<p style=\"text-align: left;\">Todos sabemos que la &#8220;Ilustraci\u00f3n&#8221; en primera instancia, y las bayonetas napole\u00f3nicas en segunda, son el origen de las Bandas de M\u00fasica en Espa\u00f1a; toda vez que las primeras Grandes Bandas de M\u00fasica se escucharon en los desfiles y conciertos que daban las mismas para extender la cultura musical y en especial ganarse las voluntades del pueblo invadido. Lafayette (general de Napole\u00f3n) afirmaba que hab\u00eda ganado m\u00e1s batallas en los desfiles, que con las bayonetas.<\/p>\n<p style=\"text-align: left;\">Cuando los franceses se retiraron, las Instituciones reorganizaron las bandas siguiendo m\u00e1s o menos el modelo de plantilla que imperaba en Francia e Italia. Adem\u00e1s, los inventos del luthier belga Adolfo Sax permitieron que las Agrupaciones sinf\u00f3nicas de viento y percusi\u00f3n (Las Bandas), pudieran transcribir con gran fidelidad las obras de orquestas m\u00e1s importantes del mundo cl\u00e1sico. Por tanto, podemos afirmar categ\u00f3ricamente, que estas grandes joyas musicales las dieron a conocer al p\u00fablico de la \u00e9poca las Bandas Sinf\u00f3nicas, que asumieron el rol que ten\u00edan asignado en Centro Europa las orquestas.<\/p>\n<p style=\"text-align: left;\">La ciudad que mantiene durante a\u00f1os un prestigioso Certamen de Bandas de M\u00fasica se convierte en un icono o referente mundial, no solo para m\u00fasicos amateurs y profesionales, sino que es tambi\u00e9n un polo de atracci\u00f3n para mel\u00f3manos, compositores, directores, empresarios, turistas, etc.<\/p>\n<p style=\"text-align: left;\">Los Cert\u00e1menes de las bandas de m\u00fasica tienen, principalmente, su origen en Espa\u00f1a a finales del siglo XIX. Las Ciudades aprovechaban sus Ferias o Exposiciones para celebrar toda clase de eventos culturales donde no pod\u00eda faltar un Certamen de Bandas de m\u00fasica. La inexperiencia en la organizaci\u00f3n de estos concursos al principio hac\u00eda que en algunos de ellos compitieran Bandas profesionales con Bandas amateurs, o Bandas militares con bandas civiles, bandas con plantillas de 44 versus 80. Una de las Ciudades que tambi\u00e9n comenz\u00f3 en estas lejanas calendas fue Valencia que ha continuado celebrando este prestigioso certamen hasta nuestros d\u00edas.<\/p>\n<p style=\"text-align: left;\">En mi infancia, cuando empec\u00e9 los estudios de solfeo en la Academia de m\u00fasica de mi pueblo, la SAM EL VALLE DE C\u00c0RCER, en las Paredes del local hab\u00eda colgados diferentes cuadros o diplomas de los premios que la Sociedad Musical hab\u00eda cosechado a lo largo de su historia. A m\u00ed me llamaba especialmente la atenci\u00f3n, el Diploma del Certamen de Murcia obtenido en los a\u00f1os 40 del siglo pasado. Cuando preguntaba a los m\u00fasicos veteranos de la Banda como se desarroll\u00f3 el mismo, todos explicaban las vicisitudes del viaje, ensayos, sacrificio, an\u00e9cdotas&#8230;etc. lo cual a m\u00ed me motiv\u00f3 de tal manera que quer\u00eda entrar cuanto antes en la Banda para poder participar un d\u00eda en este \u00a1cautivador Certamen!<\/p>\n<p style=\"text-align: left;\">Tuve contacto con este prestigioso Certamen cuando presidia la Federaci\u00f3n de Bandas de M\u00fasica de la Regi\u00f3n de Murcia el inefable D. Jos\u00e9 S\u00e1nchez C\u00e1novas (el amigo Pepe); fue el que me invit\u00f3 en diversas ocasiones a formar parte del Jurado en esta ciudad. Despu\u00e9s y bajo la Presidencia de su digna sucesora D\u00f1a. Ginesa Zamora Saura, tambi\u00e9n he participado como Jurado del mismo.<\/p>\n<p style=\"text-align: left;\">Por ello puedo dar y doy FE de que en todas las ediciones en las que he participado, tanto los organizadores como los miembros del Jurado, han\u00a0\u00a0 sido muy competentes, lo cual revierte en beneficio del certamen y el prestigio del Consistorio del Excelent\u00edsimo Ayuntamiento de Murcia.<\/p>\n<p style=\"text-align: left;\">Gracias al buen hacer de los organizadores del Certamen, \u00e9ste goza de un gran prestigio a nivel Nacional y pone a esta maravillosa ciudad en boca de todas las entidades musico culturales de la naci\u00f3n. Si en el futuro se diera el paso para convertir este evento en Internacional, sin olvidar la atenci\u00f3n que merecen las Bandas de la Regi\u00f3n; estas tierras se beneficiar\u00edan de la inversi\u00f3n y el reconocimiento mundial.<\/p>\n<p style=\"text-align: left;\">Se ha verbalizado muchas veces la frase de que los &#8220;Cert\u00e1menes si no existieran habr\u00eda que inventarlos&#8221;; obviamente, estoy totalmente de acuerdo con este aserto, toda vez que \u00e9stos sirven para que las Bandas y por ende los M\u00fasicos perfeccionen al m\u00e1ximo sus destrezas y talentos en aras de conseguir la Excelencia art\u00edstica. Por ello y por los beneficios indirectos de los que son portadores estos magnos eventos, no deben dejar de celebrarse, incluso ser\u00eda deseable que se incrementasen.<\/p>\n<p style=\"text-align: left;\">\n<p style=\"text-align: left;\">Josep Mut i Benavent<\/p>\n<p style=\"text-align: left;\">Director de Orquesta y Compositor<\/p>\n<p style=\"text-align: left;\">Barcelona 22 de diciembre de 2022<\/p>\n<script type=\"text\/javascript\">\n\nvar addthis_config = {\"data_track_clickback\":false,\"data_track_addressbar\":false,\"data_track_textcopy\":false,\"ui_atversion\":\"300\"};\nvar addthis_product = 'wpp-3.1';\n<\/script><script type=\"text\/javascript\" src=\"\/\/s7.addthis.com\/js\/300\/addthis_widget.js#pubid=112f3483c90ecf208d9ddb3794c68691\"><\/script>","protected":false},"excerpt":{"rendered":"<p>Todos sabemos que la &#8220;Ilustraci\u00f3n&#8221; en primera instancia, y las bayonetas napole\u00f3nicas en segunda, son el origen de las Bandas de M\u00fasica en Espa\u00f1a; toda vez que las primeras Grandes Bandas de M\u00fasica se escucharon en los desfiles y conciertos que daban las mismas para extender la cultura musical y en especial ganarse las voluntades [&hellip;]<\/p>\n","protected":false},"author":10086,"featured_media":748,"comment_status":"open","ping_status":"closed","sticky":false,"template":"","format":"standard","meta":[],"categories":[4],"tags":[],"_links":{"self":[{"href":"https:\/\/blogs.laverdad.es\/febandasrmurcia\/wp-json\/wp\/v2\/posts\/747"}],"collection":[{"href":"https:\/\/blogs.laverdad.es\/febandasrmurcia\/wp-json\/wp\/v2\/posts"}],"about":[{"href":"https:\/\/blogs.laverdad.es\/febandasrmurcia\/wp-json\/wp\/v2\/types\/post"}],"author":[{"embeddable":true,"href":"https:\/\/blogs.laverdad.es\/febandasrmurcia\/wp-json\/wp\/v2\/users\/10086"}],"replies":[{"embeddable":true,"href":"https:\/\/blogs.laverdad.es\/febandasrmurcia\/wp-json\/wp\/v2\/comments?post=747"}],"version-history":[{"count":2,"href":"https:\/\/blogs.laverdad.es\/febandasrmurcia\/wp-json\/wp\/v2\/posts\/747\/revisions"}],"predecessor-version":[{"id":750,"href":"https:\/\/blogs.laverdad.es\/febandasrmurcia\/wp-json\/wp\/v2\/posts\/747\/revisions\/750"}],"wp:featuredmedia":[{"embeddable":true,"href":"https:\/\/blogs.laverdad.es\/febandasrmurcia\/wp-json\/wp\/v2\/media\/748"}],"wp:attachment":[{"href":"https:\/\/blogs.laverdad.es\/febandasrmurcia\/wp-json\/wp\/v2\/media?parent=747"}],"wp:term":[{"taxonomy":"category","embeddable":true,"href":"https:\/\/blogs.laverdad.es\/febandasrmurcia\/wp-json\/wp\/v2\/categories?post=747"},{"taxonomy":"post_tag","embeddable":true,"href":"https:\/\/blogs.laverdad.es\/febandasrmurcia\/wp-json\/wp\/v2\/tags?post=747"}],"curies":[{"name":"wp","href":"https:\/\/api.w.org\/{rel}","templated":true}]}}