{"id":777,"date":"2023-05-02T13:25:01","date_gmt":"2023-05-02T11:25:01","guid":{"rendered":"https:\/\/blogs.laverdad.es\/febandasrmurcia\/?p=777"},"modified":"2023-05-02T13:44:31","modified_gmt":"2023-05-02T11:44:31","slug":"valores-y-actividad-en-las-bandas-de-musica","status":"publish","type":"post","link":"https:\/\/blogs.laverdad.es\/febandasrmurcia\/2023\/05\/02\/valores-y-actividad-en-las-bandas-de-musica\/","title":{"rendered":"Valores y actividad en las bandas de m\u00fasica."},"content":{"rendered":"<p><span style=\"font-weight: 400;\"><img loading=\"lazy\" class=\"aligncenter wp-image-769 size-large\" src=\"https:\/\/static-blogs.laverdad.es\/wp-content\/uploads\/sites\/139\/2023\/05\/2-Equilibrado-CARTEL-CICLO-2-724x1024.jpg\" alt=\"\" width=\"724\" height=\"1024\" srcset=\"https:\/\/static-blogs.laverdad.es\/wp-content\/uploads\/sites\/139\/2023\/05\/2-Equilibrado-CARTEL-CICLO-2-724x1024.jpg 724w, https:\/\/static-blogs.laverdad.es\/wp-content\/uploads\/sites\/139\/2023\/05\/2-Equilibrado-CARTEL-CICLO-2-212x300.jpg 212w, https:\/\/static-blogs.laverdad.es\/wp-content\/uploads\/sites\/139\/2023\/05\/2-Equilibrado-CARTEL-CICLO-2-768x1086.jpg 768w, https:\/\/static-blogs.laverdad.es\/wp-content\/uploads\/sites\/139\/2023\/05\/2-Equilibrado-CARTEL-CICLO-2.jpg 1587w\" sizes=\"(max-width: 724px) 100vw, 724px\" \/><\/span><\/p>\n<p><span style=\"font-weight: 400;\">La m\u00fasica es un arte y el medio por el cual se permite llegar a desarrollar la inteligencia emocional, fomentando la sociabilidad junto a la tolerancia, la empat\u00eda y el trabajo en equipo. Favorece la creaci\u00f3n de nexos sociales, refuerza el respeto y fortalece la autoestima.<\/span><\/p>\n<p><span style=\"font-weight: 400;\">La m\u00fasica permite evolucionar en<\/span><span style=\"font-weight: 400;\"> la lecci\u00f3n m\u00e1s dif\u00edcil para el ser humano \u2013 aprender a vivir con disciplina, pero tambi\u00e9n con pasi\u00f3n, con libertad y al mismo tiempo con orden \u2013 es evidente en cualquier frase musical. <\/span><span style=\"font-weight: 400;\">\u00a0<\/span><span style=\"font-weight: 400;\">Daniel Barenboim, \u201cEl sonido es vida\u201d<\/span><\/p>\n<p><span style=\"font-weight: 400;\">Los valores que desde esta disciplina se propician, han ido constatando la progresi\u00f3n en el desarrollo personal y grupal, participando de la <\/span><i><span style=\"font-weight: 400;\">magnanimidad<\/span><\/i><span style=\"font-weight: 400;\">, desde donde se generan benevolencia y generosidad, que asociada a la grandeza y elevaci\u00f3n\u00a0 del esp\u00edritu, permiten\u00a0 mostrar\u00a0 una gran honra y generosidad\u00a0 cuando inician una tarea de gran envergadura,\u00a0 trabajando sin importar sus dificultades. Esta virtud humana, es una realidad en las bandas de m\u00fasica, que se postula desde Arist\u00f3teles y de la cual participamos en la praxis y metodolog\u00eda en las asociaciones sin \u00e1nimo de lucro.<\/span><\/p>\n<p><span style=\"font-weight: 400;\">El respeto, constancia, acogida, esfuerzo, capacitaci\u00f3n para la l\u00f3gica matem\u00e1tica, los idiomas, desarrollo personal de la sensibilidad est\u00e9tica, de la ubicaci\u00f3n espacio temporal, la socializaci\u00f3n entre otros valores, que permiten un crecimiento personal aut\u00f3nomo e incluso como apoyo a necesidades\u00a0 especiales.<\/span><\/p>\n<p><span style=\"font-weight: 400;\">El<\/span><i><span style=\"font-weight: 400;\"> respeto<\/span><\/i><span style=\"font-weight: 400;\"> del\u00a0 tiempo al ensayo es muy importante en una banda; muestra el\u00a0 inter\u00e9s personal por el trabajo, el apoyo y el tiempo\u00a0 de las personas, siendo consciente de ser parte de algo m\u00e1s grande y que las fallas y equivocaciones u omisiones, afectaran a los componentes de la banda.<\/span><\/p>\n<p><span style=\"font-weight: 400;\">\u00a0La <\/span><i><span style=\"font-weight: 400;\">constancia<\/span><\/i><span style=\"font-weight: 400;\"> en le estudio de cada d\u00eda,\u00a0 haciendo lo necesario para alcanzar los objetivos como\u00a0 m\u00fasico y de la banda.\u00a0 <\/span><span style=\"font-weight: 400;\">La <\/span><i><span style=\"font-weight: 400;\">acogida <\/span><\/i><span style=\"font-weight: 400;\">y apoyo entre los componentes de la banda;\u00a0 los nuevos m\u00fasicos y aquellos que necesiten apoyos para continuar.<\/span><\/p>\n<p><span style=\"font-weight: 400;\">Todo un camino\u00a0 de <\/span><i><span style=\"font-weight: 400;\">esfuerzo<\/span><\/i><span style=\"font-weight: 400;\"> personal que propicia la integridad y la evoluci\u00f3n de la persona que opta, en su formaci\u00f3n por la m\u00fasica.<\/span><\/p>\n<p><span style=\"font-weight: 400;\">La formaci\u00f3n en la estructura de las bandas de m\u00fasica, se sustentan en la formaci\u00f3n de la Escuela. \u201cSin escuela, no hay banda\u201c\u00a0 y desde ah\u00ed se desarrolla la actividad musical, donde los <\/span><i><span style=\"font-weight: 400;\">festivales<\/span><\/i><span style=\"font-weight: 400;\"> anuales permiten la relaci\u00f3n y convivencia entre las bandas participantes, as\u00ed como disfrutar de las interpretaciones de las bandas y de sus seguidores.<\/span><\/p>\n<p><span style=\"font-weight: 400;\">\u00a0Los Cert\u00e1menes donde la competici\u00f3n entre las bandas participantes, se esfuerzan durante meses en realizar la mejor interpretaci\u00f3n de las obras, elevando el nivel de la banda y la motivaci\u00f3n ante una actividad de trabajo personal y de la banda.<\/span><\/p>\n<p><span style=\"font-weight: 400;\">Los conciertos en tiempos especiales, religiosos (Semana Santa y Navidad) procesiones del Corpus y celebraciones patronales. Las bandas son agentes imprescindibles en las m\u00faltiples fiestas declaradas de Inter\u00e9s Tur\u00edstico (local, regional, nacional e internacional) ser\u00eda dif\u00edcil una Semana Santa sin marcar el ritmo y la marchas que envuelven el paso de tronos y nazarenos.\u00a0<\/span><\/p>\n<p><span style=\"font-weight: 400;\">La Banda Sinf\u00f3nica de la Federaci\u00f3n, formada por m\u00fasicos de las 42 Bandas Federadas, con un nivel de 4\u00ba de Grado Medio, formaci\u00f3n que representa a nuestro colectivo. Actualmente celebramos el 25 Aniversario BSFM.<\/span><\/p>\n<p><span style=\"font-weight: 400;\">El d\u00eda de la Federaci\u00f3n, una jornada de convivencia de todas las bandas participantes en la concentraci\u00f3n, con desfiles, interpretaci\u00f3n conjunta y comida de convivencia.<\/span><\/p>\n<p><span style=\"font-weight: 400;\">Los ciclos de conciertos en el Auditorio, por los que pasan una vez al mes, cada a\u00f1o m\u00e1s de 800 m\u00fasicos los domingos a las doce de la ma\u00f1ana.\u00a0<\/span><\/p>\n<p><span style=\"font-weight: 400;\">El II Ciclo \u201cDe mar, puerto y Bandas\u201d\u00a0 en Cartagena, con motivo del tr\u00e1fico crucerista. Se inicia el 1 de mayo en los H\u00e9roes de Cavite a las 10.00 horas.<\/span><\/p>\n<p><span style=\"font-weight: 400;\">La participaci\u00f3n en todas las fiestas locales de la poblaci\u00f3n de la banda, en pedan\u00edas realizando conciertos y actos donde son requeridos.\u00a0 Participaci\u00f3n con las asociaciones de la localidad y el entorno de las manifestaciones locales aut\u00f3ctonas o en actividades de participaciones tradicionales como moros y cristianos. La solidaridad desde las bandas es una constante, mediante conciertos que favorecen a las asociaciones locales o necesidades demandadas. La realizaci\u00f3n de actividades en los proyectos de las corporaciones locales y del ICA.\u00a0<\/span><\/p>\n<p><span style=\"font-weight: 400;\">Los d\u00edas tem\u00e1ticos culturales como la noche de los museos, el d\u00eda internacional de la m\u00fasica y la celebraci\u00f3n de Santa Cecilia.\u00a0 Las bandas y sus valores con un colectivo formado por el 80% de j\u00f3venes y el resto de m\u00fasicos adultos de todas las edades, vienen realizando anualmente 1.500 actos, \u00a0 dato recogido en el\u00a0 (Estudio del impacto socio-cultural y econ\u00f3mico de la bandas de m\u00fasica asociadas a la Federaci\u00f3n de bandas de m\u00fasica de la Regi\u00f3n de Murcia. Realizado en\u00a0 2018 por la UPCT),\u00a0 las Bandas son espacios de convivencia y desarrollo, que permiten desarrollar desde el\u00a0 altruismo, la din\u00e1mica y metodolog\u00eda en las 42 Bandas Federadas de la Regi\u00f3n de Murcia.<\/span><\/p>\n<p><span style=\"font-weight: 400;\">\u00a0\u00a0\u00a0\u00a0\u00a0\u00a0\u00a0\u00a0\u00a0\u00a0\u00a0\u00a0\u00a0\u00a0\u00a0\u00a0\u00a0\u00a0\u00a0\u00a0\u00a0\u00a0\u00a0\u00a0\u00a0\u00a0\u00a0\u00a0\u00a0\u00a0\u00a0\u00a0\u00a0\u00a0\u00a0\u00a0\u00a0\u00a0\u00a0\u00a0\u00a0\u00a0\u00a0\u00a0\u00a0\u00a0\u00a0\u00a0\u00a0\u00a0\u00a0\u00a0\u00a0\u00a0\u00a0\u00a0\u00a0\u00a0\u00a0\u00a0\u00a0\u00a0\u00a0\u00a0\u00a0\u00a0\u00a0\u00a0\u00a0\u00a0\u00a0\u00a0\u00a0\u00a0\u00a0\u00a0\u00a0\u00a0\u00a0\u00a0\u00a0\u00a0\u00a0\u00a0\u00a0\u00a0\u00a0\u00a0\u00a0\u00a0\u00a0\u00a0Ginesa C. Zamora<\/span><\/p>\n<p>&nbsp;<\/p>\n<script type=\"text\/javascript\">\n\nvar addthis_config = {\"data_track_clickback\":false,\"data_track_addressbar\":false,\"data_track_textcopy\":false,\"ui_atversion\":\"300\"};\nvar addthis_product = 'wpp-3.1';\n<\/script><script type=\"text\/javascript\" src=\"\/\/s7.addthis.com\/js\/300\/addthis_widget.js#pubid=112f3483c90ecf208d9ddb3794c68691\"><\/script>","protected":false},"excerpt":{"rendered":"<p>La m\u00fasica es un arte y el medio por el cual se permite llegar a desarrollar la inteligencia emocional, fomentando la sociabilidad junto a la tolerancia, la empat\u00eda y el trabajo en equipo. Favorece la creaci\u00f3n de nexos sociales, refuerza el respeto y fortalece la autoestima. La m\u00fasica permite evolucionar en la lecci\u00f3n m\u00e1s dif\u00edcil [&hellip;]<\/p>\n","protected":false},"author":10086,"featured_media":0,"comment_status":"open","ping_status":"closed","sticky":false,"template":"","format":"standard","meta":[],"categories":[1],"tags":[],"_links":{"self":[{"href":"https:\/\/blogs.laverdad.es\/febandasrmurcia\/wp-json\/wp\/v2\/posts\/777"}],"collection":[{"href":"https:\/\/blogs.laverdad.es\/febandasrmurcia\/wp-json\/wp\/v2\/posts"}],"about":[{"href":"https:\/\/blogs.laverdad.es\/febandasrmurcia\/wp-json\/wp\/v2\/types\/post"}],"author":[{"embeddable":true,"href":"https:\/\/blogs.laverdad.es\/febandasrmurcia\/wp-json\/wp\/v2\/users\/10086"}],"replies":[{"embeddable":true,"href":"https:\/\/blogs.laverdad.es\/febandasrmurcia\/wp-json\/wp\/v2\/comments?post=777"}],"version-history":[{"count":3,"href":"https:\/\/blogs.laverdad.es\/febandasrmurcia\/wp-json\/wp\/v2\/posts\/777\/revisions"}],"predecessor-version":[{"id":780,"href":"https:\/\/blogs.laverdad.es\/febandasrmurcia\/wp-json\/wp\/v2\/posts\/777\/revisions\/780"}],"wp:attachment":[{"href":"https:\/\/blogs.laverdad.es\/febandasrmurcia\/wp-json\/wp\/v2\/media?parent=777"}],"wp:term":[{"taxonomy":"category","embeddable":true,"href":"https:\/\/blogs.laverdad.es\/febandasrmurcia\/wp-json\/wp\/v2\/categories?post=777"},{"taxonomy":"post_tag","embeddable":true,"href":"https:\/\/blogs.laverdad.es\/febandasrmurcia\/wp-json\/wp\/v2\/tags?post=777"}],"curies":[{"name":"wp","href":"https:\/\/api.w.org\/{rel}","templated":true}]}}