{"id":781,"date":"2023-05-31T11:24:44","date_gmt":"2023-05-31T09:24:44","guid":{"rendered":"https:\/\/blogs.laverdad.es\/febandasrmurcia\/?p=781"},"modified":"2023-05-31T11:24:44","modified_gmt":"2023-05-31T09:24:44","slug":"me-preguntas-por-la-banda-sinfonica-de-la-federacion-pues-asi-nacio","status":"publish","type":"post","link":"https:\/\/blogs.laverdad.es\/febandasrmurcia\/2023\/05\/31\/me-preguntas-por-la-banda-sinfonica-de-la-federacion-pues-asi-nacio\/","title":{"rendered":"\u00bfME PREGUNTAS POR LA BANDA SINF\u00d3NICA DE LA FEDERACI\u00d3N? PUES, AS\u00cd NACI\u00d3."},"content":{"rendered":"<p style=\"text-align: left;\">Corr\u00eda el a\u00f1o 1997, cuando a finales del mes de diciembre (si la memoria no me falla, fue el d\u00eda 27), cuando explot\u00f3 una de las mejores formaciones band\u00edsticas de todo el territorio espa\u00f1ol, pues aunque ya exist\u00eda el antecedente (como siempre) de la federaci\u00f3n valenciana, el hecho nacido ese d\u00eda ser\u00eda \u00fanico e irrepetible: la Banda de M\u00fasica de la Federaci\u00f3n de Bandas de M\u00fasica de la Regi\u00f3n de Murcia hacia su aparici\u00f3n en Murcia, en ese gran auditorio regional, que es el magnifico Centro de Congresos.<\/p>\n<p style=\"text-align: left;\">\nEl nacimiento de esta formaci\u00f3n orquestal, no estuvo ausente de grandes dificultades, tropezones y zancadillas, superadas, una veces por voluntad (\u00bfdivina), y, otras, por el coraje de un hombre merecedor de los m\u00e1s altos aplausos de nuestra federaci\u00f3n: MIGUEL ANGEL CENTENERO GALLEGO.<\/p>\n<p style=\"text-align: left;\">\u00c9se fue el hombre que propici\u00f3 que nuestra Banda Federal tuviese un alumbramiento digno de todos los m\u00fasicos y m\u00fasicas regionales, porque siendo Director General de Cultura, y poni\u00e9ndose, no digo al frente, pero a nuestra par.<\/p>\n<p style=\"text-align: left;\">\nYo, por entonces, era Presidente de la Federaci\u00f3n de Bandas de M\u00fasica de la Regi\u00f3n de Murcia, y, con Jos\u00e9 S\u00e1nchez, a la saz\u00f3n Vicepresidente. fuimos unas cuantas veces a ver a Centenero, que era catedr\u00e1tico del Conservatorio Superior de Murcia, y, aunque no siempre result\u00f3 positiva la presencia de personas como \u00e9l en dichos cargos, no pudo ser m\u00e1s acertada ni m\u00e1s conveniente. Miguel \u00c1ngel Centenero nos dio su mano y, juntos, empezamos a recorrer el dificultoso camino que habr\u00eda de auparnos al<br \/>\n\u00e9xito.<\/p>\n<p style=\"text-align: left;\">\u00bfC\u00f3mo? Est\u00e1 claro que s\u00f3lo con buena voluntad no hubiera sido posible, aunque necesaria; hac\u00eda falta una voluntad resolutiva, capaz de romper el estancamiento en que nuestras Bandas de M\u00fasica se hallaban, y eso fue lo que hizo: con la ley en la mano, darnos lo que esper\u00e1bamos: una important\u00edsima cantidad de dinero y puesta a disposici\u00f3n de la Federaci\u00f3n del poco tiempo atr\u00e1s inaugurado Centro de Congresos de Murcia.<\/p>\n<p style=\"text-align: left;\">As\u00ed que Pepe S\u00e1nchez y un servidor, luego de convocar una reuni\u00f3n de\u00a0Junta Directiva, pon\u00edamos en marcha la Banda federal, pero \u00bfc\u00f3mo?: sin m\u00fasicos, sin organizaci\u00f3n, sin Director \u00bf? El Director fue la clave, pues disponiendo del dinero y del lugar, era preciso correr, ya que no ten\u00edamos demasiado tiempo para ello. Centenero hab\u00eda hecho un esfuerzo extraordinario, y nosotros no pod\u00edamos dejarlo sin la celebraci\u00f3n de ese evento.<\/p>\n<p style=\"text-align: left;\">Para ello, se acord\u00f3 en Junta Directiva que Pepe y yo convoc\u00e1ramos a todos los Directores de Bandas federadas, para tratar de llegar a un consenso y disponer de Director. Sin embargo, la respuesta de los Directores fue escasa (rid\u00edcula). Tan s\u00f3lo cuatro acudieron a la cita. Todo un poema tr\u00e1gico y digno del mejor teatro griego. De manera que comenzamos la\u00a0reuni\u00f3n, siendo rechazada nuestra propuesta, por m\u00e1s que insist\u00edamos en la necesidad de ponerla en marcha. En fin, que no hubo forma de convencer a los asistentes, hasta que ya, a punto de irnos, el m\u00e1s joven de los Directores all\u00ed presentes, se atrevi\u00f3 a decir que \u00e9l, si no hab\u00eda otro que quisiera dirigir la Banda de la Federaci\u00f3n, s\u00ed se hacia a cargo de ella, lo que a Pepe y a mi, nos supo a m\u00fasica celestial, venida del mism\u00edsimo cielo.<\/p>\n<p style=\"text-align: left;\">Pero lleg\u00f3 el gran d\u00eda, el de la presentaci\u00f3n de la Banda Sinf\u00f3nica de la Regi\u00f3n de Murcia, dirigida por el joven \u00c1ngel Quereda Barcel\u00f3, con un programa del que s\u00f3lo recuerdo &#8220;Un americano en Par\u00eds&#8221; (de George Gershwin), que son\u00f3 como una maravillosa pieza arrancada de los mism\u00edsimos corazones de cada uno de los m\u00fasicos actuantes, con la p\u00e9rdida de la batuta del Director, en un lance emotivo, que le supuso tener que finalizar la obra a mano. Fue un aut\u00e9ntico \u00e9xito, que servir\u00eda de acicate para poder trasladar a dicha Banda por toda Regi\u00f3n de Murcia y de fuera de ella.<\/p>\n<p style=\"text-align: left;\">Lo hab\u00edamos conseguido, con gran esfuerzo, sobre todo, de los m\u00fasicos, que procedentes de toda nuestra Regi\u00f3n supieron imponerse a las adversidades y dar una respuesta rotunda y convincente para el futuro. Las ocasiones son para ser aprovechadas.\u00a0Doy gracias a todos los compa\u00f1eros de la Junta Directiva de la Federaci\u00f3n, as\u00ed como a los m\u00fasicos, Bandas de M\u00fasica de la Regi\u00f3n y a la sociedad<br \/>\nmurciana en general, ya que, sin su decidida participaci\u00f3n, no hubiera sido posible este acontecimiento.<\/p>\n<p style=\"text-align: left;\">Isidoro Jes\u00fas Mart\u00ednez L\u00f3pez.<\/p>\n<p style=\"text-align: left;\">Expresidente de la Federaci\u00f3n de Bandas de M\u00fasica de la Regi\u00f3n Murcia y expresidente de la Confederaci\u00f3n Espa\u00f1ola de Sociedades<br \/>\nMusicales. Presidente de la Asociaci\u00f3n Amigos de la M\u00fasica de Torre Pacheco.<\/p>\n<script type=\"text\/javascript\">\n\nvar addthis_config = {\"data_track_clickback\":false,\"data_track_addressbar\":false,\"data_track_textcopy\":false,\"ui_atversion\":\"300\"};\nvar addthis_product = 'wpp-3.1';\n<\/script><script type=\"text\/javascript\" src=\"\/\/s7.addthis.com\/js\/300\/addthis_widget.js#pubid=112f3483c90ecf208d9ddb3794c68691\"><\/script>","protected":false},"excerpt":{"rendered":"<p>Corr\u00eda el a\u00f1o 1997, cuando a finales del mes de diciembre (si la memoria no me falla, fue el d\u00eda 27), cuando explot\u00f3 una de las mejores formaciones band\u00edsticas de todo el territorio espa\u00f1ol, pues aunque ya exist\u00eda el antecedente (como siempre) de la federaci\u00f3n valenciana, el hecho nacido ese d\u00eda ser\u00eda \u00fanico e irrepetible: [&hellip;]<\/p>\n","protected":false},"author":10086,"featured_media":0,"comment_status":"open","ping_status":"closed","sticky":false,"template":"","format":"standard","meta":[],"categories":[1],"tags":[],"_links":{"self":[{"href":"https:\/\/blogs.laverdad.es\/febandasrmurcia\/wp-json\/wp\/v2\/posts\/781"}],"collection":[{"href":"https:\/\/blogs.laverdad.es\/febandasrmurcia\/wp-json\/wp\/v2\/posts"}],"about":[{"href":"https:\/\/blogs.laverdad.es\/febandasrmurcia\/wp-json\/wp\/v2\/types\/post"}],"author":[{"embeddable":true,"href":"https:\/\/blogs.laverdad.es\/febandasrmurcia\/wp-json\/wp\/v2\/users\/10086"}],"replies":[{"embeddable":true,"href":"https:\/\/blogs.laverdad.es\/febandasrmurcia\/wp-json\/wp\/v2\/comments?post=781"}],"version-history":[{"count":1,"href":"https:\/\/blogs.laverdad.es\/febandasrmurcia\/wp-json\/wp\/v2\/posts\/781\/revisions"}],"predecessor-version":[{"id":782,"href":"https:\/\/blogs.laverdad.es\/febandasrmurcia\/wp-json\/wp\/v2\/posts\/781\/revisions\/782"}],"wp:attachment":[{"href":"https:\/\/blogs.laverdad.es\/febandasrmurcia\/wp-json\/wp\/v2\/media?parent=781"}],"wp:term":[{"taxonomy":"category","embeddable":true,"href":"https:\/\/blogs.laverdad.es\/febandasrmurcia\/wp-json\/wp\/v2\/categories?post=781"},{"taxonomy":"post_tag","embeddable":true,"href":"https:\/\/blogs.laverdad.es\/febandasrmurcia\/wp-json\/wp\/v2\/tags?post=781"}],"curies":[{"name":"wp","href":"https:\/\/api.w.org\/{rel}","templated":true}]}}