{"id":811,"date":"2024-04-29T17:05:59","date_gmt":"2024-04-29T15:05:59","guid":{"rendered":"https:\/\/blogs.laverdad.es\/febandasrmurcia\/?p=811"},"modified":"2024-05-01T17:19:02","modified_gmt":"2024-05-01T15:19:02","slug":"la-agrupacion-musical-de-beniajan-deslumbra-en-el-auditorio-victor-villegas-de-murcia-con-un-repertorio-desafiante-y-emotivo","status":"publish","type":"post","link":"https:\/\/blogs.laverdad.es\/febandasrmurcia\/2024\/04\/29\/la-agrupacion-musical-de-beniajan-deslumbra-en-el-auditorio-victor-villegas-de-murcia-con-un-repertorio-desafiante-y-emotivo\/","title":{"rendered":"La Agrupaci\u00f3n Musical de Beniaj\u00e1n deslumbra en el Auditorio V\u00edctor Villegas de Murcia con un repertorio desafiante y emotivo"},"content":{"rendered":"<p style=\"text-align: right;\">Murcia, 29 de abril de 2024<\/p>\n<p>En una ma\u00f1ana que promet\u00eda emociones musicales inolvidables, la Agrupaci\u00f3n Musical\u00a0de Beniaj\u00e1n, bajo la batuta de su director titular Jos\u00e9 Mar\u00eda Gonz\u00e1lez Olivares, hizo vibrar el\u00a0Auditorio V\u00edctor Villegas de Murcia con un repertorio que desafi\u00f3 los l\u00edmites de la t\u00e9cnica y la<br \/>\nsensibilidad auditiva.<\/p>\n<p><img loading=\"lazy\" class=\"alignnone wp-image-812 size-large\" src=\"https:\/\/static-blogs.laverdad.es\/wp-content\/uploads\/sites\/139\/2024\/05\/WhatsApp-Image-2024-04-29-at-20.48.48-1024x768.jpeg\" alt=\"\" width=\"1024\" height=\"768\" srcset=\"https:\/\/static-blogs.laverdad.es\/wp-content\/uploads\/sites\/139\/2024\/05\/WhatsApp-Image-2024-04-29-at-20.48.48-1024x768.jpeg 1024w, https:\/\/static-blogs.laverdad.es\/wp-content\/uploads\/sites\/139\/2024\/05\/WhatsApp-Image-2024-04-29-at-20.48.48-300x225.jpeg 300w, https:\/\/static-blogs.laverdad.es\/wp-content\/uploads\/sites\/139\/2024\/05\/WhatsApp-Image-2024-04-29-at-20.48.48-768x576.jpeg 768w, https:\/\/static-blogs.laverdad.es\/wp-content\/uploads\/sites\/139\/2024\/05\/WhatsApp-Image-2024-04-29-at-20.48.48.jpeg 1600w\" sizes=\"(max-width: 1024px) 100vw, 1024px\" \/><\/p>\n<p>El punto de inicio fue el estreno en Espa\u00f1a del concierto para dos clarinetes y banda de\u00a0Michele Mangani, una obra que exige precisi\u00f3n, sincronizaci\u00f3n y un virtuosismo excepcional.\u00a0Los solistas Jos\u00e9 David Mercader Pellicer y Nicol\u00e1s G\u00e1lvez L\u00f3pez brillaron en cada pasaje,\u00a0llevando al p\u00fablico por un viaje emocional a trav\u00e9s de la complejidad y la belleza de esta\u00a0composici\u00f3n contempor\u00e1nea.<\/p>\n<p>La segunda pieza en el programa, la suite sinf\u00f3nica de la \u00f3pera &#8220;La Boh\u00e8me&#8221; de Giacomo\u00a0Puccini, en una transcripci\u00f3n y arreglo magistral del compositor Christiaan Janssen, transport\u00f3\u00a0a la audiencia al coraz\u00f3n de la \u00f3pera, evocando los sentimientos m\u00e1s profundos de amor,\u00a0p\u00e9rdida y pasi\u00f3n que caracterizan esta obra maestra.<\/p>\n<p><img loading=\"lazy\" class=\"alignnone wp-image-815 size-large\" src=\"https:\/\/static-blogs.laverdad.es\/wp-content\/uploads\/sites\/139\/2024\/05\/WhatsApp-Image-2024-04-29-at-20.52.08-1024x683.jpeg\" alt=\"\" width=\"1024\" height=\"683\" srcset=\"https:\/\/static-blogs.laverdad.es\/wp-content\/uploads\/sites\/139\/2024\/05\/WhatsApp-Image-2024-04-29-at-20.52.08-1024x683.jpeg 1024w, https:\/\/static-blogs.laverdad.es\/wp-content\/uploads\/sites\/139\/2024\/05\/WhatsApp-Image-2024-04-29-at-20.52.08-300x200.jpeg 300w, https:\/\/static-blogs.laverdad.es\/wp-content\/uploads\/sites\/139\/2024\/05\/WhatsApp-Image-2024-04-29-at-20.52.08-768x512.jpeg 768w\" sizes=\"(max-width: 1024px) 100vw, 1024px\" \/><br \/>\nPero la sorpresa y el deleite no terminaron ah\u00ed. La Agrupaci\u00f3n Musical de Beniaj\u00e1n\u00a0demostr\u00f3 su versatilidad al interpretar el &#8220;Po\u00e8me du Feu&#8221; de la compositora francesa Ida\u00a0Gotkovsky, una pieza desafiante que exige un control t\u00e9cnico impecable y una comprensi\u00f3n\u00a0profunda de la narrativa musical. Con cada nota, el conjunto orquestal llev\u00f3 al p\u00fablico a un viaje\u00a0emocional a trav\u00e9s de paisajes sonoros vibrantes y cautivadores.<\/p>\n<p>Como regalo para el p\u00fablico, la agrupaci\u00f3n ofreci\u00f3 el Intermezzo de &#8220;L\u00b4Amico Fritz&#8221; de\u00a0Pietro Mascagni, una joya mel\u00f3dica que resuena con la calidez y la nostalgia del romanticismo\u00a0italiano, capturando la esencia de la pasi\u00f3n y el amor en su forma m\u00e1s pura.<\/p>\n<p>El p\u00fablico, compuesto por amantes de la m\u00fasica y mel\u00f3manos, amigos de Torre Pacheco\u00a0y Beniaj\u00e1n, no escatim\u00f3 en aplausos y ovaciones para expresar su admiraci\u00f3n y gratitud hacia\u00a0los m\u00fasicos y su director, cuya dedicaci\u00f3n y talento han elevado el arte musical a nuevas alturas<br \/>\nen la regi\u00f3n.<\/p>\n<p><img loading=\"lazy\" class=\"wp-image-819 alignright\" src=\"https:\/\/static-blogs.laverdad.es\/wp-content\/uploads\/sites\/139\/2024\/05\/WhatsApp-Image-2024-04-29-at-20.52.09-4-300x169.jpeg\" alt=\"\" width=\"400\" height=\"225\" srcset=\"https:\/\/static-blogs.laverdad.es\/wp-content\/uploads\/sites\/139\/2024\/05\/WhatsApp-Image-2024-04-29-at-20.52.09-4-300x169.jpeg 300w, https:\/\/static-blogs.laverdad.es\/wp-content\/uploads\/sites\/139\/2024\/05\/WhatsApp-Image-2024-04-29-at-20.52.09-4-768x432.jpeg 768w, https:\/\/static-blogs.laverdad.es\/wp-content\/uploads\/sites\/139\/2024\/05\/WhatsApp-Image-2024-04-29-at-20.52.09-4-1024x576.jpeg 1024w, https:\/\/static-blogs.laverdad.es\/wp-content\/uploads\/sites\/139\/2024\/05\/WhatsApp-Image-2024-04-29-at-20.52.09-4.jpeg 1600w\" sizes=\"(max-width: 400px) 100vw, 400px\" \/><\/p>\n<p>Sin duda el ciclo de bandas de m\u00fasica en el auditorio es un referente que se debe\u00a0continuar y potenciar m\u00e1s desde instituciones pol\u00edticas y art\u00edsticas para su realizaci\u00f3n y\u00a0profesionalizaci\u00f3n, con el fin de mostrar el potencial cultural, band\u00edstico y humano que en\u00a0nuestra regi\u00f3n abunda en las escuelas y bandas de m\u00fasica.<\/p>\n<p>&nbsp;<\/p>\n<p><img loading=\"lazy\" class=\"wp-image-817 alignleft\" src=\"https:\/\/static-blogs.laverdad.es\/wp-content\/uploads\/sites\/139\/2024\/05\/WhatsApp-Image-2024-04-29-at-20.52.09-2-300x169.jpeg\" alt=\"\" width=\"401\" height=\"226\" srcset=\"https:\/\/static-blogs.laverdad.es\/wp-content\/uploads\/sites\/139\/2024\/05\/WhatsApp-Image-2024-04-29-at-20.52.09-2-300x169.jpeg 300w, https:\/\/static-blogs.laverdad.es\/wp-content\/uploads\/sites\/139\/2024\/05\/WhatsApp-Image-2024-04-29-at-20.52.09-2-768x432.jpeg 768w, https:\/\/static-blogs.laverdad.es\/wp-content\/uploads\/sites\/139\/2024\/05\/WhatsApp-Image-2024-04-29-at-20.52.09-2-1024x576.jpeg 1024w, https:\/\/static-blogs.laverdad.es\/wp-content\/uploads\/sites\/139\/2024\/05\/WhatsApp-Image-2024-04-29-at-20.52.09-2.jpeg 1600w\" sizes=\"(max-width: 401px) 100vw, 401px\" \/><\/p>\n<p>&nbsp;<\/p>\n<p>La Agrupaci\u00f3n Musical de Beniaj\u00e1n contin\u00faa demostrando su excelencia art\u00edstica y su\u00a0compromiso con la difusi\u00f3n de la cultura musical, consolid\u00e1ndose como un referente\u00a0indiscutible en el panorama musical de Murcia y m\u00e1s all\u00e1. Sin duda, esta memorable actuaci\u00f3n\u00a0en el Auditorio V\u00edctor Villegas ser\u00e1 recordada en su trayectoria, dejando una huella imborrable\u00a0en el coraz\u00f3n de todos los presentes.<\/p>\n<p>&nbsp;<\/p>\n<p style=\"text-align: right;\">Agrupaci\u00f3n Musical de Beniaj\u00e1n<br \/>\nJos\u00e9 Mar\u00eda Gonz\u00e1lez<\/p>\n<p>&nbsp;<\/p>\n<p><img loading=\"lazy\" class=\"wp-image-822 aligncenter\" src=\"https:\/\/static-blogs.laverdad.es\/wp-content\/uploads\/sites\/139\/2024\/05\/WhatsApp-Image-2024-04-29-at-20.52.09-1-300x169.jpeg\" alt=\"\" width=\"500\" height=\"281\" srcset=\"https:\/\/static-blogs.laverdad.es\/wp-content\/uploads\/sites\/139\/2024\/05\/WhatsApp-Image-2024-04-29-at-20.52.09-1-300x169.jpeg 300w, https:\/\/static-blogs.laverdad.es\/wp-content\/uploads\/sites\/139\/2024\/05\/WhatsApp-Image-2024-04-29-at-20.52.09-1-768x432.jpeg 768w, https:\/\/static-blogs.laverdad.es\/wp-content\/uploads\/sites\/139\/2024\/05\/WhatsApp-Image-2024-04-29-at-20.52.09-1-1024x576.jpeg 1024w, https:\/\/static-blogs.laverdad.es\/wp-content\/uploads\/sites\/139\/2024\/05\/WhatsApp-Image-2024-04-29-at-20.52.09-1.jpeg 1600w\" sizes=\"(max-width: 500px) 100vw, 500px\" \/><\/p>\n<script type=\"text\/javascript\">\n\nvar addthis_config = {\"data_track_clickback\":false,\"data_track_addressbar\":false,\"data_track_textcopy\":false,\"ui_atversion\":\"300\"};\nvar addthis_product = 'wpp-3.1';\n<\/script><script type=\"text\/javascript\" src=\"\/\/s7.addthis.com\/js\/300\/addthis_widget.js#pubid=112f3483c90ecf208d9ddb3794c68691\"><\/script>","protected":false},"excerpt":{"rendered":"<p>Murcia, 29 de abril de 2024 En una ma\u00f1ana que promet\u00eda emociones musicales inolvidables, la Agrupaci\u00f3n Musical\u00a0de Beniaj\u00e1n, bajo la batuta de su director titular Jos\u00e9 Mar\u00eda Gonz\u00e1lez Olivares, hizo vibrar el\u00a0Auditorio V\u00edctor Villegas de Murcia con un repertorio que desafi\u00f3 los l\u00edmites de la t\u00e9cnica y la sensibilidad auditiva. El punto de inicio fue [&hellip;]<\/p>\n","protected":false},"author":10086,"featured_media":0,"comment_status":"open","ping_status":"closed","sticky":false,"template":"","format":"standard","meta":[],"categories":[1],"tags":[],"_links":{"self":[{"href":"https:\/\/blogs.laverdad.es\/febandasrmurcia\/wp-json\/wp\/v2\/posts\/811"}],"collection":[{"href":"https:\/\/blogs.laverdad.es\/febandasrmurcia\/wp-json\/wp\/v2\/posts"}],"about":[{"href":"https:\/\/blogs.laverdad.es\/febandasrmurcia\/wp-json\/wp\/v2\/types\/post"}],"author":[{"embeddable":true,"href":"https:\/\/blogs.laverdad.es\/febandasrmurcia\/wp-json\/wp\/v2\/users\/10086"}],"replies":[{"embeddable":true,"href":"https:\/\/blogs.laverdad.es\/febandasrmurcia\/wp-json\/wp\/v2\/comments?post=811"}],"version-history":[{"count":7,"href":"https:\/\/blogs.laverdad.es\/febandasrmurcia\/wp-json\/wp\/v2\/posts\/811\/revisions"}],"predecessor-version":[{"id":823,"href":"https:\/\/blogs.laverdad.es\/febandasrmurcia\/wp-json\/wp\/v2\/posts\/811\/revisions\/823"}],"wp:attachment":[{"href":"https:\/\/blogs.laverdad.es\/febandasrmurcia\/wp-json\/wp\/v2\/media?parent=811"}],"wp:term":[{"taxonomy":"category","embeddable":true,"href":"https:\/\/blogs.laverdad.es\/febandasrmurcia\/wp-json\/wp\/v2\/categories?post=811"},{"taxonomy":"post_tag","embeddable":true,"href":"https:\/\/blogs.laverdad.es\/febandasrmurcia\/wp-json\/wp\/v2\/tags?post=811"}],"curies":[{"name":"wp","href":"https:\/\/api.w.org\/{rel}","templated":true}]}}