{"id":824,"date":"2024-03-02T17:22:16","date_gmt":"2024-03-02T16:22:16","guid":{"rendered":"https:\/\/blogs.laverdad.es\/febandasrmurcia\/?p=824"},"modified":"2024-05-01T17:26:09","modified_gmt":"2024-05-01T15:26:09","slug":"la-federacion-de-bandas-de-musica-de-la-region-de-murcia-40-anos-estrechando-lazos","status":"publish","type":"post","link":"https:\/\/blogs.laverdad.es\/febandasrmurcia\/2024\/03\/02\/la-federacion-de-bandas-de-musica-de-la-region-de-murcia-40-anos-estrechando-lazos\/","title":{"rendered":"La Federaci\u00f3n de Bandas de M\u00fasica de la Regi\u00f3n de Murcia, 40 a\u00f1os estrechando lazos."},"content":{"rendered":"<p><img loading=\"lazy\" class=\"aligncenter wp-image-825 size-full\" src=\"https:\/\/static-blogs.laverdad.es\/wp-content\/uploads\/sites\/139\/2024\/05\/FEDERACI\u00d3N-2.png\" alt=\"\" width=\"791\" height=\"524\" srcset=\"https:\/\/static-blogs.laverdad.es\/wp-content\/uploads\/sites\/139\/2024\/05\/FEDERACI\u00d3N-2.png 791w, https:\/\/static-blogs.laverdad.es\/wp-content\/uploads\/sites\/139\/2024\/05\/FEDERACI\u00d3N-2-300x199.png 300w, https:\/\/static-blogs.laverdad.es\/wp-content\/uploads\/sites\/139\/2024\/05\/FEDERACI\u00d3N-2-768x509.png 768w\" sizes=\"(max-width: 791px) 100vw, 791px\" \/><\/p>\n<p>&nbsp;<\/p>\n<p>En un tiempo de prisas, de tensiones, de intereses creados y de cambio permanente resplandece como una luz un colectivo humanista y diferente: la Federaci\u00f3n de Bandas de M\u00fasica de la Regi\u00f3n de Murcia, que cumple ahora cuarenta a\u00f1os de estrechar lazos y abrir fronteras para conseguir la convivencia arm\u00f3nica, el desarrollo de la cultura y el reconocimiento general del talento de nuestros m\u00fasicos.<\/p>\n<p>La Federaci\u00f3n de Bandas de M\u00fasica de la Regi\u00f3n de Murcia, con sede en la musicalmente hist\u00f3rica pedan\u00eda murciana de Guadalupe, es un ejemplo de acci\u00f3n pedag\u00f3gica y cultural de vanguardia que tiene por objetivo conseguir una mayor difusi\u00f3n y conocimiento del colectivo de bandas de m\u00fasica, con el fin de ser embajadores de la Regi\u00f3n de Murcia, contando para ello con <strong>la Banda Sinf\u00f3nica de la Federaci\u00f3n<\/strong>, compuesta por alrededor de 100 m\u00fasicos federados que representan a los mejores instrumentistas de cada banda. La Federaci\u00f3n sirve como nexo de uni\u00f3n entre todas las bandas de m\u00fasica para aunar criterios que hagan que los m\u00fasicos y la m\u00fasica murciana se encuentren en el lugar que por profesionalidad y buen hacer les corresponde estar.<\/p>\n<p>Entre las numerosas actividades que la Federaci\u00f3n lleva a cabo hemos de destacar la formaci\u00f3n de futuros grandes m\u00fasicos; y la organizaci\u00f3n de actividades tales como ciclos de conciertos, cert\u00e1menes nacionales y regionales, festivales, debates, cursos de formaci\u00f3n y participaci\u00f3n en desfiles pasionales y eventos variados. Tambi\u00e9n la realizaci\u00f3n de acciones en pro de los colectivos m\u00e1s desfavorecidos de nuestra sociedad y de la tercera edad, desarrollando de manera altruista conciertos variados. La Federaci\u00f3n representa fuera de nuestra Comunidad a este numeroso colectivo de m\u00fasicos en las asambleas que se realizan a nivel nacional.<\/p>\n<p>Su ya dilatada historia comenz\u00f3 en la reuni\u00f3n de Jumilla del 12 de noviembre de 1983, seguida de la celebrada en Beniaj\u00e1n el 17 de diciembre de ese mismo a\u00f1o, surgiendo la idea fundacional y un proyecto de estatutos. El d\u00eda 11 de febrero de 1984 en la ciudad de Mula se celebr\u00f3 la asamblea general constituyente, que estuvo presidida por D. Fernando Belijar y D. Daniel Montalb\u00e1n, presidentes respectivamente de la Agrupaci\u00f3n Musical Mule\u00f1a y Ntra. Sra. de los Remedios de Pliego. Estuvieron presentes los representantes de las bandas de Jumilla, Cabezo de Torres, Beniaj\u00e1n, Mula, Pozo Estrecho, Totana, Alhama de Murcia y Pliego; justificando su ausencia Calasparra y \u00c1guilas. El 11 de mayo de 1984 se legalizan los Estatutos con el n\u00famero 12\/2 del registro de Asociaciones.<\/p>\n<p><img loading=\"lazy\" class=\"aligncenter wp-image-826 size-medium\" src=\"https:\/\/static-blogs.laverdad.es\/wp-content\/uploads\/sites\/139\/2024\/05\/DISE\u00d1O-1-255x300.jpg\" alt=\"\" width=\"255\" height=\"300\" srcset=\"https:\/\/static-blogs.laverdad.es\/wp-content\/uploads\/sites\/139\/2024\/05\/DISE\u00d1O-1-255x300.jpg 255w, https:\/\/static-blogs.laverdad.es\/wp-content\/uploads\/sites\/139\/2024\/05\/DISE\u00d1O-1-768x902.jpg 768w, https:\/\/static-blogs.laverdad.es\/wp-content\/uploads\/sites\/139\/2024\/05\/DISE\u00d1O-1-872x1024.jpg 872w, https:\/\/static-blogs.laverdad.es\/wp-content\/uploads\/sites\/139\/2024\/05\/DISE\u00d1O-1.jpg 941w\" sizes=\"(max-width: 255px) 100vw, 255px\" \/><\/p>\n<p><strong>El 2 de junio de 1984 quedaba definitivamente constituida la Federaci\u00f3n de Bandas de M\u00fasica de la Regi\u00f3n de Murcia<\/strong> en la asamblea de Cabezo de Torres, donde se aprob\u00f3 tambi\u00e9n la celebraci\u00f3n del <strong>D\u00eda de la Federaci\u00f3n<\/strong>, que se desarrolla desde 1990 una vez al a\u00f1o con gran \u00e9xito, viviendo el colectivo un gran auge desde comienzos del nuevo milenio con la incorporaci\u00f3n de nuevas bandas, de forma que son ya 42 las federadas, representando de una forma activa a <strong>5.000 m\u00fasicos y 10.000 educandos, que forman parte de un din\u00e1mico colectivo de 50.000 personas de todos los rincones de la Regi\u00f3n<\/strong>, manteniendo los viejos principios fundacionales y desarrollando con las nuevas tecnolog\u00edas de la comunicaci\u00f3n nuevas formas de conseguir los objetivos de profesionalizar, ajustar a la legislaci\u00f3n vigente y potenciar la labor de las diferentes bandas, escuelas y agrupaciones musicales, siendo adem\u00e1s el mejor vivero para la formaci\u00f3n de grandes m\u00fasicos.<\/p>\n<p>La Federaci\u00f3n cumple 40 a\u00f1os y, en estos tiempos cambiantes y problem\u00e1ticos, permanece como uno de los m\u00e1s s\u00f3lidos colectivos culturales y humanos de nuestra Regi\u00f3n, contin\u00faa estrechando lazos y llevando la m\u00fasica a nuestros corazones.<\/p>\n<p>&nbsp;<\/p>\n<p style=\"text-align: right;\"><em>Texto: Francisco Jos\u00e9 Franco\/Dise\u00f1o gr\u00e1fico: Joaquina L\u00f3pez. <\/em><\/p>\n<script type=\"text\/javascript\">\n\nvar addthis_config = {\"data_track_clickback\":false,\"data_track_addressbar\":false,\"data_track_textcopy\":false,\"ui_atversion\":\"300\"};\nvar addthis_product = 'wpp-3.1';\n<\/script><script type=\"text\/javascript\" src=\"\/\/s7.addthis.com\/js\/300\/addthis_widget.js#pubid=112f3483c90ecf208d9ddb3794c68691\"><\/script>","protected":false},"excerpt":{"rendered":"<p>&nbsp; En un tiempo de prisas, de tensiones, de intereses creados y de cambio permanente resplandece como una luz un colectivo humanista y diferente: la Federaci\u00f3n de Bandas de M\u00fasica de la Regi\u00f3n de Murcia, que cumple ahora cuarenta a\u00f1os de estrechar lazos y abrir fronteras para conseguir la convivencia arm\u00f3nica, el desarrollo de la [&hellip;]<\/p>\n","protected":false},"author":10086,"featured_media":0,"comment_status":"open","ping_status":"closed","sticky":false,"template":"","format":"standard","meta":[],"categories":[1],"tags":[],"_links":{"self":[{"href":"https:\/\/blogs.laverdad.es\/febandasrmurcia\/wp-json\/wp\/v2\/posts\/824"}],"collection":[{"href":"https:\/\/blogs.laverdad.es\/febandasrmurcia\/wp-json\/wp\/v2\/posts"}],"about":[{"href":"https:\/\/blogs.laverdad.es\/febandasrmurcia\/wp-json\/wp\/v2\/types\/post"}],"author":[{"embeddable":true,"href":"https:\/\/blogs.laverdad.es\/febandasrmurcia\/wp-json\/wp\/v2\/users\/10086"}],"replies":[{"embeddable":true,"href":"https:\/\/blogs.laverdad.es\/febandasrmurcia\/wp-json\/wp\/v2\/comments?post=824"}],"version-history":[{"count":2,"href":"https:\/\/blogs.laverdad.es\/febandasrmurcia\/wp-json\/wp\/v2\/posts\/824\/revisions"}],"predecessor-version":[{"id":828,"href":"https:\/\/blogs.laverdad.es\/febandasrmurcia\/wp-json\/wp\/v2\/posts\/824\/revisions\/828"}],"wp:attachment":[{"href":"https:\/\/blogs.laverdad.es\/febandasrmurcia\/wp-json\/wp\/v2\/media?parent=824"}],"wp:term":[{"taxonomy":"category","embeddable":true,"href":"https:\/\/blogs.laverdad.es\/febandasrmurcia\/wp-json\/wp\/v2\/categories?post=824"},{"taxonomy":"post_tag","embeddable":true,"href":"https:\/\/blogs.laverdad.es\/febandasrmurcia\/wp-json\/wp\/v2\/tags?post=824"}],"curies":[{"name":"wp","href":"https:\/\/api.w.org\/{rel}","templated":true}]}}