{"id":829,"date":"2024-05-11T18:19:20","date_gmt":"2024-05-11T16:19:20","guid":{"rendered":"https:\/\/blogs.laverdad.es\/febandasrmurcia\/?p=829"},"modified":"2024-05-11T18:19:20","modified_gmt":"2024-05-11T16:19:20","slug":"iii-ciclo-de-conciertos-de-mar-puerto-y-bandas","status":"publish","type":"post","link":"https:\/\/blogs.laverdad.es\/febandasrmurcia\/2024\/05\/11\/iii-ciclo-de-conciertos-de-mar-puerto-y-bandas\/","title":{"rendered":"III Ciclo de conciertos &#8220;De mar, puerto y bandas&#8221;"},"content":{"rendered":"<p dir=\"ltr\">En un a\u00f1o hist\u00f3rico, de celebraciones y m\u00faltiples eventos, la\u00a0<strong>Federaci\u00f3n de Bandas de M\u00fasica de la Regi\u00f3n de Murcia<\/strong>, en virtud del acuerdo de patrocinio con la Autoridad Portuaria de Cartagena y la colaboraci\u00f3n del Ayuntamiento de dicho municipio, se realizar\u00e1 el <strong>tercer\u00a0Ciclo de conciertos\u00a0&#8220;De mar, puerto y bandas&#8221;<\/strong>, lo cual supondr\u00e1 una gozosa novedad por la existencia en la ciudad de una singular actividad tur\u00edstica y por lo que la m\u00fasica supone siempre en las relaciones humanas.<\/p>\n<p dir=\"ltr\">La concentraci\u00f3n de miles de personas del turismo crucerista y variada procedencia en el tri\u00e1ngulo que forman el puerto, el Palacio Consistorial y el edificio de la Autoridad Portuaria, sumados a los que atrae siempre la m\u00fasica, genera un ambiente grato que concentrar\u00e1 a unas 6000 personas en los diferentes d\u00edas de concierto, programados todos ellos a las\u00a0<strong>10 de la ma\u00f1ana\u00a0<\/strong>en la explanada de los <strong>H\u00e9roes de Cavite<\/strong> para los siguientes d\u00edas:<\/p>\n<p dir=\"ltr\"><strong>-Domingo 12 de mayo: Banda Municipal de Cieza.<\/strong><\/p>\n<p dir=\"ltr\"><strong>-Domingo 23 de junio: Agrupaci\u00f3n Musical de Caravaca de la Cruz.<\/strong><\/p>\n<p dir=\"ltr\"><strong>-S\u00e1bado 14 de septiembre: Uni\u00f3n Musical de Torre Pacheco.<\/strong><\/p>\n<p dir=\"ltr\"><strong>-Domingo 27 de octubre: Asociaci\u00f3n de Amigos de la M\u00fasica de Lorqu\u00ed.<\/strong><\/p>\n<p dir=\"ltr\"><strong>-Domingo 3 de noviembre: Agrupaci\u00f3n Musical Nuestra\u00a0 Se\u00f1ora del Pasico\u00a0 de Torre Pacheco.<\/strong><\/p>\n<p dir=\"ltr\"><strong>-Domingo 1 de diciembre: Sociedad Art\u00edstico Musical \u201cSanta Cecilia\u201d de Pozo Estrecho.<\/strong><\/p>\n<p dir=\"ltr\">La programaci\u00f3n de estos conciertos supone una gran actividad de promoci\u00f3n y acogida a cuantos nos visitan a nivel internacional, nacional y regional; de forma especial en las localidades de las bandas de m\u00fasica.<\/p>\n<p dir=\"ltr\" style=\"text-align: right;\">Francisco Jos\u00e9 Franco<\/p>\n<script type=\"text\/javascript\">\n\nvar addthis_config = {\"data_track_clickback\":false,\"data_track_addressbar\":false,\"data_track_textcopy\":false,\"ui_atversion\":\"300\"};\nvar addthis_product = 'wpp-3.1';\n<\/script><script type=\"text\/javascript\" src=\"\/\/s7.addthis.com\/js\/300\/addthis_widget.js#pubid=112f3483c90ecf208d9ddb3794c68691\"><\/script>","protected":false},"excerpt":{"rendered":"<p>En un a\u00f1o hist\u00f3rico, de celebraciones y m\u00faltiples eventos, la\u00a0Federaci\u00f3n de Bandas de M\u00fasica de la Regi\u00f3n de Murcia, en virtud del acuerdo de patrocinio con la Autoridad Portuaria de Cartagena y la colaboraci\u00f3n del Ayuntamiento de dicho municipio, se realizar\u00e1 el tercer\u00a0Ciclo de conciertos\u00a0&#8220;De mar, puerto y bandas&#8221;, lo cual supondr\u00e1 una gozosa novedad [&hellip;]<\/p>\n","protected":false},"author":10086,"featured_media":0,"comment_status":"open","ping_status":"closed","sticky":false,"template":"","format":"standard","meta":[],"categories":[1],"tags":[],"_links":{"self":[{"href":"https:\/\/blogs.laverdad.es\/febandasrmurcia\/wp-json\/wp\/v2\/posts\/829"}],"collection":[{"href":"https:\/\/blogs.laverdad.es\/febandasrmurcia\/wp-json\/wp\/v2\/posts"}],"about":[{"href":"https:\/\/blogs.laverdad.es\/febandasrmurcia\/wp-json\/wp\/v2\/types\/post"}],"author":[{"embeddable":true,"href":"https:\/\/blogs.laverdad.es\/febandasrmurcia\/wp-json\/wp\/v2\/users\/10086"}],"replies":[{"embeddable":true,"href":"https:\/\/blogs.laverdad.es\/febandasrmurcia\/wp-json\/wp\/v2\/comments?post=829"}],"version-history":[{"count":2,"href":"https:\/\/blogs.laverdad.es\/febandasrmurcia\/wp-json\/wp\/v2\/posts\/829\/revisions"}],"predecessor-version":[{"id":831,"href":"https:\/\/blogs.laverdad.es\/febandasrmurcia\/wp-json\/wp\/v2\/posts\/829\/revisions\/831"}],"wp:attachment":[{"href":"https:\/\/blogs.laverdad.es\/febandasrmurcia\/wp-json\/wp\/v2\/media?parent=829"}],"wp:term":[{"taxonomy":"category","embeddable":true,"href":"https:\/\/blogs.laverdad.es\/febandasrmurcia\/wp-json\/wp\/v2\/categories?post=829"},{"taxonomy":"post_tag","embeddable":true,"href":"https:\/\/blogs.laverdad.es\/febandasrmurcia\/wp-json\/wp\/v2\/tags?post=829"}],"curies":[{"name":"wp","href":"https:\/\/api.w.org\/{rel}","templated":true}]}}