{"id":836,"date":"2024-06-05T19:47:06","date_gmt":"2024-06-05T17:47:06","guid":{"rendered":"https:\/\/blogs.laverdad.es\/febandasrmurcia\/?p=836"},"modified":"2024-06-05T19:47:06","modified_gmt":"2024-06-05T17:47:06","slug":"la-federacion-de-bandas-de-la-region-de-murcia-origen-y-vivencias-de-su-constitucion-unas-pinceladas-sobre-su-presente-y-futuro","status":"publish","type":"post","link":"https:\/\/blogs.laverdad.es\/febandasrmurcia\/2024\/06\/05\/la-federacion-de-bandas-de-la-region-de-murcia-origen-y-vivencias-de-su-constitucion-unas-pinceladas-sobre-su-presente-y-futuro\/","title":{"rendered":"LA FEDERACI\u00d3N DE BANDAS DE LA REGI\u00d3N DE MURCIA:  OR\u00cdGEN Y VIVENCIAS DE SU CONSTITUCI\u00d3N. UNAS PINCELADAS SOBRE SU PRESENTE Y FUTURO."},"content":{"rendered":"<p>Es objeto de este art\u00edculo rememorar algunos aspectos de sus or\u00edgenes, vivencias personales, as\u00ed como un breve an\u00e1lisis del presente y futuro de la misma.<\/p>\n<p>Todo se remonta a unas reuniones de directivos de las bandas de m\u00fasica de esta regi\u00f3n , reuniones previas, celebradas el 12 de noviembre de 1983 en Jumilla, y el 17 de diciembre de 1983 en Beniaj\u00e1n, donde en esta localidad ya sali\u00f3 una comisi\u00f3n gestora pro-estatutos, formada con \u00a0representantes de las bandas de Beniaj\u00e1n, Caravaca, Jumilla, Lorca y \u00a0Mula, justificando su ausencia los de \u00c1guilas y Cieza (podr\u00edamos pues considerar que fueron 7 las bandas de m\u00fasica que constituyeron el embri\u00f3n y gestaci\u00f3n de la Federaci\u00f3n). Tras estos dos contactos de los representantes de las citadas bandas, el 11 de febrero de 1984, en el local del Aula de Cultura de la antigua Caja de Ahorros de Alicante y Murcia de la localidad de Mula, se celebr\u00f3 la Asamblea General Constituyente, asistiendo los representantes de las bandas de m\u00fasica (o sociedades musicales, o bien \u201casociaciones de amigos de \u2026\u201d) de Alhama de Murcia, Beniaj\u00e1n, Cabezo de Torres, Asociaci\u00f3n Amigos de la M\u00fasica de Jumilla, Mula, Pliego, Pozo Estrecho, Totana y Sauces-Cartagena, justificando su ausencia las bandas de \u00c1guilas y Calasparra (podemos considerar en total 11 las bandas entre presentes y representadas). En estas tres reuniones (la \u00faltima ya con car\u00e1cter de asamblea general) estuve presente en representaci\u00f3n de la banda de mi localidad, en calidad de presidente de mi banda.<\/p>\n<p><img loading=\"lazy\" class=\"wp-image-838 size-large aligncenter\" src=\"https:\/\/static-blogs.laverdad.es\/wp-content\/uploads\/sites\/139\/2024\/06\/20131018090741807_0001-3-1024x769.jpg\" alt=\"\" width=\"1024\" height=\"769\" srcset=\"https:\/\/static-blogs.laverdad.es\/wp-content\/uploads\/sites\/139\/2024\/06\/20131018090741807_0001-3-1024x769.jpg 1024w, https:\/\/static-blogs.laverdad.es\/wp-content\/uploads\/sites\/139\/2024\/06\/20131018090741807_0001-3-300x225.jpg 300w, https:\/\/static-blogs.laverdad.es\/wp-content\/uploads\/sites\/139\/2024\/06\/20131018090741807_0001-3-768x577.jpg 768w, https:\/\/static-blogs.laverdad.es\/wp-content\/uploads\/sites\/139\/2024\/06\/20131018090741807_0001-3.jpg 1510w\" sizes=\"(max-width: 1024px) 100vw, 1024px\" \/><\/p>\n<p>En esta Asamblea General Constituyente celebrada en Mula, los tres acuerdos m\u00e1s importantes a adoptar fueron la constituci\u00f3n de la Federaci\u00f3n de Bandas de M\u00fasica de la Regi\u00f3n, elecci\u00f3n de una Junta Gestora (saliendo elegidos los representantes de las bandas de Beniaj\u00e1n, Cabezo de Torres, Asociaci\u00f3n Amigos de la M\u00fasica de Jumilla, Mula,\u00a0 Pliego y Pozo Estrecho) \u00a0y aprobaci\u00f3n de los Estatutos, todo de una tacada, en la primera Asamblea General, las ansias de empezar a caminar eran m\u00e1s que evidentes.<\/p>\n<p>Sin soluci\u00f3n de continuidad, el 2 de junio de 1984 tuvo lugar otra Asamblea General, quedando en ella constituida a todos los efectos la FBMRM, eligi\u00e9ndose la primera Junta Directiva \u201cen firme\u201d, de la que tambi\u00e9n tuve el honor de salir elegido y por consiguiente formar parte de ella. Asimismo, da cuenta de las bandas fundadoras de la Federaci\u00f3n, relaci\u00f3n de estas que se adjunt\u00f3 con los Estatutos Sociales a la Administraci\u00f3n Regional para su inscripci\u00f3n en el Registro de Asociaciones: Beniaj\u00e1n, Asociaci\u00f3n de Amigos de la M\u00fasica de Jumilla, Cabezo de Torres, Calasparra, Mula, Pliego, Pozo Estrecho y la de Sauces-Cartagena.<\/p>\n<p>En los siguientes a\u00f1os fueron acord\u00e1ndose y estableci\u00e9ndose algunos de los objetivos de esta Federaci\u00f3n, como fueron la implantaci\u00f3n del D\u00eda de la Federaci\u00f3n, el D\u00eda de Exaltaci\u00f3n de la M\u00fasica, formaci\u00f3n de una Banda Sinf\u00f3nica integrada por m\u00fasicos de nuestras propias bandas de m\u00fasica, etc., pero repasando, en mi memoria, los proleg\u00f3menos de la uni\u00f3n de las bandas de m\u00fasica, con el fin de aunar esfuerzos que redundasen en beneficio de las mismas, paso a esbozar, aunque sea a \u201cgrosso modo\u201d, las circunstancias que nos llevaron a unirnos en una Federaci\u00f3n Regional.<\/p>\n<p>En primer lugar, sobre las d\u00e9cadas 70\/80 del pasado siglo, las plazas de directores de las bandas de m\u00fasica, en su mayor\u00eda incluidos como funcionarios de los ayuntamientos, conforme les llegaba la edad de jubilaci\u00f3n, fueron paulatinamente amortizadas, lo cual ocasion\u00f3 en muchas bandas de m\u00fasica \u201cun par\u00f3n\u201d en la regeneraci\u00f3n de sus plantillas, pues no s\u00f3lo realizaban estos directores su funci\u00f3n propia, sino que tambi\u00e9n impart\u00edan la docencia de la educaci\u00f3n musical en sus diversas vertientes, llegando al borde de la extinci\u00f3n muchas de las bandas de m\u00fasica, quedando sin apoyo econ\u00f3mico institucional. Solo el \u00edmpetu de sus componentes, con apoyo en muchas ocasiones de aficionados a la m\u00fasica de su localidad, lograr\u00edan la subsistencia, a duras penas, de estas entidades culturales (algunas bandas de m\u00fasica siguen guardando la denominaci\u00f3n de \u201cAsociaci\u00f3n de Amigos de la M\u00fasica de\u2026\u201d); comenzaron as\u00ed a recabar fondos para sus bandas mediante rifas, cuotas de socios, solicitud de donativos a empresas y entidades, etc. As\u00ed las cosas, en varias de las bandas, la funci\u00f3n de director de la misma la asum\u00edan algunos de sus aventajados componentes, as\u00ed como las funciones docentes, y en muchos casos, de forma gratuita y altruista.\u00a0 En otras, a trav\u00e9s de las asociaciones culturales que se constituyeron \u201cad hoc\u201d, estas contrataban, cuando pod\u00edan, a m\u00fasicos \u201cexternos\u201d de la banda como directores y tambi\u00e9n docentes, como eran los m\u00fasicos\/miembros integrantes de la banda de Infanter\u00eda de Marina Tercio de Levante, los cuales realizaron una gran labor en pro de las bandas de m\u00fasica de nuestra Regi\u00f3n, supliendo el vac\u00edo de las funciones de director y docentes de m\u00fasica en que iban quedando muchas bandas de m\u00fasica ante el abandono institucional de los Ayuntamientos (la Comunidad Aut\u00f3noma de Murcia iniciaba sus pasos como tal, y la antigua Diputaci\u00f3n Provincial, reminiscencia del anterior R\u00e9gimen, nunca abord\u00f3 estos asuntos).<\/p>\n<p><img loading=\"lazy\" class=\"alignnone wp-image-840 size-large\" src=\"https:\/\/static-blogs.laverdad.es\/wp-content\/uploads\/sites\/139\/2024\/06\/20131018090810958_0001-2-1024x745.jpg\" alt=\"\" width=\"1024\" height=\"745\" srcset=\"https:\/\/static-blogs.laverdad.es\/wp-content\/uploads\/sites\/139\/2024\/06\/20131018090810958_0001-2-1024x745.jpg 1024w, https:\/\/static-blogs.laverdad.es\/wp-content\/uploads\/sites\/139\/2024\/06\/20131018090810958_0001-2-300x218.jpg 300w, https:\/\/static-blogs.laverdad.es\/wp-content\/uploads\/sites\/139\/2024\/06\/20131018090810958_0001-2-768x559.jpg 768w, https:\/\/static-blogs.laverdad.es\/wp-content\/uploads\/sites\/139\/2024\/06\/20131018090810958_0001-2.jpg 2031w\" sizes=\"(max-width: 1024px) 100vw, 1024px\" \/><\/p>\n<p>Por otro lado, y ya abordando algunas de mis vivencias, tambi\u00e9n en las citadas d\u00e9cadas 70\/80 del pasado siglo, las bandas de m\u00fasica, ya m\u00e1s desligadas de los ayuntamientos como bandas municipales, comenzaron a realizar intercambios musicales de sus respectivas bandas de m\u00fasica. Estos intercambios vienen denomin\u00e1ndose \u201cFestival o Encuentros de Bandas de M\u00fasica\u201d. Y es en estos encuentros donde los directivos de las bandas habl\u00e1bamos sobre la conveniencia de unirnos (las bandas de m\u00fasica) para tener m\u00e1s fuerza a la hora de conseguir diversos objetivos para beneficio de nuestras representadas; al principio estas conversaciones de los encuentros\/intercambios de bandas se reduc\u00edan a intercambios de quejas y lamentos:\u00a0 que si los ayuntamientos amortizaban la plaza de director; que los ayuntamientos ya no quer\u00edan adquirir el instrumental de la banda; que la Diputaci\u00f3n Provincial nunca ha querido saber nada de las bandas de m\u00fasica; que nuestra Comunidad Aut\u00f3noma no se preocupa de la parcela cultural respecto a las bandas de m\u00fasica (si bien es cierto que a partir de mediados de los 80 comenz\u00f3 a subvencionar a esta Federaci\u00f3n reci\u00e9n constituida, as\u00ed como a promover ayudas para actuaciones musicales de las bandas y subvenciones a las escuelas de m\u00fasica); que las bandas no tenemos consensuados los establecimientos de los \u201ccach\u00e9s\u201d por las diversas actuaciones a terceros; que se hace necesario \u201cprofesionalizar \u201c tanto las plazas de directores musicales como las del profesorado; etc., etc..<\/p>\n<p>Mucho nos quej\u00e1bamos, pero en la pr\u00e1ctica poco avanz\u00e1bamos, pues como hemos visto anteriormente, en las primeras reuniones y hasta la primera Asamblea General Constituyente s\u00f3lo consegu\u00edamos reunirnos 7 y 11 bandas de m\u00fasica, respectivamente, de las 35\/36 bandas de m\u00fasica que \u00e9ramos entonces, pero en fin, el camino ya estaba iniciado.<\/p>\n<p>\u00bfPor qu\u00e9 se decidi\u00f3 que la Asamblea Constituyente se celebrase en Mula y no en otra localidad de nuestra regi\u00f3n? Pues por una cuesti\u00f3n salom\u00f3nica, despu\u00e9s de un breve debate de los representantes de las bandas, pues unos propon\u00edan inicialmente que se celebrase en la capital de la Regi\u00f3n, otros propusieron la Ciudad de Cartagena, para \u201cequilibrar el peso pol\u00edtico de la capitalidad\u201d; y otros que por qu\u00e9 no en Jumilla, por la distancia y el ostracismo que sufr\u00eda el Altiplano, por lo que finalmente y para no \u201cpenalizar\u201d a ninguna localidad, se opt\u00f3 por acordar una que se encontrase en el centro de nuestra regi\u00f3n.<\/p>\n<p>Cuando la Comunidad Aut\u00f3noma comenz\u00f3 a promover las ayudas (ya en la muy citada d\u00e9cada de los 80), una de las muchas trabas con que se encontr\u00f3 nuestra Federaci\u00f3n, fue la existencia a\u00fan del Sindicato de M\u00fasicos Profesionales, sindicato vestigio del anterior R\u00e9gimen, que a pesar de su desmantelamiento por el nuevo ordenamiento jur\u00eddico de la democracia, pasando este (el Sindicato) a ser declarado ilegal, sigui\u00f3 funcionando \u201cde facto\u201d, coexistiendo junto a la nueva estructura administrativa de la administraci\u00f3n democr\u00e1tica, continuando su funcionamiento y \u00a0percibiendo de esta determinadas subvenciones, otorg\u00e1ndose asimismo, facultad para denunciar ante las administraciones competentes a entidades festeras por negarse a pagar el canon establecido por el Sindicato Vertical de M\u00fasica y Espect\u00e1culos (\u00bfera realmente un desgajamiento de la Sociedad General de Autores Espa\u00f1oles, la SGAE?). La pretensi\u00f3n de la Federaci\u00f3n (en adelante la FBMRM) \u00a0era el instar a la Comunidad Aut\u00f3noma de la Regi\u00f3n de Murcia (en adelante la CARM) a que las ayudas y\/o subvenciones p\u00fablicas destinadas a las bandas y sus escuelas o academias de m\u00fasica,\u00a0 fuesen canalizadas a trav\u00e9s de esta; sin embargo, la Administraci\u00f3n Auton\u00f3mica hizo caso omiso y \u201clegisl\u00f3\u201d otorgando estas ayudas de forma directa a las bandas de m\u00fasica y a sus respectivas escuelas, y a la FBMRM comenz\u00f3 tambi\u00e9n a conceder ayudas econ\u00f3micas para sufragar los gastos que conllevaba su actividad como tal (entre ellas ayudas a las propias bandas de m\u00fasica).<\/p>\n<p><img loading=\"lazy\" class=\"aligncenter wp-image-841 size-large\" src=\"https:\/\/static-blogs.laverdad.es\/wp-content\/uploads\/sites\/139\/2024\/06\/Cartagena-01-1024x683.jpg\" alt=\"\" width=\"1024\" height=\"683\" srcset=\"https:\/\/static-blogs.laverdad.es\/wp-content\/uploads\/sites\/139\/2024\/06\/Cartagena-01-1024x683.jpg 1024w, https:\/\/static-blogs.laverdad.es\/wp-content\/uploads\/sites\/139\/2024\/06\/Cartagena-01-300x200.jpg 300w, https:\/\/static-blogs.laverdad.es\/wp-content\/uploads\/sites\/139\/2024\/06\/Cartagena-01-768x512.jpg 768w, https:\/\/static-blogs.laverdad.es\/wp-content\/uploads\/sites\/139\/2024\/06\/Cartagena-01.jpg 1620w\" sizes=\"(max-width: 1024px) 100vw, 1024px\" \/><\/p>\n<p>Repasando las primeras actas de nuestra FBMRM, de la que yo era Vocal, \u00a0y transcurridos estos cuarenta a\u00f1os, yo mismo me sorprendo de los cambios habidos en nuestra sociedad, el \u201cbuenismo\u201d y la candidez con que abord\u00e1bamos variopintas situaciones. Por ejemplo, cuando celebr\u00e1bamos una Asamblea General, se relacionaban los representantes de las bandas asistentes, <em>\u201cjustificando su ausencia las bandas de \u2026\u201d<\/em> y nos qued\u00e1bamos conformes con estas justificaciones, cuando en realidad eran meras excusas, como si no hubiesen m\u00e1s miembros de las Juntas Directivas que pudiesen sustituir al miembro-directivo designado para asistir a la Asamblea, \u00a0cuando hoy estas ausencias las valoramos como una apat\u00eda e irresponsabilidad de la Junta Directiva de la banda en cuesti\u00f3n. En otra acta, de 1984, veo una proposici\u00f3n de una banda, en la que propone \u201cuna Ley Regional\u201d en la que\u00a0 disponga que se obligue a las Comisiones de Fiestas a que contemplen la actuaci\u00f3n de una banda federada, <em>\u201cperfectamente uniformada\u201d<\/em>(\u00bfse refer\u00eda a que no contratasen a las \u201ccharangas\u201d?)<\/p>\n<p>En estas primeras actas, el Sr. Presidente, Don Sebasti\u00e1n G\u00e1lvez Arce, ya se quejaba de la pobre afiliaci\u00f3n de las bandas a la FBMRM, pues en el acta de noviembre de 1984 s\u00f3lo constan 10 bandas federadas, y 13 en la de mayo de 1985. El recelo, la poca fe, la apat\u00eda\u00a0 y el \u201cesperarse a ver qu\u00e9 pasa\u201d imperaba en la mayor\u00eda de las bandas de nuestra regi\u00f3n.<\/p>\n<p>Por \u00faltimo, otro aspecto que tambi\u00e9n, con el transcurso de los a\u00f1os, me llama la atenci\u00f3n, es sobre la validez de los acuerdos adoptados en las asambleas generales. Me refiero a los acuerdos adoptados en el punto \u00faltimo de las asambleas, de \u201cRuegos y preguntas\u201d; en este punto, cuando alg\u00fan miembro de la Junta Directiva de la FBMRM hac\u00eda alguna propuesta y esta se ve\u00eda viable por el resto de los asistentes, era aprobada \u201cpor unanimidad de los presentes\u201d.\u00a0 Con la nueva Ley Org\u00e1nica 1\/2002, reguladora del Derecho de Asociaci\u00f3n, estos acuerdos hoy no tendr\u00edan validez legal (estoy convencido que con la legislaci\u00f3n anterior tampoco), pues no son v\u00e1lidos los acuerdos que no est\u00e9n expresamente previstos en el Orden del D\u00eda, salvo la asistencia y unanimidad de todos los socios (bandas de m\u00fasica) presentes y\/o representados (la validez de la representaci\u00f3n requiere autorizaci\u00f3n expresa ante el Secretario de la FBMRM o fedatario p\u00fablico).<\/p>\n<p><img loading=\"lazy\" class=\"wp-image-837 size-large aligncenter\" src=\"https:\/\/static-blogs.laverdad.es\/wp-content\/uploads\/sites\/139\/2024\/06\/IMG_0441-1024x428.jpg\" alt=\"\" width=\"1024\" height=\"428\" srcset=\"https:\/\/static-blogs.laverdad.es\/wp-content\/uploads\/sites\/139\/2024\/06\/IMG_0441-1024x428.jpg 1024w, https:\/\/static-blogs.laverdad.es\/wp-content\/uploads\/sites\/139\/2024\/06\/IMG_0441-300x125.jpg 300w, https:\/\/static-blogs.laverdad.es\/wp-content\/uploads\/sites\/139\/2024\/06\/IMG_0441-768x321.jpg 768w\" sizes=\"(max-width: 1024px) 100vw, 1024px\" \/><\/p>\n<p>En cuanto al presente, y desde mi perspectiva lejana de la actualidad, por el motivo anteriormente citado, la Federaci\u00f3n tiene una actividad intensa y constante en pro de sus asociados (bandas de m\u00fasica), pues son muchos los aspectos y funciones a atender, y quiz\u00e1s no tenga el debido apoyo que requiere todas estas funciones de nuestra Administraci\u00f3n Auton\u00f3mica. Hace ya algunos a\u00f1os que las bandas no reciben las subvenciones a escuelas de m\u00fasica, as\u00ed como la concesi\u00f3n de conciertos en otras localidades para promoci\u00f3n de la m\u00fasica (creo que eran 3 los conciertos anuales que se subvencionaban). Y tampoco recibe la Federaci\u00f3n la correspondiente subvenci\u00f3n para que estas ayudas las repercuta a las bandas, canalizando de esta manera las ayudas o subvenciones que deber\u00edan destinarse a las bandas federadas.<\/p>\n<p>Por otro lado, en la FBMRM, los gastos que conlleva la actividad de la misma no llegan a cubrirse con la subvenci\u00f3n p\u00fablica de nuestra CARM (mantenimiento de la Banda Sinf\u00f3nica de la Federaci\u00f3n, D\u00eda de la Federaci\u00f3n, Certamen Regional, Formaci\u00f3n de alumnos, cursos de direcci\u00f3n, gastos de administraci\u00f3n, desplazamientos de sus miembros, etc.). Si queremos una Federaci\u00f3n fuerte y eficaz, esta necesita \u201cdos inyecciones\u201d: por un lado, el aumento de la subvenci\u00f3n anual que recibe de la CARM, con el debido control por parte del ente p\u00fablico del destino de la misma, y mayor implicaci\u00f3n de las propias bandas federadas; a veces, da la impresi\u00f3n de que para las bandas de m\u00fasica en su conjunto (por supuesto hay dignas excepciones), la Federaci\u00f3n es un ente ajeno a las mismas. No hay excusas para que en las asambleas generales no asistan todas las bandas sin excepci\u00f3n (eso de justificar su ausencia es una burda excusa, pues si no asiste el miembro designado, hay otros muchos de la propia Junta Directiva), no existe el sentimiento de que la Federaci\u00f3n es nuestra casa com\u00fan, es la continuaci\u00f3n de nuestra fuerza y de nuestros brazos, que se hacen m\u00e1s fuertes y largos a trav\u00e9s de la misma. Quiz\u00e1s ser\u00eda conveniente el que cada banda designe a un miembro de su Junta Directiva para representar, con funci\u00f3n exclusiva, a la misma ante la Federaci\u00f3n, no solo para asistir a las reuniones y asambleas, sino para apoyo directo a la propia Federaci\u00f3n, ello redundar\u00eda en el acercamiento a la misma y en el desahogo de las tareas (no olvidemos que la Junta Directiva de la FBMRM se compone de miembros directivos de las bandas). En definitiva, esta ser\u00e1 m\u00e1s fuerte, influyente y eficaz en la medida de la mayor implicaci\u00f3n en ella de sus socios (es decir, las bandas federadas). Cualquier cr\u00edtica que destinemos a la Federaci\u00f3n, es resultado de la cr\u00edtica a nosotros mismos, pues \u00bfqu\u00e9 es la Federaci\u00f3n sino nosotros mismos, es decir, las bandas de m\u00fasica?<\/p>\n<p style=\"text-align: right;\">Murcia, abril de 2024<\/p>\n<p style=\"text-align: right;\">Fernando Belijar G\u00f3mez<\/p>\n<script type=\"text\/javascript\">\n\nvar addthis_config = {\"data_track_clickback\":false,\"data_track_addressbar\":false,\"data_track_textcopy\":false,\"ui_atversion\":\"300\"};\nvar addthis_product = 'wpp-3.1';\n<\/script><script type=\"text\/javascript\" src=\"\/\/s7.addthis.com\/js\/300\/addthis_widget.js#pubid=112f3483c90ecf208d9ddb3794c68691\"><\/script>","protected":false},"excerpt":{"rendered":"<p>Es objeto de este art\u00edculo rememorar algunos aspectos de sus or\u00edgenes, vivencias personales, as\u00ed como un breve an\u00e1lisis del presente y futuro de la misma. Todo se remonta a unas reuniones de directivos de las bandas de m\u00fasica de esta regi\u00f3n , reuniones previas, celebradas el 12 de noviembre de 1983 en Jumilla, y el [&hellip;]<\/p>\n","protected":false},"author":10086,"featured_media":0,"comment_status":"open","ping_status":"closed","sticky":false,"template":"","format":"standard","meta":[],"categories":[1],"tags":[],"_links":{"self":[{"href":"https:\/\/blogs.laverdad.es\/febandasrmurcia\/wp-json\/wp\/v2\/posts\/836"}],"collection":[{"href":"https:\/\/blogs.laverdad.es\/febandasrmurcia\/wp-json\/wp\/v2\/posts"}],"about":[{"href":"https:\/\/blogs.laverdad.es\/febandasrmurcia\/wp-json\/wp\/v2\/types\/post"}],"author":[{"embeddable":true,"href":"https:\/\/blogs.laverdad.es\/febandasrmurcia\/wp-json\/wp\/v2\/users\/10086"}],"replies":[{"embeddable":true,"href":"https:\/\/blogs.laverdad.es\/febandasrmurcia\/wp-json\/wp\/v2\/comments?post=836"}],"version-history":[{"count":2,"href":"https:\/\/blogs.laverdad.es\/febandasrmurcia\/wp-json\/wp\/v2\/posts\/836\/revisions"}],"predecessor-version":[{"id":842,"href":"https:\/\/blogs.laverdad.es\/febandasrmurcia\/wp-json\/wp\/v2\/posts\/836\/revisions\/842"}],"wp:attachment":[{"href":"https:\/\/blogs.laverdad.es\/febandasrmurcia\/wp-json\/wp\/v2\/media?parent=836"}],"wp:term":[{"taxonomy":"category","embeddable":true,"href":"https:\/\/blogs.laverdad.es\/febandasrmurcia\/wp-json\/wp\/v2\/categories?post=836"},{"taxonomy":"post_tag","embeddable":true,"href":"https:\/\/blogs.laverdad.es\/febandasrmurcia\/wp-json\/wp\/v2\/tags?post=836"}],"curies":[{"name":"wp","href":"https:\/\/api.w.org\/{rel}","templated":true}]}}