{"id":843,"date":"2024-07-16T18:54:01","date_gmt":"2024-07-16T16:54:01","guid":{"rendered":"https:\/\/blogs.laverdad.es\/febandasrmurcia\/?p=843"},"modified":"2024-07-16T18:54:01","modified_gmt":"2024-07-16T16:54:01","slug":"se-hizo-realidad-en-el-40o-aniversario-de-la-federacion","status":"publish","type":"post","link":"https:\/\/blogs.laverdad.es\/febandasrmurcia\/2024\/07\/16\/se-hizo-realidad-en-el-40o-aniversario-de-la-federacion\/","title":{"rendered":"Se hizo realidad&#8230;  en el 40\u00ba Aniversario de la Federaci\u00f3n."},"content":{"rendered":"<p><img loading=\"lazy\" class=\"aligncenter wp-image-844 size-full\" src=\"https:\/\/static-blogs.laverdad.es\/wp-content\/uploads\/sites\/139\/2024\/07\/426748238_880370734098348_7299088228523325557_n-1.jpg\" alt=\"\" width=\"1024\" height=\"1024\" srcset=\"https:\/\/static-blogs.laverdad.es\/wp-content\/uploads\/sites\/139\/2024\/07\/426748238_880370734098348_7299088228523325557_n-1.jpg 1024w, https:\/\/static-blogs.laverdad.es\/wp-content\/uploads\/sites\/139\/2024\/07\/426748238_880370734098348_7299088228523325557_n-1-150x150.jpg 150w, https:\/\/static-blogs.laverdad.es\/wp-content\/uploads\/sites\/139\/2024\/07\/426748238_880370734098348_7299088228523325557_n-1-300x300.jpg 300w, https:\/\/static-blogs.laverdad.es\/wp-content\/uploads\/sites\/139\/2024\/07\/426748238_880370734098348_7299088228523325557_n-1-768x768.jpg 768w\" sizes=\"(max-width: 1024px) 100vw, 1024px\" \/><\/p>\n<p>&nbsp;<\/p>\n<p>La Federaci\u00f3n de Bandas de M\u00fasica de la Regi\u00f3n de Murcia hemos manifestado reiteradamente la importancia de la realizaci\u00f3n de un concurso de composici\u00f3n para Banda Sinf\u00f3nica, con el fin de fomentar la creaci\u00f3n musical en los j\u00f3venes compositores, que se grad\u00faan en el Conservatorio Superior de M\u00fasica de Murcia, e incrementar el patrimonio musical de Murcia. La obra premiada en el Concurso ser\u00eda la obra obligada del Certamen Nacional de Bandas de M\u00fasica \u201cCiudad de Murcia\u201d.<\/p>\n<p>La convocatoria abierta a todos los compositores de cualquier nacionalidad, no habiendo restricci\u00f3n para los participantes, pudiendo presentar una \u00fanica obra en el concurso. Se han recibido en esta primera edici\u00f3n, 14 obras procedentes de Murcia, Canarias, Valencia, Castell\u00f3n, Ja\u00e9n, La Rioja, Albacete, M\u00e1laga y Baleares.<\/p>\n<p>El Jurado del I Concurso de Composici\u00f3n para Banda Sinf\u00f3nica \u201cCiudad de Murcia\u201d Presidido por D. Fco. Javier P\u00e9rez Albaladejo junto a D. Javier Artaza Fano y D. Sixto Herrero Rodes catedr\u00e1ticos de composici\u00f3n en el CSMM. D. Fco. Javier manifiesta que; desde el jurado del I Concurso de Composici\u00f3n para banda sinf\u00f3nica &#8220;Ciudad de Murcia&#8221;, queremos destacar la calidad de las obras presentadas, as\u00ed como la capacidad de muchos de los autores de relacionar los aspectos est\u00e9ticos, geogr\u00e1ficos, culturales e hist\u00f3ricos de la Regi\u00f3n de Murcia con las distintas ideas musicales de sus obras. Tambi\u00e9n destacamos el profundo conocimiento de la plantilla de la banda sinf\u00f3nica y la originalidad de algunas obras a nivel arm\u00f3nico, t\u00edmbrico y mot\u00edvico.<\/p>\n<p>La obra ganadora destaca por su coherente organizaci\u00f3n formal, su capacidad de transformaci\u00f3n de los motivos musicales, su claridad, y a la vez originalidad, en el tratamiento de las texturas orquestales y la capacidad de innovaci\u00f3n t\u00edmbrica tanto de forma individual como grupal. Todo ello, abordado por el autor desde unas armon\u00edas que exceden lo estrictamente tonal, generando sonoridades a partir de incursiones en la modalidad y notas a\u00f1adidas.<\/p>\n<p>Adem\u00e1s, los motivos musicales y los temas musicales se generan a partir de motivos de obras del folclore murciano, sin perder, en ning\u00fan caso, la voz personal y original del propio autor. Lema: Canto a Murcia de Adri\u00e1n Garc\u00eda Planells<\/p>\n<p><img loading=\"lazy\" class=\"alignnone wp-image-846 size-large\" src=\"https:\/\/static-blogs.laverdad.es\/wp-content\/uploads\/sites\/139\/2024\/07\/2024-491-Concurso-de-Bandas-de-Musica-1030x579-1024x576.jpeg\" alt=\"\" width=\"1024\" height=\"576\" srcset=\"https:\/\/static-blogs.laverdad.es\/wp-content\/uploads\/sites\/139\/2024\/07\/2024-491-Concurso-de-Bandas-de-Musica-1030x579-1024x576.jpeg 1024w, https:\/\/static-blogs.laverdad.es\/wp-content\/uploads\/sites\/139\/2024\/07\/2024-491-Concurso-de-Bandas-de-Musica-1030x579-300x169.jpeg 300w, https:\/\/static-blogs.laverdad.es\/wp-content\/uploads\/sites\/139\/2024\/07\/2024-491-Concurso-de-Bandas-de-Musica-1030x579-768x432.jpeg 768w, https:\/\/static-blogs.laverdad.es\/wp-content\/uploads\/sites\/139\/2024\/07\/2024-491-Concurso-de-Bandas-de-Musica-1030x579.jpeg 1030w\" sizes=\"(max-width: 1024px) 100vw, 1024px\" \/><\/p>\n<p>La sensibilidad cultural de la Fundaci\u00f3n Cajamurcia-Caixa Bank en colaboraci\u00f3n con el Excmo. Ayuntamiento de Murcia y la Federaci\u00f3n de Bandas de la Regi\u00f3n de Murcia, han permitido que se realizase el I Concurso Composici\u00f3n para Banda Sinf\u00f3nica \u201cCiudad de Murcia\u201d en 2024.<\/p>\n<p>En las intervenciones de la entrega del premio, se puso de manifiesto la importancia del Concurso, as\u00ed como la posibilidad que para las bandas se aporta con la obra, en la formaci\u00f3n e interpretaci\u00f3n para Cert\u00e1menes y conciertos; as\u00ed como disfrutar del incremento del repertorio con nuevas obras del patrimonio musical de Murcia.<\/p>\n<p>A la entrega del Premio asistieron D. Diego Avil\u00e9s, Concejal de Cultura e Identidad del Ayuntamiento de Murcia, D. Antonio Francisco Garc\u00eda Rodr\u00edguez, Director del Centro de Instituciones de la Regi\u00f3n de Murcia de CaixaBank en la Regi\u00f3n de Murcia, D\u00f1a. Cristina Abell\u00e1n Alarc\u00f3n de la Fundaci\u00f3n CajaMurcia, D. Rafael L\u00f3pez Bueno y D\u00f1a. Ginesa Zamora de la Federaci\u00f3n de Bandas de M\u00fasica de la Regi\u00f3n de Murcia.<\/p>\n<p>Comenzamos una nueva v\u00eda de progreso en la composici\u00f3n para Banda Sinf\u00f3nica en Murcia, la obra de m\u00fasica, junto al m\u00fasico que interpreta y la formaci\u00f3n musical de la banda, nos permitir\u00e1n disfrutar a todos, en torno a la interpretaci\u00f3n musical, de las 42 bandas de m\u00fasica federadas en la Regi\u00f3n. Con 7.500 m\u00fasicos federados, formados en las escuelas de las Bandas y (pudiendo acceder a la formaci\u00f3n de la red de conservatorios profesionales y CSMM) la accesibilidad a la formaci\u00f3n musical en las escuelas desde ( 3 a 90 a\u00f1os) durante toda la vida, permite mantener la cultura musical accesible en la gran mayor\u00eda de la Regi\u00f3n .<\/p>\n<p>Damos la bienvenida al I Concurso de composici\u00f3n para Banda Sinf\u00f3nica Ciudad de Murcia, junto a las bondades que se originan a trav\u00e9s de las obras musicales.<\/p>\n<p style=\"text-align: right;\">\nGinesa C. Zamora Saura<\/p>\n<script type=\"text\/javascript\">\n\nvar addthis_config = {\"data_track_clickback\":false,\"data_track_addressbar\":false,\"data_track_textcopy\":false,\"ui_atversion\":\"300\"};\nvar addthis_product = 'wpp-3.1';\n<\/script><script type=\"text\/javascript\" src=\"\/\/s7.addthis.com\/js\/300\/addthis_widget.js#pubid=112f3483c90ecf208d9ddb3794c68691\"><\/script>","protected":false},"excerpt":{"rendered":"<p>&nbsp; La Federaci\u00f3n de Bandas de M\u00fasica de la Regi\u00f3n de Murcia hemos manifestado reiteradamente la importancia de la realizaci\u00f3n de un concurso de composici\u00f3n para Banda Sinf\u00f3nica, con el fin de fomentar la creaci\u00f3n musical en los j\u00f3venes compositores, que se grad\u00faan en el Conservatorio Superior de M\u00fasica de Murcia, e incrementar el patrimonio [&hellip;]<\/p>\n","protected":false},"author":10086,"featured_media":0,"comment_status":"open","ping_status":"closed","sticky":false,"template":"","format":"standard","meta":[],"categories":[1],"tags":[],"_links":{"self":[{"href":"https:\/\/blogs.laverdad.es\/febandasrmurcia\/wp-json\/wp\/v2\/posts\/843"}],"collection":[{"href":"https:\/\/blogs.laverdad.es\/febandasrmurcia\/wp-json\/wp\/v2\/posts"}],"about":[{"href":"https:\/\/blogs.laverdad.es\/febandasrmurcia\/wp-json\/wp\/v2\/types\/post"}],"author":[{"embeddable":true,"href":"https:\/\/blogs.laverdad.es\/febandasrmurcia\/wp-json\/wp\/v2\/users\/10086"}],"replies":[{"embeddable":true,"href":"https:\/\/blogs.laverdad.es\/febandasrmurcia\/wp-json\/wp\/v2\/comments?post=843"}],"version-history":[{"count":2,"href":"https:\/\/blogs.laverdad.es\/febandasrmurcia\/wp-json\/wp\/v2\/posts\/843\/revisions"}],"predecessor-version":[{"id":847,"href":"https:\/\/blogs.laverdad.es\/febandasrmurcia\/wp-json\/wp\/v2\/posts\/843\/revisions\/847"}],"wp:attachment":[{"href":"https:\/\/blogs.laverdad.es\/febandasrmurcia\/wp-json\/wp\/v2\/media?parent=843"}],"wp:term":[{"taxonomy":"category","embeddable":true,"href":"https:\/\/blogs.laverdad.es\/febandasrmurcia\/wp-json\/wp\/v2\/categories?post=843"},{"taxonomy":"post_tag","embeddable":true,"href":"https:\/\/blogs.laverdad.es\/febandasrmurcia\/wp-json\/wp\/v2\/tags?post=843"}],"curies":[{"name":"wp","href":"https:\/\/api.w.org\/{rel}","templated":true}]}}