{"id":867,"date":"2025-06-15T20:30:06","date_gmt":"2025-06-15T18:30:06","guid":{"rendered":"https:\/\/blogs.laverdad.es\/febandasrmurcia\/?p=867"},"modified":"2025-06-15T20:30:06","modified_gmt":"2025-06-15T18:30:06","slug":"la-musica-que-une-la-importancia-del-certamen-nacional-de-bandas-ciudad-de-murcia","status":"publish","type":"post","link":"https:\/\/blogs.laverdad.es\/febandasrmurcia\/2025\/06\/15\/la-musica-que-une-la-importancia-del-certamen-nacional-de-bandas-ciudad-de-murcia\/","title":{"rendered":"La m\u00fasica que une: la importancia del Certamen Nacional de Bandas \u201cCiudad de Murcia\u201d"},"content":{"rendered":"<p><img loading=\"lazy\" class=\"aligncenter wp-image-868 size-full\" src=\"https:\/\/static-blogs.laverdad.es\/wp-content\/uploads\/sites\/139\/2025\/06\/XXIX-Certamen-Nacional.jpg\" alt=\"\" width=\"471\" height=\"223\" srcset=\"https:\/\/static-blogs.laverdad.es\/wp-content\/uploads\/sites\/139\/2025\/06\/XXIX-Certamen-Nacional.jpg 471w, https:\/\/static-blogs.laverdad.es\/wp-content\/uploads\/sites\/139\/2025\/06\/XXIX-Certamen-Nacional-300x142.jpg 300w\" sizes=\"(max-width: 471px) 100vw, 471px\" \/><\/p>\n<p style=\"text-align: right;\"><strong>Por Javier P\u00e9rez Garrido. Compositor y profesor del Conservatorio Superior de M\u00fasica de Murcia<\/strong><\/p>\n<p><span style=\"font-size: 12pt;\">Cada oto\u00f1o, Murcia se convierte en el epicentro del arte band\u00edstico \u00a0gracias a una cita que trasciende lo musical: <em>El Certamen Nacional de Bandas de M\u00fasica &#8220;Ciudad de Murcia&#8221;.<\/em> <strong>Patrocinado por el Ayuntamiento de Murcia y Organizado por el Ayuntamiento de Murcia \u00a0y la Federaci\u00f3n de Bandas de M\u00fasica de la Regi\u00f3n de Murcia<\/strong>, este evento ha crecido con los a\u00f1os hasta convertirse en un referente a nivel nacional.<\/span><\/p>\n<p><span style=\"font-size: 12pt;\"><strong>Sin embargo, desde 2019, el certamen no ha vuelto a celebrarse<\/strong>, en parte debido al enfriamiento provocado por la pandemia, que interrumpi\u00f3 su trayectoria ascendente y dej\u00f3 un vac\u00edo notable en la regi\u00f3n murciana al privarla de uno de sus eventos musicales m\u00e1s emblem\u00e1ticos y con mayor capacidad de proyecci\u00f3n art\u00edstica y social.<\/span><\/p>\n<p><span style=\"font-size: 12pt;\">\u00bfQu\u00e9 hace tan valioso a este certamen? <strong>Su importancia radica en el profundo impacto que genera en el \u00e1mbito musical, as\u00ed como tambi\u00e9n en el plano social, cultural e institucional<\/strong>. Adem\u00e1s, act\u00faa como un potente altavoz que proyecta a Murcia, a su regi\u00f3n y a su extraordinario patrimonio band\u00edstico en el panorama nacional.<\/span><\/p>\n<h3><strong>Una historia con alma de ciudad<\/strong><\/h3>\n<p>El certamen naci\u00f3 del impulso democr\u00e1tico de los a\u00f1os 80, cuando Murcia llen\u00f3 sus plazas de m\u00fasica y vida aprovechando la pasi\u00f3n popular por las bandas. Lo que comenz\u00f3 como una propuesta l\u00fadica en calles y plazas, <strong>fue evolucionando hasta convertirse en un Certamen Regional y, finalmente, en 1995, adquiri\u00f3 car\u00e1cter nacional<\/strong>. Desde entonces, ha tenido lugar en los principales escenarios de Murcia reuniendo cada a\u00f1o emoci\u00f3n y excelencia musical.<\/p>\n<h3><strong>Mucho m\u00e1s que m\u00fasica: excelencia y proyecci\u00f3n<\/strong><\/h3>\n<p>Desde el punto de vista art\u00edstico, el certamen es un escaparate de excelencia. Participan bandas de toda Espa\u00f1a, que interpretan repertorios desafiantes y, a menudo, obras de estreno. La Federaci\u00f3n de Bandas \u2014que asume la organizaci\u00f3n t\u00e9cnica del certamen\u2014 garantiza un nivel profesional que rivaliza con los grandes eventos musicales del pa\u00eds.<\/p>\n<p>Uno de los aspectos m\u00e1s reveladores de este certamen ha sido el <strong>alto nivel interpretativo<\/strong> demostrado por las bandas participantes. Es significativo que muchas de las bandas galardonadas procedan de la <strong>Regi\u00f3n de Murcia<\/strong>, lo que habla del excelente estado de salud musical de esta comunidad, pese a las dificultades a las que se enfrentan nuestras bandas. Pero tambi\u00e9n han sido premiadas bandas de otras zonas cercanas como <strong>Alicante, Valencia, Castell\u00f3n, Albacete, Almer\u00eda, Granada<\/strong>, demostrando la fuerza del sureste espa\u00f1ol en el \u00e1mbito band\u00edstico. Adem\u00e1s, han brillado agrupaciones llegadas desde puntos m\u00e1s lejanos como <strong>Ciudad Real, Cuenca, Huelva<\/strong> o <strong>Pontevedra<\/strong>, subrayando el car\u00e1cter verdaderamente nacional del certamen y su poder de atracci\u00f3n para formaciones de todo el pa\u00eds.<\/p>\n<h3><strong>Tejido social y cultura participativa<\/strong><\/h3>\n<p>Hay que resaltar que <strong>las bandas<\/strong> de m\u00fasica son m\u00e1s que agrupaciones art\u00edsticas, pues tambi\u00e9n <strong>son aut\u00e9nticas comunidades intergeneracionales<\/strong>. En ellas conviven j\u00f3venes, adultos y veteranos unidos por la pasi\u00f3n musical. Cuando una banda acude al certamen, lo hace como una peque\u00f1a delegaci\u00f3n cultural de su pueblo o ciudad, con todo lo que eso implica en t\u00e9rminos de convivencia, identidad y orgullo colectivo.<\/p>\n<p><strong>El certamen tambi\u00e9n es un homenaje al esfuerzo colectivo, al amor por la m\u00fasica y a la labor constante \u2014y muchas veces silenciosa\u2014 de nuestras bandas<\/strong>. Representa el reconocimiento de una ciudad a quienes ense\u00f1an, celebran y dan vida a cada rinc\u00f3n de la Regi\u00f3n durante todo el a\u00f1o.<\/p>\n<p>Durante los d\u00edas del certamen, Murcia se llena de visitantes, de notas que escapan de los auditorios, de conversaciones en terrazas que giran en torno a la interpretaci\u00f3n de las partituras o las intervenciones de los solistas. Es, en definitiva, <strong>una celebraci\u00f3n de la <\/strong><strong>cultura viva<\/strong>.<\/p>\n<h3><strong>La fuerza de las instituciones y el compromiso p\u00fablico<\/strong><\/h3>\n<p>El desarrollo y continuidad del certamen ha sido posible con el apoyo firme y constante del <strong>Ayuntamiento de Murcia <\/strong>\u00e1rea de<strong> Cultura<\/strong>, que ha apostado durante d\u00e9cadas por mantener y elevar el nivel del evento. Figuras como <strong>Amparo Marzal, Antonio Gonz\u00e1lez Barn\u00e9s, F\u00e1tima Barnuevo, Rafael G\u00f3mez Carrasco, Jes\u00fas Pacheco M\u00e9ndez, Pedro Garc\u00eda Rex<\/strong> <strong>y <\/strong><strong>Diego Avil\u00e9s<\/strong> han sido claves en distintas etapas, afrontando retos econ\u00f3micos y sociales, y adaptando el certamen a los nuevos tiempos sin perder su esencia.<\/p>\n<p>Su compromiso ha transformado lo que empez\u00f3 como una actividad festiva en plazas en un certamen nacional consolidado, que engrandece a Murcia y enriquece la cultura musical de toda Espa\u00f1a.<\/p>\n<h3><strong>Cuando el certamen se convierte en historia personal<\/strong><\/h3>\n<p>Hablar del Certamen Nacional de Bandas \u201cCiudad de Murcia\u201d es, para m\u00ed, hablar tambi\u00e9n de mi propia historia como m\u00fasico. Recuerdo con emoci\u00f3n las ediciones de <strong>1997, 1999 y 2004<\/strong>, en las que particip\u00e9 como <strong>clarinetista de la Agrupaci\u00f3n Musical Sauces<\/strong>, logrando <strong>primeros premios<\/strong>. En aquellos a\u00f1os de juventud, tocar en este certamen era lo m\u00e1s alto a lo que pod\u00eda aspirar como int\u00e9rprete. Me empuj\u00f3 a mejorar, a exigirme m\u00e1s, a estudiar con disciplina. <strong>Fue un motor que elev\u00f3 mi nivel musical y me prepar\u00f3 para retos a\u00fan mayores<\/strong>. Era una experiencia cargada de nervios, pero tambi\u00e9n de esfuerzo, dedicaci\u00f3n y compa\u00f1erismo, donde cada nota reflejaba meses de trabajo y el deseo profundo de dar lo mejor de m\u00ed, buscando siempre esa conexi\u00f3n especial con el resto de mis compa\u00f1eros y, por supuesto, el p\u00fablico.<\/p>\n<p>En <strong>2010<\/strong>, el certamen volvi\u00f3 a marcar mi vida, esta vez desde otra perspectiva: como <strong>compositor<\/strong>. Mi obra <strong>\u201cFantas\u00eda Op.14\u201d<\/strong> fue elegida como <strong>obra obligada de la primera secci\u00f3n<\/strong>, y escucharla interpretada por varias bandas de alt\u00edsimo nivel fue una de las experiencias m\u00e1s emocionantes del inicio de mi carrera. Gracias al certamen <strong>tuve una plataforma de visibilidad que impuls\u00f3 mi trayectoria<\/strong>, me abri\u00f3 nuevas puertas y contribuy\u00f3 a que <strong>mis composiciones comenzaran a sonar en auditorios de todo el mundo<\/strong>.<\/p>\n<p><strong>Conf\u00edo en que las instituciones, en las celebraciones del 1.200 aniversario de la Ciudad de Murcia, recuperen su firme apuesta por este evento tan emblem\u00e1tico y que, por fin, este a\u00f1o podamos celebrar por todo lo alto su 30\u00aa edici\u00f3n, <\/strong>devolviendo a Murcia la m\u00fasica, la emoci\u00f3n y el orgullo que siempre han acompa\u00f1ado a este certamen.<\/p>\n<script type=\"text\/javascript\">\n\nvar addthis_config = {\"data_track_clickback\":false,\"data_track_addressbar\":false,\"data_track_textcopy\":false,\"ui_atversion\":\"300\"};\nvar addthis_product = 'wpp-3.1';\n<\/script><script type=\"text\/javascript\" src=\"\/\/s7.addthis.com\/js\/300\/addthis_widget.js#pubid=112f3483c90ecf208d9ddb3794c68691\"><\/script>","protected":false},"excerpt":{"rendered":"<p>Por Javier P\u00e9rez Garrido. Compositor y profesor del Conservatorio Superior de M\u00fasica de Murcia Cada oto\u00f1o, Murcia se convierte en el epicentro del arte band\u00edstico \u00a0gracias a una cita que trasciende lo musical: El Certamen Nacional de Bandas de M\u00fasica &#8220;Ciudad de Murcia&#8221;. Patrocinado por el Ayuntamiento de Murcia y Organizado por el Ayuntamiento de [&hellip;]<\/p>\n","protected":false},"author":10086,"featured_media":0,"comment_status":"open","ping_status":"closed","sticky":false,"template":"","format":"standard","meta":[],"categories":[1],"tags":[],"_links":{"self":[{"href":"https:\/\/blogs.laverdad.es\/febandasrmurcia\/wp-json\/wp\/v2\/posts\/867"}],"collection":[{"href":"https:\/\/blogs.laverdad.es\/febandasrmurcia\/wp-json\/wp\/v2\/posts"}],"about":[{"href":"https:\/\/blogs.laverdad.es\/febandasrmurcia\/wp-json\/wp\/v2\/types\/post"}],"author":[{"embeddable":true,"href":"https:\/\/blogs.laverdad.es\/febandasrmurcia\/wp-json\/wp\/v2\/users\/10086"}],"replies":[{"embeddable":true,"href":"https:\/\/blogs.laverdad.es\/febandasrmurcia\/wp-json\/wp\/v2\/comments?post=867"}],"version-history":[{"count":2,"href":"https:\/\/blogs.laverdad.es\/febandasrmurcia\/wp-json\/wp\/v2\/posts\/867\/revisions"}],"predecessor-version":[{"id":870,"href":"https:\/\/blogs.laverdad.es\/febandasrmurcia\/wp-json\/wp\/v2\/posts\/867\/revisions\/870"}],"wp:attachment":[{"href":"https:\/\/blogs.laverdad.es\/febandasrmurcia\/wp-json\/wp\/v2\/media?parent=867"}],"wp:term":[{"taxonomy":"category","embeddable":true,"href":"https:\/\/blogs.laverdad.es\/febandasrmurcia\/wp-json\/wp\/v2\/categories?post=867"},{"taxonomy":"post_tag","embeddable":true,"href":"https:\/\/blogs.laverdad.es\/febandasrmurcia\/wp-json\/wp\/v2\/tags?post=867"}],"curies":[{"name":"wp","href":"https:\/\/api.w.org\/{rel}","templated":true}]}}