{"id":871,"date":"2025-08-28T18:18:16","date_gmt":"2025-08-28T16:18:16","guid":{"rendered":"https:\/\/blogs.laverdad.es\/febandasrmurcia\/?p=871"},"modified":"2025-08-28T18:18:16","modified_gmt":"2025-08-28T16:18:16","slug":"la-importancia-del-certamen-nacional-de-bandas-de-musica-de-la-region-de-murcia","status":"publish","type":"post","link":"https:\/\/blogs.laverdad.es\/febandasrmurcia\/2025\/08\/28\/la-importancia-del-certamen-nacional-de-bandas-de-musica-de-la-region-de-murcia\/","title":{"rendered":"LA IMPORTANCIA DEL CERTAMEN NACIONAL DE BANDAS DE M\u00daSICA DE LA REGI\u00d3N DE MURCIA"},"content":{"rendered":"<p><img loading=\"lazy\" class=\"aligncenter wp-image-868 size-medium\" src=\"https:\/\/static-blogs.laverdad.es\/wp-content\/uploads\/sites\/139\/2025\/06\/XXIX-Certamen-Nacional-300x142.jpg\" alt=\"\" width=\"300\" height=\"142\" srcset=\"https:\/\/static-blogs.laverdad.es\/wp-content\/uploads\/sites\/139\/2025\/06\/XXIX-Certamen-Nacional-300x142.jpg 300w, https:\/\/static-blogs.laverdad.es\/wp-content\/uploads\/sites\/139\/2025\/06\/XXIX-Certamen-Nacional.jpg 471w\" sizes=\"(max-width: 300px) 100vw, 300px\" \/><\/p>\n<p>\u00ad\u00a0\u00a0\u00a0\u00a0\u00a0\u00a0\u00a0\u00a0\u00a0\u00a0\u00a0 \u00a0\u00a0\u00a0\u00a0\u00a0\u00a0\u00a0\u00a0\u00a0\u00a0\u00a0 Hace ya algo m\u00e1s de 25 a\u00f1os, all\u00e1 por noviembre de 1999, tuve el enorme placer de participar por tercera vez en el IX Certamen Nacional de Bandas de M\u00fasica de la Regi\u00f3n de Murcia en calidad de percusionista con una banda murciana, la Asociaci\u00f3n Musical <em>Maestro Eugenio Calder\u00f3n <\/em>de Mazarr\u00f3n. Fue una experiencia muy enriquecedora, puesto que conoc\u00ed un grupo entusiasta de j\u00f3venes m\u00fasicos ilusionados, trabajadores, estudiantes de m\u00fasica guiados por un gran director, un magn\u00edfico presidente, una directiva f\u00e9rrea y unos profesores que realizaban una labor impecable y con la siempre atenta mirada de unas madres y padres entregados a la causa; lo que no importaba era el premio, sino la educaci\u00f3n, la formaci\u00f3n y el est\u00edmulo de sus hijos.<\/p>\n<p>Recuerdo que hac\u00eda un a\u00f1o que hab\u00eda finalizado mis estudios superiores de Percusi\u00f3n y estaba preparando oposiciones, a la vez que continuaba mis estudios superiores de contrapunto, cursos de direcci\u00f3n de orquesta y la licenciatura de Filolog\u00eda Hisp\u00e1nica, por lo que me apasionaba el colaborar en este tipo de competiciones y pod\u00eda aportar mi granito de arena desde el atril. Hicimos varios ensayos con esta emprendedora agrupaci\u00f3n, tanto seccionales como de conjunto e iba conociendo cada vez m\u00e1s la gran tradici\u00f3n que hab\u00eda en Murcia. Siendo alicantino y bajo las fuertes influencias de tradici\u00f3n familiar, estos peque\u00f1os desaf\u00edos incrementaban mi pasi\u00f3n a lo largo de la geograf\u00eda espa\u00f1ola, incluso como abanderado en mis tiempos mozos, viviendo el ambiente desde dentro o como tribunal en varias ocasiones aqu\u00ed en Murcia, ya en mi \u00e9poca actual como oficial m\u00fasico.<\/p>\n<p>Me es grato recordar como instrumentista la organizaci\u00f3n del instrumental de Percusi\u00f3n, el estudio individual de la obra, la lectura de la misma con toda la banda, los ensayos parciales, los posibles arreglos para que toda la secci\u00f3n pudiera participar en el certamen, dependiendo a veces del n\u00famero de participantes seg\u00fan la secci\u00f3n; los conciertos antes del certamen a modo de ensayo para probar el resultado del pasodoble, de la siempre expectante obra obligada o la ilusionante obra libre y como no los proleg\u00f3menos a los ensayos; los ratos vividos con la secci\u00f3n instrumental, con los profesores de Percusi\u00f3n, el resto de profesores e instrumentistas de la banda o aportando mi formaci\u00f3n al resto de instrumentistas o finalmente las vivencias con los familiares e instrumentistas. Adem\u00e1s, las comidas o cenas previas al ensayo acentuaban el grado de convivencia con los componentes, familiares, simpatizantes de la banda y corporaci\u00f3n municipal, perfeccionando inherentemente en la afinaci\u00f3n, calidad sonora y din\u00e1micas, la calidad art\u00edstica de la interpretaci\u00f3n y finalmente la precisi\u00f3n r\u00edtmica; todo hac\u00eda que fuera una experiencia inolvidable. Recuerdo que el resultado fue muy positivo.<\/p>\n<p>Una vez que finalizamos nuestra interpretaci\u00f3n en el Teatro Romea, templo de las artes murcianas, tuve el placer de conocer a la actual y flamante presidenta de la Federaci\u00f3n de Bandas, Ginesa Zamora Saura y a una persona incansable que nos dej\u00f3 el pasado domingo 3 de agosto, Emilio Mart\u00ednez P\u00e9rez, Teniente en la Reserva del Cuerpo de M\u00fasicas Militares, especialidad clarinete y que me dec\u00eda: <em>maestro, esa secci\u00f3n de percusi\u00f3n ha sonado genial junto con la banda de Mazarr\u00f3n. <\/em>Abrumado y contento con el resultado, le daba las gracias por sus alentadoras y gratificantes observaciones.<\/p>\n<p>Emilio, caravaque\u00f1o y muy vinculado a su ciudad con la fuerza y el talante de un m\u00fasico de esta emblem\u00e1tica ciudad, era un luchador altruista en el noble arte de la M\u00fasica. Perteneci\u00f3 much\u00edsimos a\u00f1os a la Unidad de M\u00fasica de la Academia General del Aire y del Espacio, de la que casualmente soy el actual director de la misma; fue presidente de la Banda de San Pedro del Pinatar durante 17 a\u00f1os y directivo de la Federaci\u00f3n de Bandas de M\u00fasica de Murcia durante m\u00e1s de 15 a\u00f1os, ocupando distintos cargos. Todo el personal que lo conoc\u00eda en el Centro Docente Militar de Formaci\u00f3n hablaba maravillas de Emilio; estaba siempre para todos y en cuanto tuve el placer de conocerlo, puesto que no se hab\u00eda desligado de la Academia, colabor\u00f3 varias veces con nosotros estando en la reserva, demostrando toda su operatividad y humanidad en varios segundos. Actualmente, uno de sus hijos, el brillante Brigada M\u00fasico Bartolom\u00e9 Emilio Mart\u00ednez Garc\u00eda, est\u00e1 destinado con nosotros. Como decimos en las Fuerzas Armadas, <em>la muerte no es el final <\/em>querido Emilio, como tantas y tantas veces has interpretado esta pieza con tu clarinete y tanto has aportado a las bandas de la regi\u00f3n y a este tipo de actividades muy enriquecedoras, <em>seguro que nos seguir\u00e1s alentando desde lo m\u00e1s alto<\/em>. <em>Muchas gracias por tus servicios prestados.<\/em><\/p>\n<p>Finalmente quer\u00eda animar a la Federaci\u00f3n de Bandas a que sigan organizando estas actividades y a las bandas de Murcia y del resto de la geograf\u00eda a que participen. Sigamos el ejemplo del considerado Teniente en la reserva Emilio Mart\u00ednez y porqu\u00e9 no en breve organizar ya la XXX edici\u00f3n.<\/p>\n<p style=\"text-align: right;\"><strong>Jos\u00e9 Manuel Castell\u00f3 S\u00e1nchez<\/strong><\/p>\n<p style=\"text-align: right;\"><em>Comandante M\u00fasico<\/em><\/p>\n<script type=\"text\/javascript\">\n\nvar addthis_config = {\"data_track_clickback\":false,\"data_track_addressbar\":false,\"data_track_textcopy\":false,\"ui_atversion\":\"300\"};\nvar addthis_product = 'wpp-3.1';\n<\/script><script type=\"text\/javascript\" src=\"\/\/s7.addthis.com\/js\/300\/addthis_widget.js#pubid=112f3483c90ecf208d9ddb3794c68691\"><\/script>","protected":false},"excerpt":{"rendered":"<p>\u00ad\u00a0\u00a0\u00a0\u00a0\u00a0\u00a0\u00a0\u00a0\u00a0\u00a0\u00a0 \u00a0\u00a0\u00a0\u00a0\u00a0\u00a0\u00a0\u00a0\u00a0\u00a0\u00a0 Hace ya algo m\u00e1s de 25 a\u00f1os, all\u00e1 por noviembre de 1999, tuve el enorme placer de participar por tercera vez en el IX Certamen Nacional de Bandas de M\u00fasica de la Regi\u00f3n de Murcia en calidad de percusionista con una banda murciana, la Asociaci\u00f3n Musical Maestro Eugenio Calder\u00f3n de Mazarr\u00f3n. Fue una [&hellip;]<\/p>\n","protected":false},"author":10086,"featured_media":0,"comment_status":"open","ping_status":"closed","sticky":false,"template":"","format":"standard","meta":[],"categories":[1],"tags":[],"_links":{"self":[{"href":"https:\/\/blogs.laverdad.es\/febandasrmurcia\/wp-json\/wp\/v2\/posts\/871"}],"collection":[{"href":"https:\/\/blogs.laverdad.es\/febandasrmurcia\/wp-json\/wp\/v2\/posts"}],"about":[{"href":"https:\/\/blogs.laverdad.es\/febandasrmurcia\/wp-json\/wp\/v2\/types\/post"}],"author":[{"embeddable":true,"href":"https:\/\/blogs.laverdad.es\/febandasrmurcia\/wp-json\/wp\/v2\/users\/10086"}],"replies":[{"embeddable":true,"href":"https:\/\/blogs.laverdad.es\/febandasrmurcia\/wp-json\/wp\/v2\/comments?post=871"}],"version-history":[{"count":1,"href":"https:\/\/blogs.laverdad.es\/febandasrmurcia\/wp-json\/wp\/v2\/posts\/871\/revisions"}],"predecessor-version":[{"id":872,"href":"https:\/\/blogs.laverdad.es\/febandasrmurcia\/wp-json\/wp\/v2\/posts\/871\/revisions\/872"}],"wp:attachment":[{"href":"https:\/\/blogs.laverdad.es\/febandasrmurcia\/wp-json\/wp\/v2\/media?parent=871"}],"wp:term":[{"taxonomy":"category","embeddable":true,"href":"https:\/\/blogs.laverdad.es\/febandasrmurcia\/wp-json\/wp\/v2\/categories?post=871"},{"taxonomy":"post_tag","embeddable":true,"href":"https:\/\/blogs.laverdad.es\/febandasrmurcia\/wp-json\/wp\/v2\/tags?post=871"}],"curies":[{"name":"wp","href":"https:\/\/api.w.org\/{rel}","templated":true}]}}