{"id":873,"date":"2025-11-17T20:03:08","date_gmt":"2025-11-17T19:03:08","guid":{"rendered":"https:\/\/blogs.laverdad.es\/febandasrmurcia\/?p=873"},"modified":"2025-11-17T20:03:08","modified_gmt":"2025-11-17T19:03:08","slug":"oda-a-la-musica-en-el-xi-certamen-regional-de-bandas-de-musica-ciudad-de-aguilas","status":"publish","type":"post","link":"https:\/\/blogs.laverdad.es\/febandasrmurcia\/2025\/11\/17\/oda-a-la-musica-en-el-xi-certamen-regional-de-bandas-de-musica-ciudad-de-aguilas\/","title":{"rendered":"Oda a la m\u00fasica en el XI Certamen Regional de Bandas de M\u00fasica \u00abCiudad de \u00c1guilas\u00bb"},"content":{"rendered":"<p>El pasado domingo, 9 de noviembre, el Auditorio \u00abInfanta Do\u00f1a Elena\u00bb de \u00c1guilas se llen\u00f3 de m\u00fasica y emoci\u00f3n con la celebraci\u00f3n del XI Certamen Regional de Bandas de M\u00fasica \u00abCiudad de \u00c1guilas\u00bb, correspondiente a la 2.\u00aa Secci\u00f3n. M\u00e1s de setecientas personas, entre m\u00fasicos, directivos y amantes de la m\u00fasica, vivieron una jornada que reafirm\u00f3 el gran trabajo y calidad de las bandas de la Regi\u00f3n de Murcia. El evento estuvo organizado por la Federaci\u00f3n de Bandas de M\u00fasica de la Regi\u00f3n de Murcia y el Ayuntamiento de \u00c1guilas, con la colaboraci\u00f3n de la Banda Sinf\u00f3nica del Patronato Musical Aguile\u00f1o \u00abFrancisco D\u00edaz Romero\u00bb, anfitriona del certamen. La organizaci\u00f3n del evento permiti\u00f3 que todo transcurriera de manera fluida y agradable, haciendo que la experiencia fuera especialmente positiva tanto para los m\u00fasicos como para los asistentes. Adem\u00e1s, se cont\u00f3 con la presencia de la corporaci\u00f3n municipal del Ayuntamiento de \u00c1guilas, as\u00ed como del alcalde de Lorqu\u00ed, D. Joaqu\u00edn Hern\u00e1ndez Gom\u00e1riz, y de la directora general de Competitividad y Calidad Tur\u00edsticas de la Regi\u00f3n de Murcia, D\u00f1a. Eva Reverte.<\/p>\n<p><img loading=\"lazy\" class=\"wp-image-874 size-full aligncenter\" src=\"https:\/\/static-blogs.laverdad.es\/wp-content\/uploads\/sites\/139\/2025\/11\/certamenaguilas.jpg\" alt=\"\" width=\"569\" height=\"326\" srcset=\"https:\/\/static-blogs.laverdad.es\/wp-content\/uploads\/sites\/139\/2025\/11\/certamenaguilas.jpg 569w, https:\/\/static-blogs.laverdad.es\/wp-content\/uploads\/sites\/139\/2025\/11\/certamenaguilas-300x172.jpg 300w\" sizes=\"(max-width: 569px) 100vw, 569px\" \/><\/p>\n<p>El programa deb\u00eda constar de tres obras. La primera de ellas un pasodoble de libre elecci\u00f3n. La segunda es la obra obligada Jas\u00f3n, del compositor calasparre\u00f1o D. Jos\u00e9 V\u00e9lez Garc\u00eda. Por \u00faltimo, interpretaron una obra libre. El jurado estuvo formado por D. Jos\u00e9 Luis Llorca, natural de \u00c1guilas, D. V\u00edctor Engu\u00eddanos Royo, procedente de Ll\u00edria, y D. Jos\u00e9 V\u00e9lez Garc\u00eda, compositor de la obra obligada y natural de Calasparra.<br \/>\nEl certamen dio comienzo con la actuaci\u00f3n de la Asociaci\u00f3n Amigos de la M\u00fasica de Lorqu\u00ed, dirigida por D. Lorenzo Caravaca Mart\u00ednez, que present\u00f3 el pasodoble <em>Cien a\u00f1os de suspiros<\/em> de Santiago Quinto Serna, la obra obligada <em>Jas\u00f3n<\/em> de D. Jos\u00e9 V\u00e9lez Garc\u00eda y <em>Spartacus<\/em> de Jan Van der Roost. A continuaci\u00f3n, la Agrupaci\u00f3n Musical Nuestra Se\u00f1ora de la Soledad de Molinos Marfagones, bajo la direcci\u00f3n de D. Daniel S\u00e1nchez Ros, interpret\u00f3 <em>Cielo andaluz<\/em> (pasodoble) de Pascual Marquina, <em>Jas\u00f3n y Persis<\/em> de James L. Hosay. La tercera banda en subir al escenario fue la Soledad Art\u00edstico Musical Santa Cecilia de Pozo Estrecho, dirigida por D. Jos\u00e9 Vicente P\u00e9rez P\u00e9rez, que interpret\u00f3 <em>Andr\u00e9s Contrabandista<\/em> (pasodoble) de \u00d3scar Navarro, <em>Jas\u00f3n y Golden Land<\/em> de Sa\u00fal G\u00f3mez Soler. Fuera de concurso, actu\u00f3 la Banda Sinf\u00f3nica del Patronato Musical Aguile\u00f1o \u00abFrancisco D\u00edaz Romero\u00bb, bajo la batuta de D. Antonio C\u00e1novas Moreno, con un programa compuesto por <em>Art i Cultura<\/em> (pasodoble) de Iv\u00e1n Romero, <em>Artemisa<\/em> de \u00d3scar Navarro y <em>Cleopatra<\/em> de Amparo Edo.<\/p>\n<p>Tras la deliberaci\u00f3n, el primer premio, dotado con 3.000 euros, fue otorgado a la Soledad Art\u00edstico Musical Santa Cecilia de Pozo Estrecho; el segundo premio, con 2.000 euros, recay\u00f3 en la Asociaci\u00f3n Amigos de la M\u00fasica de Lorqu\u00ed; y el tercer premio, con 1.000 euros, fue para la Agrupaci\u00f3n Musical Nuestra Se\u00f1ora de la Soledad de Molinos Marfagones. Adem\u00e1s, todas las bandas recibieron un premio de participaci\u00f3n de 500 euros en reconocimiento a su esfuerzo y dedicaci\u00f3n.<\/p>\n<p>Cada banda, al participar, demostr\u00f3 su compromiso con la m\u00fasica y cada aplauso del p\u00fablico fue un reconocimiento al empe\u00f1o de todos. En este tipo de actividades, es de especial relevancia destacar la fuerza de la uni\u00f3n y el trabajo en equipo. Solo quien es m\u00fasico (o conoce muy bien a uno) sabe a la perfecci\u00f3n que cada banda refleja horas de ensayo, dedicaci\u00f3n y esfuerzo colectivo, donde cada uno aporta su m\u00e1ximo. En este momento, se debe destacar la enorme labor de los directores, que con su liderazgo e incansable labor han sido capaces de sacar lo mejor de todos y cada uno de los m\u00fasicos. Adem\u00e1s, la experiencia trasciende el escenario pues las familias apoyan y celebran cada logro.<\/p>\n<p>M\u00e1s all\u00e1 de los galardones, el certamen volvi\u00f3 a demostrar su gran valor educativo, social y cultural. Cada edici\u00f3n impulsa a las bandas a superarse, a seguir mejorando, a caminar hacia delante, consiguiendo acercar la m\u00fasica de banda a todos. De esta forma concluy\u00f3 el XI Certamen Regional de Bandas de M\u00fasica \u00abCiudad de \u00c1guilas\u00bb, con una sensaci\u00f3n compartida de orgullo y satisfacci\u00f3n, pues el certamen reafirma que la m\u00fasica no solo se toca, sino que se siente, se comparte y transforma a quienes participan y a quienes la escuchan.<\/p>\n<p style=\"text-align: right;\">Javier Robles S\u00e1nchez<\/p>\n<script type=\"text\/javascript\">\n\nvar addthis_config = {\"data_track_clickback\":false,\"data_track_addressbar\":false,\"data_track_textcopy\":false,\"ui_atversion\":\"300\"};\nvar addthis_product = 'wpp-3.1';\n<\/script><script type=\"text\/javascript\" src=\"\/\/s7.addthis.com\/js\/300\/addthis_widget.js#pubid=112f3483c90ecf208d9ddb3794c68691\"><\/script>","protected":false},"excerpt":{"rendered":"<p>El pasado domingo, 9 de noviembre, el Auditorio \u00abInfanta Do\u00f1a Elena\u00bb de \u00c1guilas se llen\u00f3 de m\u00fasica y emoci\u00f3n con la celebraci\u00f3n del XI Certamen Regional de Bandas de M\u00fasica \u00abCiudad de \u00c1guilas\u00bb, correspondiente a la 2.\u00aa Secci\u00f3n. M\u00e1s de setecientas personas, entre m\u00fasicos, directivos y amantes de la m\u00fasica, vivieron una jornada que reafirm\u00f3 [&hellip;]<\/p>\n","protected":false},"author":10086,"featured_media":0,"comment_status":"open","ping_status":"closed","sticky":false,"template":"","format":"standard","meta":[],"categories":[1],"tags":[],"_links":{"self":[{"href":"https:\/\/blogs.laverdad.es\/febandasrmurcia\/wp-json\/wp\/v2\/posts\/873"}],"collection":[{"href":"https:\/\/blogs.laverdad.es\/febandasrmurcia\/wp-json\/wp\/v2\/posts"}],"about":[{"href":"https:\/\/blogs.laverdad.es\/febandasrmurcia\/wp-json\/wp\/v2\/types\/post"}],"author":[{"embeddable":true,"href":"https:\/\/blogs.laverdad.es\/febandasrmurcia\/wp-json\/wp\/v2\/users\/10086"}],"replies":[{"embeddable":true,"href":"https:\/\/blogs.laverdad.es\/febandasrmurcia\/wp-json\/wp\/v2\/comments?post=873"}],"version-history":[{"count":1,"href":"https:\/\/blogs.laverdad.es\/febandasrmurcia\/wp-json\/wp\/v2\/posts\/873\/revisions"}],"predecessor-version":[{"id":875,"href":"https:\/\/blogs.laverdad.es\/febandasrmurcia\/wp-json\/wp\/v2\/posts\/873\/revisions\/875"}],"wp:attachment":[{"href":"https:\/\/blogs.laverdad.es\/febandasrmurcia\/wp-json\/wp\/v2\/media?parent=873"}],"wp:term":[{"taxonomy":"category","embeddable":true,"href":"https:\/\/blogs.laverdad.es\/febandasrmurcia\/wp-json\/wp\/v2\/categories?post=873"},{"taxonomy":"post_tag","embeddable":true,"href":"https:\/\/blogs.laverdad.es\/febandasrmurcia\/wp-json\/wp\/v2\/tags?post=873"}],"curies":[{"name":"wp","href":"https:\/\/api.w.org\/{rel}","templated":true}]}}