{"id":93,"date":"2018-08-21T17:48:30","date_gmt":"2018-08-21T15:48:30","guid":{"rendered":"https:\/\/blogs.laverdad.es\/febandasrmurcia\/?p=93"},"modified":"2018-08-29T12:44:38","modified_gmt":"2018-08-29T10:44:38","slug":"banda-de-la-federacion","status":"publish","type":"post","link":"https:\/\/blogs.laverdad.es\/febandasrmurcia\/2018\/08\/21\/banda-de-la-federacion\/","title":{"rendered":"Banda de la Federaci\u00f3n"},"content":{"rendered":"<p>La Banda Sinf\u00f3nica de la Federaci\u00f3n es una formaci\u00f3n instrumental de viento, cuerda y percusi\u00f3n formada por j\u00f3venes m\u00fasicos de entre 16 a 25 a\u00f1os con nivel instrumental notable provenientes de las diferentes Agrupaciones musicales y Bandas de la Regi\u00f3n de Murcia.<\/p>\n<p>Esta formaci\u00f3n, decana de las Bandas de las Federaciones Regionales espa\u00f1olas, nace y desarrolla su trayectoria con la ilusi\u00f3n y esfuerzo de los directivos y asociaciones federadas empe\u00f1adas en que \u00e9sta sea su m\u00e1ximo representante art\u00edstico dentro y fuera de nuestra regi\u00f3n.<\/p>\n<p>Hizo su concierto de presentaci\u00f3n el d\u00eda 27 de diciembre de 1997 en la Sala Narciso Yepes del Auditorio y Centro de Congresos de la Regi\u00f3n de Murcia.<\/p>\n<p>En Octubre de 1998 particip\u00f3 en el IV Festival de Bandas de M\u00fasica de \u00c1mbito Estatal celebrado en el Auditorio y Centro de Congresos de la Regi\u00f3n de Murcia.<\/p>\n<p>En Febrero de 1999, grab\u00f3 un CD titulado \u201cMarchas Procesionales de la Regi\u00f3n de Murcia\u201d. Desde su creaci\u00f3n, la Banda Sinf\u00f3nica de la Federaci\u00f3n ha realizado conciertos en varias localidades de nuestra regi\u00f3n: San Pedro del Pinatar, Calasparra, Yecla, Beniaj\u00e1n, as\u00ed como en el Auditorio de Galicia en Santiago de Compostela con motivo de la celebraci\u00f3n del V Festival de Bandas de M\u00fasica de \u00c1mbito Estatal.<\/p>\n<p>Las actuaciones de la Banda Sinf\u00f3nica de la Federaci\u00f3n han sido numerosas, destacando las del Auditorio Regional, donde realiz\u00f3 un concierto dentro de las actividades del I Centenario del pasodoble &#8220;Suspiros de Espa\u00f1a&#8221; en Murcia en Mayo de 2002; el 20 de septiembre de 2002 particip\u00f3 en el I Festival Homenaje a las Bandas Militares de la Regi\u00f3n de Murcia al que asistieron la Banda de M\u00fasica del Tercio de Levante de Infanter\u00eda de Marina de Cartagena y la Banda de M\u00fasica de la Academia General del Aire de San Javier; a finales de diciembre de 2002 ofreci\u00f3 un concierto de Compositores Murcianos para Banda de M\u00fasica. El 4 de mayo de 2003 intervino en el I Encuentro de Bandas Sinf\u00f3nicas Federales de M\u00fasica de la Federaci\u00f3n Valenciana de Sociedades Musicales y de la Federaci\u00f3n de Bandas de M\u00fasica de la Regi\u00f3n de Murcia con un enorme \u00e9xito de p\u00fablico y de nivel interpretativo de ambas formaciones en un selecto y ambicioso repertorio de m\u00fasica para banda. La B.S.F. actu\u00f3 el 19 de julio de 2003 en Beniaj\u00e1n en los actos del XXV Aniversario de la Agrupaci\u00f3n Musical de Beniaj\u00e1n junto a la Lira Castellonense de Villanueva de Castell\u00f3n y la banda anfitriona.<\/p>\n<p>El d\u00eda 1 de febrero de 2004, particip\u00f3 en el II Encuentro de Bandas Sinf\u00f3nicas Federales de M\u00fasica de Murcia y Valencia en el Teatro Principal de Castell\u00f3n, obteniendo un gran \u00e9xito de cr\u00edtica por su interpretaci\u00f3n art\u00edstica.<\/p>\n<p>El d\u00eda 7 de febrero de 2004, \u00e9sta Banda Sinf\u00f3nica, grab\u00f3 el \u201cHimno de la ciudad de Murcia\u201d, para un CD patrocinado por el Ayuntamiento de esta ciudad, en colaboraci\u00f3n con la coral \u201cDiscantus\u201dy el tenor Gin\u00e9s Torrano.<\/p>\n<p>Durante los d\u00edas 4 y 5 de Marzo de 2006, la Banda de la Federaci\u00f3n grab\u00f3 un CD dedicado a la m\u00fasica m\u00e1s popular de nuestro pa\u00eds, como son los Pasodobles y las Zarzuelas, incluyendo pasodobles tan conocidos como Suspiros de Espa\u00f1a, Tercio de Quites, Ecos Espa\u00f1oles, y selecciones de zarzuelas como El Tambor de Granaderos, La Boda de Lu\u00eds Alonso, etc.<\/p>\n<p>El 7 de Mayo de 2006, invitada por Patrimonio Nacional y la Unidad de M\u00fasica de la Guardia Real, la Banda realizo un concierto en la Plaza de Oriente delante de la puerta principal del Palacio Real de Madrid, donde abri\u00f3 el XVIII Festival de M\u00fasica \u201cPrimavera Musical en Palacio\u201d, con un gran \u00e9xito art\u00edstico puesto de manifiesto por el p\u00fablico asistente.<\/p>\n<p>El 15 de Septiembre de 2007, invitada por el Ayto. de Albacete, realiz\u00f3 un concierto en el Auditorio Municipal dentro del 96\u00ba Festival Nacional de Bandas que se organiza durante la feria de \u00e9sta ciudad manchega.<\/p>\n<p>El 5 de Diciembre de 2007 actu\u00f3 en el Teatro Guimer\u00e1 de Sta.Cruz de Tenerife, con motivo de la apertura de la XIV Asamblea General de la Confederaci\u00f3n Espa\u00f1ola de Sociedades Musicales.<\/p>\n<p>El 22 de de Diciembre de 2007, la Banda Sinf\u00f3nica celebr\u00f3 su X Aniversario con un concierto en el Auditorio y Centro de Congresos de la Regi\u00f3n de Murcia.<\/p>\n<p>Con la Banda Sinf\u00f3nica de la Federaci\u00f3n han actuado como director invitado Jos\u00e9 Rafael Pascual Vilaplana y como solistas Francisco Jos\u00e9 Gonz\u00e1lez Campillo (Saxof\u00f3n), Cristina Esclapez y Juan Gadea (Piano), V\u00edctor del Castillo (Bar\u00edtono), Gin\u00e9s Torrano (Tenor) y Juan Bastida (Actor).<\/p>\n<p>El primer director fue D. \u00c1ngel Quereda Barcel\u00f3. A partir de la toma de posesi\u00f3n de la Junta Directiva en 2009, se revitaliz\u00f3 la Banda Sinf\u00f3nica, por proyectos anuales, siendo dirigida por: D. Andr\u00e9s P\u00e9rez Bernab\u00e9 (2010), D. Jos\u00e9 Ib\u00e1\u00f1ez Barrachina (2011), D. \u00c1ngel Hern\u00e1ndez Azor\u00edn (2012), D. Jaime Ismael Engu\u00eddanos Royo (2012), D. Juli\u00e1n Andreo Jim\u00e9nez (2013), D. Salvador P\u00e9rez S\u00e1nchez (2016), D. V\u00edctor Cano S\u00e1nchez (2016) y D. Jos\u00e9 Miguel Rodilla (2017).<\/p>\n<p>La Banda Sinf\u00f3nica de la Federaci\u00f3n es la formaci\u00f3n que sustenta los Convenios con la Universidad Polit\u00e9cnica de Cartagena, con la Universidad de Murcia y el Conservatorio Superior de M\u00fasica de Murcia, que proporcionan cr\u00e9ditos de libre configuraci\u00f3n a los m\u00fasicos de ambas Universidades y de Conservatorio Superior de M\u00fasica de Murcia.<\/p>\n<p>En 2017 la Banda Sinf\u00f3nica de la Federaci\u00f3n ha cumplido XX a\u00f1os de vida y este a\u00f1o 2018 ya trabaja en un nuevo proyecto dirigido por D. Jaime Belda Cantavella.<\/p>\n<style>\n.voc-author-info time { display:none;!important;}\n.voc-topics voc-detail-grid voc-topics--at-right-column h3 { display:none;!important;}\n#comments { display:none;!important;}\n.voc-topics--at-right-column {   display: none;}\n<\/style>\n<script type=\"text\/javascript\">\n\nvar addthis_config = {\"data_track_clickback\":false,\"data_track_addressbar\":false,\"data_track_textcopy\":false,\"ui_atversion\":\"300\"};\nvar addthis_product = 'wpp-3.1';\n<\/script><script type=\"text\/javascript\" src=\"\/\/s7.addthis.com\/js\/300\/addthis_widget.js#pubid=112f3483c90ecf208d9ddb3794c68691\"><\/script>","protected":false},"excerpt":{"rendered":"<p>La Banda Sinf\u00f3nica de la Federaci\u00f3n es una formaci\u00f3n instrumental de viento, cuerda y percusi\u00f3n formada por j\u00f3venes m\u00fasicos de entre 16 a 25 a\u00f1os con nivel instrumental notable provenientes de las diferentes Agrupaciones musicales y Bandas de la Regi\u00f3n de Murcia. Esta formaci\u00f3n, decana de las Bandas de las Federaciones Regionales espa\u00f1olas, nace y [&hellip;]<\/p>\n","protected":false},"author":10086,"featured_media":0,"comment_status":"open","ping_status":"closed","sticky":false,"template":"","format":"standard","meta":[],"categories":[1],"tags":[],"_links":{"self":[{"href":"https:\/\/blogs.laverdad.es\/febandasrmurcia\/wp-json\/wp\/v2\/posts\/93"}],"collection":[{"href":"https:\/\/blogs.laverdad.es\/febandasrmurcia\/wp-json\/wp\/v2\/posts"}],"about":[{"href":"https:\/\/blogs.laverdad.es\/febandasrmurcia\/wp-json\/wp\/v2\/types\/post"}],"author":[{"embeddable":true,"href":"https:\/\/blogs.laverdad.es\/febandasrmurcia\/wp-json\/wp\/v2\/users\/10086"}],"replies":[{"embeddable":true,"href":"https:\/\/blogs.laverdad.es\/febandasrmurcia\/wp-json\/wp\/v2\/comments?post=93"}],"version-history":[{"count":6,"href":"https:\/\/blogs.laverdad.es\/febandasrmurcia\/wp-json\/wp\/v2\/posts\/93\/revisions"}],"predecessor-version":[{"id":210,"href":"https:\/\/blogs.laverdad.es\/febandasrmurcia\/wp-json\/wp\/v2\/posts\/93\/revisions\/210"}],"wp:attachment":[{"href":"https:\/\/blogs.laverdad.es\/febandasrmurcia\/wp-json\/wp\/v2\/media?parent=93"}],"wp:term":[{"taxonomy":"category","embeddable":true,"href":"https:\/\/blogs.laverdad.es\/febandasrmurcia\/wp-json\/wp\/v2\/categories?post=93"},{"taxonomy":"post_tag","embeddable":true,"href":"https:\/\/blogs.laverdad.es\/febandasrmurcia\/wp-json\/wp\/v2\/tags?post=93"}],"curies":[{"name":"wp","href":"https:\/\/api.w.org\/{rel}","templated":true}]}}