{"id":1118,"date":"2017-12-14T19:30:32","date_gmt":"2017-12-14T18:30:32","guid":{"rendered":"http:\/\/blogs.laverdad.es\/jalozate\/?p=1118"},"modified":"2017-12-14T19:30:32","modified_gmt":"2017-12-14T18:30:32","slug":"programa-para-mejorar-a-personas-con-trastornos-emocionales","status":"publish","type":"post","link":"https:\/\/blogs.laverdad.es\/jalozate\/2017\/12\/14\/programa-para-mejorar-a-personas-con-trastornos-emocionales\/","title":{"rendered":"Programa para mejorar a personas con trastornos emocionales"},"content":{"rendered":"<p>El Laboratorio de Psicolog\u00eda y Tecnolog\u00eda de la Universitat Jaume I de Castell\u00f3n y la Universitat de Val\u00e8ncia (Labpsitec), coordinado por las catedr\u00e1ticas Cristina Botella y Rosa Ba\u00f1os, ha desarrollado CORE, un programa de entrenamiento gratuito y autoaplicado mediante Internet de mejora del bienestar psicol\u00f3gico que permite aprender nuevas habilidades y fortalezas para afrontar los trastornos adaptativos u otros trastornos emocionales.<\/p>\n<p>El laboratorio espa\u00f1ol lidera uno de los paquetes de trabajo del proyecto europeo Integrating Technology into Mental Health Care Delivery in Europe (ICare), financiado por la Comisi\u00f3n Europea con casi cinco millones de euros (378.070 gestionados por la UJI), dentro del programa H2020 (Research and Innovation Framework Programme) en el que participan centros de investigaci\u00f3n de seis pa\u00edses europeos: Alemania, Austria, Holanda, Reino Unido, Suiza y Espa\u00f1a.<\/p>\n<p>Este programa utiliza una plataforma online y la aplicaci\u00f3n m\u00f3vil Minddistrict y ofrece un amplio abanico de t\u00e9cnicas basadas en la evidencia (terapia cognitivo comportamental, activaci\u00f3n conductual, reestructuraci\u00f3n cognitiva, soluci\u00f3n de problemas, mindfulness, auto-compasi\u00f3n, entre otras).<\/p>\n<p>En el Laboratorio de Psicolog\u00eda y Tecnolog\u00eda (LabPsiTec), de la Universidad Jaume I de Castell\u00f3n y de la Universidad de Valencia, llevan m\u00e1s de 25 a\u00f1os investigando las posibilidades que las Nuevas Tecnolog\u00edas de la Informaci\u00f3n y la Comunicaci\u00f3n (TICs) pueden ofrecer a la Psicolog\u00eda Cl\u00ednica. Estas herramientas (Realidad Virtual, Realidad Aumentada, Internet, sistemas m\u00f3viles, etc.) pueden ser utilizadas para la evaluaci\u00f3n y el tratamiento, as\u00ed como para el estudio de los procesos psicol\u00f3gicos b\u00e1sicos.<\/p>\n<p>M\u00e1s en:<\/p>\n<p>https:\/\/goo.gl\/kpMnPZ<\/p>\n","protected":false},"excerpt":{"rendered":"<p>El Laboratorio de Psicolog\u00eda y Tecnolog\u00eda de la Universitat Jaume I de Castell\u00f3n y la Universitat de Val\u00e8ncia (Labpsitec), coordinado por las catedr\u00e1ticas Cristina Botella y Rosa Ba\u00f1os, ha desarrollado CORE, un programa de entrenamiento gratuito y autoaplicado mediante Internet de mejora del bienestar psicol\u00f3gico que permite aprender nuevas habilidades y fortalezas para afrontar los [&hellip;]<\/p>\n","protected":false},"author":28,"featured_media":0,"comment_status":"open","ping_status":"closed","sticky":false,"template":"","format":"standard","meta":[],"categories":[1],"tags":[],"_links":{"self":[{"href":"https:\/\/blogs.laverdad.es\/jalozate\/wp-json\/wp\/v2\/posts\/1118"}],"collection":[{"href":"https:\/\/blogs.laverdad.es\/jalozate\/wp-json\/wp\/v2\/posts"}],"about":[{"href":"https:\/\/blogs.laverdad.es\/jalozate\/wp-json\/wp\/v2\/types\/post"}],"author":[{"embeddable":true,"href":"https:\/\/blogs.laverdad.es\/jalozate\/wp-json\/wp\/v2\/users\/28"}],"replies":[{"embeddable":true,"href":"https:\/\/blogs.laverdad.es\/jalozate\/wp-json\/wp\/v2\/comments?post=1118"}],"version-history":[{"count":1,"href":"https:\/\/blogs.laverdad.es\/jalozate\/wp-json\/wp\/v2\/posts\/1118\/revisions"}],"predecessor-version":[{"id":1119,"href":"https:\/\/blogs.laverdad.es\/jalozate\/wp-json\/wp\/v2\/posts\/1118\/revisions\/1119"}],"wp:attachment":[{"href":"https:\/\/blogs.laverdad.es\/jalozate\/wp-json\/wp\/v2\/media?parent=1118"}],"wp:term":[{"taxonomy":"category","embeddable":true,"href":"https:\/\/blogs.laverdad.es\/jalozate\/wp-json\/wp\/v2\/categories?post=1118"},{"taxonomy":"post_tag","embeddable":true,"href":"https:\/\/blogs.laverdad.es\/jalozate\/wp-json\/wp\/v2\/tags?post=1118"}],"curies":[{"name":"wp","href":"https:\/\/api.w.org\/{rel}","templated":true}]}}