{"id":207,"date":"2016-11-23T19:30:56","date_gmt":"2016-11-23T18:30:56","guid":{"rendered":"http:\/\/blogs.laverdad.es\/lamurciaquenovemos\/?p=207"},"modified":"2016-11-23T19:30:56","modified_gmt":"2016-11-23T18:30:56","slug":"un-busto-al-fin-para-echegaray","status":"publish","type":"post","link":"https:\/\/blogs.laverdad.es\/lamurciaquenovemos\/2016\/11\/23\/un-busto-al-fin-para-echegaray\/","title":{"rendered":"Un busto (al fin) para Echegaray"},"content":{"rendered":"<p><a href=\"\/lamurciaquenovemos\/wp-content\/uploads\/sites\/5\/2016\/11\/IMG-20161021-WA0004.jpg\"><img loading=\"lazy\" class=\"wp-image-208 alignright\" title=\"IMG-20161021-WA0004\" src=\"\/lamurciaquenovemos\/wp-content\/uploads\/sites\/5\/2016\/11\/IMG-20161021-WA0004.jpg\" alt=\"\" width=\"346\" height=\"614\" srcset=\"https:\/\/static-blogs.laverdad.es\/wp-content\/uploads\/sites\/5\/2016\/11\/IMG-20161021-WA0004.jpg 747w, https:\/\/static-blogs.laverdad.es\/wp-content\/uploads\/sites\/5\/2016\/11\/IMG-20161021-WA0004-169x300.jpg 169w, https:\/\/static-blogs.laverdad.es\/wp-content\/uploads\/sites\/5\/2016\/11\/IMG-20161021-WA0004-576x1024.jpg 576w\" sizes=\"(max-width: 346px) 100vw, 346px\" \/><\/a>La ciudad de Murcia rendir\u00e1 homenaje a uno de los dos premios Nobel de Literatura que atesora en su historia. El primero de ellos es Jacinto Benavente, cuyo padre era hijo del conserje de la Sociedad Econ\u00f3mica de Amigos del Pa\u00eds de la ciudad. Y el segundo, Jos\u00e9 Echegaray, a quien honrar\u00e1 el Ayuntamiento cuando se cumple un siglo desde su muerte. El homenaje, que se realizar\u00e1 en los pr\u00f3ximos d\u00edas, incluye la colocaci\u00f3n de un busto de bronce en recuerdo de su memoria, obra de Manuel Nicol\u00e1s Almansa.<!--more--><\/p>\n<p>Jos\u00e9 Echegaray fue ingeniero, economista, matem\u00e1tico, diputado, senador, ministro y miembro de tres Academias. Aunque naci\u00f3 en Madrid en 1832, se traslad\u00f3 en 1835 a Murcia, donde su padre obtuvo la C\u00e1tedra de Agricultura del Instituto Alfonso X el Sabio. La familia se estableci\u00f3 en la calle Puxmarina, cerca del futuro Teatro Romea. El ni\u00f1o pronto demostr\u00f3 unas dotes sobresalientes para el aprendizaje. Durante su formaci\u00f3n destac\u00f3 en el conocimiento de las matem\u00e1ticas, hasta el extremo de utilizar trozos de yeso para tapizar con complejas f\u00f3rmulas las puertas de las habitaciones de su hogar. El futuro primer Nobel de Literatura permaneci\u00f3 en la ciudad hasta los 14 a\u00f1os.<\/p>\n<p><strong>\u00abFui ni\u00f1o en Murcia\u00bb<\/strong><\/p>\n<p>Muchos a\u00f1os m\u00e1s tarde, ya superadas las puertas de la gloria literaria, Echegaray recordar\u00eda que \u00abyo fui ni\u00f1o en Murcia y no lo he vuelto a ser en ninguna parte\u00bb. No era un cumplido. En 1905, cuando ya hab\u00eda logrado el Nobel, el autor escribir\u00eda: \u00ab\u00a1Cu\u00e1ntas cometas, estrellas y barriletes he remontado yo en Murcia cuando chico, desde la alegre azotea o desde la hermosa huerta pr\u00f3xima al Malec\u00f3n, o desde la f\u00e1brica de Salitre! Yo remontaba cometas por jugar, porque me regocijaba ver sobre el hermoso azul del cielo murciano unos cuantos pliegos de papel con armaz\u00f3n de ca\u00f1as\u00bb.<\/p>\n<p>En otra de sus aportaciones insist\u00eda en que \u00abpuedo llamarme murciano, con gran derecho, si es que nuestra tierra es la tierra en donde desarrollamos nuestro cuerpo y formamos nuestro esp\u00edritu. No he nacido en Murcia, pero en ella me he criado, y los primeros recuerdos que tengo de mi ni\u00f1ez los tengo de Murcia (&#8230;). Aqu\u00ed, para mis adentros, \u00a1me siento murciano! \u00a1Muy murciano!\u00bb. La idea del busto surgi\u00f3 hace ahora dos a\u00f1os a propuesta de un servidor en el deseo de que no pasara desapercibida la efem\u00e9rides. El alcalde, Jos\u00e9 Ballesta, la har\u00e1 ahora realidad en unos d\u00edas. Durante la inauguraci\u00f3n se proceder\u00e1 tambi\u00e9n a la colocaci\u00f3n de una placa conmemorativa, iniciativa impulsada por el escritor Santiago Delgado.<\/p>\n","protected":false},"excerpt":{"rendered":"<p>La ciudad de Murcia rendir\u00e1 homenaje a uno de los dos premios Nobel de Literatura que atesora en su historia. El primero de ellos es Jacinto Benavente, cuyo padre era hijo del conserje de la Sociedad Econ\u00f3mica de Amigos del Pa\u00eds de la ciudad. Y el segundo, Jos\u00e9 Echegaray, a quien honrar\u00e1 el Ayuntamiento cuando [&hellip;]<\/p>\n","protected":false},"author":7,"featured_media":0,"comment_status":"open","ping_status":"open","sticky":false,"template":"","format":"standard","meta":[],"categories":[32],"tags":[122,208,125,209],"_links":{"self":[{"href":"https:\/\/blogs.laverdad.es\/lamurciaquenovemos\/wp-json\/wp\/v2\/posts\/207"}],"collection":[{"href":"https:\/\/blogs.laverdad.es\/lamurciaquenovemos\/wp-json\/wp\/v2\/posts"}],"about":[{"href":"https:\/\/blogs.laverdad.es\/lamurciaquenovemos\/wp-json\/wp\/v2\/types\/post"}],"author":[{"embeddable":true,"href":"https:\/\/blogs.laverdad.es\/lamurciaquenovemos\/wp-json\/wp\/v2\/users\/7"}],"replies":[{"embeddable":true,"href":"https:\/\/blogs.laverdad.es\/lamurciaquenovemos\/wp-json\/wp\/v2\/comments?post=207"}],"version-history":[{"count":0,"href":"https:\/\/blogs.laverdad.es\/lamurciaquenovemos\/wp-json\/wp\/v2\/posts\/207\/revisions"}],"wp:attachment":[{"href":"https:\/\/blogs.laverdad.es\/lamurciaquenovemos\/wp-json\/wp\/v2\/media?parent=207"}],"wp:term":[{"taxonomy":"category","embeddable":true,"href":"https:\/\/blogs.laverdad.es\/lamurciaquenovemos\/wp-json\/wp\/v2\/categories?post=207"},{"taxonomy":"post_tag","embeddable":true,"href":"https:\/\/blogs.laverdad.es\/lamurciaquenovemos\/wp-json\/wp\/v2\/tags?post=207"}],"curies":[{"name":"wp","href":"https:\/\/api.w.org\/{rel}","templated":true}]}}