{"id":213,"date":"2016-10-16T19:33:32","date_gmt":"2016-10-16T18:33:32","guid":{"rendered":"http:\/\/blogs.laverdad.es\/lamurciaquenovemos\/?p=213"},"modified":"2016-10-16T19:33:32","modified_gmt":"2016-10-16T18:33:32","slug":"las-grietas-y-el-abandono-cercan-el-historico-eremitorio-de-la-luz","status":"publish","type":"post","link":"https:\/\/blogs.laverdad.es\/lamurciaquenovemos\/2016\/10\/16\/las-grietas-y-el-abandono-cercan-el-historico-eremitorio-de-la-luz\/","title":{"rendered":"Las grietas y el abandono cercan el hist\u00f3rico eremitorio de La Luz"},"content":{"rendered":"<p><a href=\"\/lamurciaquenovemos\/wp-content\/uploads\/sites\/5\/2016\/11\/104163932.jpg\"><img loading=\"lazy\" class=\"alignleft size-full wp-image-214\" title=\"104163932\" src=\"\/lamurciaquenovemos\/wp-content\/uploads\/sites\/5\/2016\/11\/104163932.jpg\" alt=\"\" width=\"575\" height=\"501\" srcset=\"https:\/\/static-blogs.laverdad.es\/wp-content\/uploads\/sites\/5\/2016\/11\/104163932.jpg 575w, https:\/\/static-blogs.laverdad.es\/wp-content\/uploads\/sites\/5\/2016\/11\/104163932-300x261.jpg 300w\" sizes=\"(max-width: 575px) 100vw, 575px\" \/><\/a>Si alguien desea recordar c\u00f3mo era el eremitorio de La Luz deber\u00eda darse prisa en subir al monte. Porque el hist\u00f3rico complejo monacal se desploma a pedazos. Literalmente. Y sus actuales ocupantes, unos religiosos que en 2007 sustituyeron a los antiguos frailes legos, intentan en vano que no se les caiga sobre sus cabezas, adem\u00e1s de reformar algunos espacios sin contar con los preceptivos permisos de la Direcci\u00f3n General de Cultura.<!--more--><\/p>\n<p>Los desconchones en la nave principal del templo, inaugurada en 1801 y reformada durante el siglo pasado, ya han dejado paso a profundas grietas que, en algunas estructuras, alcanzan dimensiones alarmantes. Es el caso, por ejemplo, de la gran c\u00fapula sobre el altar mayor, donde son perceptibles desde el suelo y a varios metros de distancia, o en el campanario. A ello se suma la degradaci\u00f3n y humedades en paredes y pavimentos y el cambio en la est\u00e9tica de la mayor\u00eda de las capillas, con repintados de dudoso gusto incluidos.<\/p>\n<div>El resto de espacios no es visitable porque pertenece a la clausura de la orden conocida como Ermita\u00f1os de Nuestra Se\u00f1ora de la Luz. Pero el estado general, como aseguran fuentes pr\u00f3ximas a la comunidad, es incluso peor que el de la iglesia. Desde luego, el tambi\u00e9n hist\u00f3rico huerto de la comunidad solo es un recuerdo y se desconoce el estado de la cripta donde, durante siglos, se enterraron los frailes. O la maquinaria que utilizaron para elaborar el popular chocolate de La Luz, elaborado con algarrobas.<\/div>\n<div id=\"layer-inpage\" data-google-query-id=\"CJ_UgMnJydACFUenUQodqoYKdw\">\n<div id=\"google_ads_iframe_\/4900\/vocento.laverdad\/murcia\/\/actualidad\/\/murcia\/\/noticias_12__container__\"><iframe id=\"google_ads_iframe_\/4900\/vocento.laverdad\/murcia\/\/actualidad\/\/murcia\/\/noticias_12\" title=\"3rd party ad content\" name=\"google_ads_iframe_\/4900\/vocento.laverdad\/murcia\/\/actualidad\/\/murcia\/\/noticias_12\" frameborder=\"0\" marginwidth=\"0\" marginheight=\"0\" scrolling=\"no\" width=\"1\" height=\"1\"><\/iframe><\/div>\n<\/div>\n<div id=\"roba_cintillo\"><\/div>\n<p>El exterior del eremitorio no est\u00e1 en mejor situaci\u00f3n. Las grietas se extienden al campanario, que a\u00fan sujeta dos campanas, y la pintura de todo el entorno presenta m\u00e1s desconchados y humedades. En un patio contiguo a la plazuela de entrada al templo permanece aparcada una destartalada caravana que despierta la curiosidad, cuando no la indignaci\u00f3n, de los visitantes que se acercan a La Luz.<\/p>\n<p><strong>\u00bfInquilinos legales?<\/strong><\/p>\n<p>El complejo est\u00e1 formado por otros edificios de finalidades bien distintas. Algunos de ellos, por si fuera poco, fueron arrendados por los frailes en su d\u00eda a familias murcianas, percibiendo a cambio un arrendamiento. Esta situaci\u00f3n, por otro lado, resulta supuestamente ilegal por cuanto todas las casas que ocupaban pertenecen, con la ley en la mano, al Ayuntamiento de Murcia, cuyas arcas no perciben ni un c\u00e9ntimo por esos conceptos.<\/p>\n<p>\u00bfY por qu\u00e9 el Consistorio es el propietario y el Obispado el poseedor? Para aclararlo basta con atender a la historia. Uno de los primeros documentos sobre la existencia del lugar se remonta a 1429. En aquel a\u00f1o, el Concejo permiti\u00f3 a un ermita\u00f1o, de nombre Pedro Busquete, utilizar las aguas de un manantial ubicado en la zona. Desde ese momento, el lugar atrajo a incontables eremitas que, en muchos casos, disfrutaron en vida fama de santidad. Y, en otros, tuvieron que padecerla. Como le sucedi\u00f3 al eremita Juan, quien ocupaba una cueva donde hoy se levanta la ermita de San Antonio el Pobre: tuvo que recluirse en un convento pues las continuas visitas no lo dejaban rezar. Poco a poco, la sierra se llen\u00f3 de peque\u00f1as capillas, hasta que se erigieron en comunidad all\u00e1 por 1696. Y enseguida el Consistorio apadrin\u00f3 a los frailes, lo que a la larga salvar\u00eda el monasterio de su desaparici\u00f3n en la desamortizaci\u00f3n de Mendiz\u00e1bal.<\/p>\n<p>Fue entonces cuando los frailes se convirtieron, de forma oficial, en \u00ablabradores\u00bb y funcionarios municipales que pagaban una arrendamiento por explotar el eremitorio. De ah\u00ed data la propiedad p\u00fablica sobre el lugar, aunque la posesi\u00f3n recae, seg\u00fan la tradici\u00f3n, en el Obispado \u00abmientras quede un fraile vivo\u00bb.<\/p>\n<p>Entrado el siglo XX, un Consistorio republicano intent\u00f3 recuperar la finca. Pero las protestas de los murcianos disuadieron a los ediles. Aunque en 1936, con el inicio de la Guerra Civil, el edificio fue asaltado. Im\u00e1genes de Francisco Salzillo y un cuadro de Murillo se convirtieron en cenizas. Durante la \u00faltima d\u00e9cada del siglo XX solo quedaban en el monasterio tres frailes y tras la muerte del \u00faltimo hermano, Manuel del Sant\u00edsimo Sacramento, el obispo Juan Antonio Reig Pla lo cedi\u00f3 a nuevos religiosos que, desde el a\u00f1o 2007, contin\u00faan la tradici\u00f3n, si bien desvirtuada en lo que a conservar la mayor\u00eda de las hist\u00f3ricas devociones del eremitorio.<\/p>\n","protected":false},"excerpt":{"rendered":"<p>Si alguien desea recordar c\u00f3mo era el eremitorio de La Luz deber\u00eda darse prisa en subir al monte. Porque el hist\u00f3rico complejo monacal se desploma a pedazos. Literalmente. Y sus actuales ocupantes, unos religiosos que en 2007 sustituyeron a los antiguos frailes legos, intentan en vano que no se les caiga sobre sus cabezas, adem\u00e1s [&hellip;]<\/p>\n","protected":false},"author":7,"featured_media":214,"comment_status":"open","ping_status":"open","sticky":false,"template":"","format":"standard","meta":[],"categories":[207],"tags":[130,206,39],"_links":{"self":[{"href":"https:\/\/blogs.laverdad.es\/lamurciaquenovemos\/wp-json\/wp\/v2\/posts\/213"}],"collection":[{"href":"https:\/\/blogs.laverdad.es\/lamurciaquenovemos\/wp-json\/wp\/v2\/posts"}],"about":[{"href":"https:\/\/blogs.laverdad.es\/lamurciaquenovemos\/wp-json\/wp\/v2\/types\/post"}],"author":[{"embeddable":true,"href":"https:\/\/blogs.laverdad.es\/lamurciaquenovemos\/wp-json\/wp\/v2\/users\/7"}],"replies":[{"embeddable":true,"href":"https:\/\/blogs.laverdad.es\/lamurciaquenovemos\/wp-json\/wp\/v2\/comments?post=213"}],"version-history":[{"count":0,"href":"https:\/\/blogs.laverdad.es\/lamurciaquenovemos\/wp-json\/wp\/v2\/posts\/213\/revisions"}],"wp:featuredmedia":[{"embeddable":true,"href":"https:\/\/blogs.laverdad.es\/lamurciaquenovemos\/wp-json\/wp\/v2\/media\/214"}],"wp:attachment":[{"href":"https:\/\/blogs.laverdad.es\/lamurciaquenovemos\/wp-json\/wp\/v2\/media?parent=213"}],"wp:term":[{"taxonomy":"category","embeddable":true,"href":"https:\/\/blogs.laverdad.es\/lamurciaquenovemos\/wp-json\/wp\/v2\/categories?post=213"},{"taxonomy":"post_tag","embeddable":true,"href":"https:\/\/blogs.laverdad.es\/lamurciaquenovemos\/wp-json\/wp\/v2\/tags?post=213"}],"curies":[{"name":"wp","href":"https:\/\/api.w.org\/{rel}","templated":true}]}}