{"id":215,"date":"2016-11-05T19:39:12","date_gmt":"2016-11-05T18:39:12","guid":{"rendered":"http:\/\/blogs.laverdad.es\/lamurciaquenovemos\/?p=215"},"modified":"2016-11-05T19:39:12","modified_gmt":"2016-11-05T18:39:12","slug":"el-psoe-exige-a-ballesta-la-intervencion-urgente-para-evitar-la-perdida-del-historico-eremitorio-de-la-luz","status":"publish","type":"post","link":"https:\/\/blogs.laverdad.es\/lamurciaquenovemos\/2016\/11\/05\/el-psoe-exige-a-ballesta-la-intervencion-urgente-para-evitar-la-perdida-del-historico-eremitorio-de-la-luz\/","title":{"rendered":"El PSOE exige a Ballesta la intervenci\u00f3n urgente para evitar la p\u00e9rdida de La Luz"},"content":{"rendered":"<p><a href=\"\/lamurciaquenovemos\/wp-content\/uploads\/sites\/5\/2016\/11\/1-EREMITORIO-DE-LA-LUZ.jpg\"><img loading=\"lazy\" class=\"alignleft size-full wp-image-216\" title=\"1 EREMITORIO DE LA LUZ\" src=\"\/lamurciaquenovemos\/wp-content\/uploads\/sites\/5\/2016\/11\/1-EREMITORIO-DE-LA-LUZ.jpg\" alt=\"\" width=\"960\" height=\"665\" srcset=\"https:\/\/static-blogs.laverdad.es\/wp-content\/uploads\/sites\/5\/2016\/11\/1-EREMITORIO-DE-LA-LUZ.jpg 960w, https:\/\/static-blogs.laverdad.es\/wp-content\/uploads\/sites\/5\/2016\/11\/1-EREMITORIO-DE-LA-LUZ-300x208.jpg 300w, https:\/\/static-blogs.laverdad.es\/wp-content\/uploads\/sites\/5\/2016\/11\/1-EREMITORIO-DE-LA-LUZ-768x532.jpg 768w\" sizes=\"(max-width: 960px) 100vw, 960px\" \/><\/a>La Concejala socialista, Bego\u00f1a Garc\u00eda Retegui, ha exigido &#8220;la intervenci\u00f3n urgente del gobierno de Ballesta para evitar la p\u00e9rdida de conjunto hist\u00f3rico de la ermita de La Luz&#8221; y ha anunciado que &#8220;en el pr\u00f3ximo Pleno municipal desde el Grupo Municipal Socialista pediremos la consignaci\u00f3n presupuestaria necesaria para su rehabilitaci\u00f3n&#8221;.<!--more--><\/p>\n<p>Garc\u00eda Retegui ha recordado que &#8220;aunque la posesi\u00f3n del conjunto es del obispado, la propiedad es del Ayuntamiento&#8221; y ha recalcado &#8220;la gran importancia hist\u00f3rica y cultural del eremitorio, que ha sido declarado BIC con grado de protecci\u00f3n 1, cuya iglesia fue construida en el siglo XVIII&#8221;. &#8220;Su fachada est\u00e1 formada por dos cuerpos, con un campanario de espada\u00f1a. El cuerpo inferior est\u00e1 dividido a su vez en tres tramos: el central con un arco de medio punto para el acceso, y los laterales con hornacinas y frisos decorados con la flor de lis, distintivo de la dinast\u00eda borb\u00f3nica instaurada en Espa\u00f1a en el siglo XVIII&#8221; ha informado la edil socialista.<\/p>\n<p>G. Retegui ha declarado que &#8220;tal y como se ha venido denunciando desde algunas instancias entre ellas y la m\u00e1s reciente la de Antonio Bot\u00edas, los d\u00edas 20 y 23 de octubre en La verdad, el complejo monacal (iglesia, convento, edificios y casas aleda\u00f1as, huertos.) est\u00e1n en una situaci\u00f3n l\u00edmite y de no intervenir con car\u00e1cter de urgencia corremos el riesgo de perder, una vez m\u00e1s, importante patrimonio cultural y lugar de referencia para vecinas y vecinos de la costera y para fieles de Huesca y La Puebla de Don Fabrique que a\u00f1o tras a\u00f1o mantienen la tradici\u00f3n de acercarse el \u00faltimo domingo de octubre al eremitorio a la romer\u00eda de las santas Nunil\u00f3n y Alodia, patronas de esos municipios&#8221;.<\/p>\n<p>El PSOE va a pedir, adem\u00e1s, todos los expedientes municipales en relaci\u00f3n a este complejo hist\u00f3rico. Ya en una sesi\u00f3n municipal del a\u00f1o 1836 se dio cuenta del acuerdo adoptado por el Concejo en julio de 1669 sobre la cesi\u00f3n del &#8220;sitio de la luz y las Ca\u00f1adas contiguas a los &#8220;Ermita\u00f1os&#8221;; y es posible encontrar acuerdos de cesi\u00f3n en los a\u00f1os siguientes de 1700, 1701 y 1737.<\/p>\n<p>En diciembre de 1836 el Consistorio acord\u00f3 conceder el arrendamiento de La Luz a los religiosos por un periodo de ocho a\u00f1os, pero reserv\u00e1ndose el Ayuntamiento dos habitaciones. Posteriormente hay datado otro acuerdo en el a\u00f1o 1931 y otro que ampli\u00f3 la concesi\u00f3n a 20 a\u00f1os. En 1962 los eremitas reclamaron la propiedad de La Luz, sin conseguirlo.<\/p>\n<p>Bego\u00f1a G. Retegui ha recordado que &#8220;actualmente religiosos j\u00f3venes viven en esos edificios en condiciones m\u00e1s que mejorables, por lo que la intervenci\u00f3n debe de tener en cuenta todos estos aspectos y se debe hacer cuanto antes y con acuerdo entre los actores implicados&#8221;.<\/p>\n<p>&#8220;La situaci\u00f3n de deterioro de todo el Bien protegido obliga a la administraci\u00f3n local, m\u00e1s all\u00e1 de la propia responsabilidad del Obispado en la conservaci\u00f3n de inmuebles y espacios monacales&#8221; ha concluido la concejala socialista.<\/p>\n","protected":false},"excerpt":{"rendered":"<p>La Concejala socialista, Bego\u00f1a Garc\u00eda Retegui, ha exigido &#8220;la intervenci\u00f3n urgente del gobierno de Ballesta para evitar la p\u00e9rdida de conjunto hist\u00f3rico de la ermita de La Luz&#8221; y ha anunciado que &#8220;en el pr\u00f3ximo Pleno municipal desde el Grupo Municipal Socialista pediremos la consignaci\u00f3n presupuestaria necesaria para su rehabilitaci\u00f3n&#8221;.<\/p>\n","protected":false},"author":7,"featured_media":216,"comment_status":"open","ping_status":"open","sticky":false,"template":"","format":"standard","meta":[],"categories":[207],"tags":[],"_links":{"self":[{"href":"https:\/\/blogs.laverdad.es\/lamurciaquenovemos\/wp-json\/wp\/v2\/posts\/215"}],"collection":[{"href":"https:\/\/blogs.laverdad.es\/lamurciaquenovemos\/wp-json\/wp\/v2\/posts"}],"about":[{"href":"https:\/\/blogs.laverdad.es\/lamurciaquenovemos\/wp-json\/wp\/v2\/types\/post"}],"author":[{"embeddable":true,"href":"https:\/\/blogs.laverdad.es\/lamurciaquenovemos\/wp-json\/wp\/v2\/users\/7"}],"replies":[{"embeddable":true,"href":"https:\/\/blogs.laverdad.es\/lamurciaquenovemos\/wp-json\/wp\/v2\/comments?post=215"}],"version-history":[{"count":0,"href":"https:\/\/blogs.laverdad.es\/lamurciaquenovemos\/wp-json\/wp\/v2\/posts\/215\/revisions"}],"wp:featuredmedia":[{"embeddable":true,"href":"https:\/\/blogs.laverdad.es\/lamurciaquenovemos\/wp-json\/wp\/v2\/media\/216"}],"wp:attachment":[{"href":"https:\/\/blogs.laverdad.es\/lamurciaquenovemos\/wp-json\/wp\/v2\/media?parent=215"}],"wp:term":[{"taxonomy":"category","embeddable":true,"href":"https:\/\/blogs.laverdad.es\/lamurciaquenovemos\/wp-json\/wp\/v2\/categories?post=215"},{"taxonomy":"post_tag","embeddable":true,"href":"https:\/\/blogs.laverdad.es\/lamurciaquenovemos\/wp-json\/wp\/v2\/tags?post=215"}],"curies":[{"name":"wp","href":"https:\/\/api.w.org\/{rel}","templated":true}]}}