{"id":218,"date":"2016-11-24T19:42:59","date_gmt":"2016-11-24T18:42:59","guid":{"rendered":"http:\/\/blogs.laverdad.es\/lamurciaquenovemos\/?p=218"},"modified":"2016-11-24T19:42:59","modified_gmt":"2016-11-24T18:42:59","slug":"el-psoe-saca-adelante-todas-las-iniciativas-presentadas-al-pleno-del-ayuntamiento-de-murcia-del-mes-de-noviembr","status":"publish","type":"post","link":"https:\/\/blogs.laverdad.es\/lamurciaquenovemos\/2016\/11\/24\/el-psoe-saca-adelante-todas-las-iniciativas-presentadas-al-pleno-del-ayuntamiento-de-murcia-del-mes-de-noviembr\/","title":{"rendered":"El PSOE impulsa en el pleno la recuperaci\u00f3n de La Luz"},"content":{"rendered":"<p><a href=\"\/lamurciaquenovemos\/wp-content\/uploads\/sites\/5\/2016\/11\/p_241120161506431.jpg\"><img loading=\"lazy\" class=\"alignleft size-full wp-image-219\" title=\"p_241120161506431\" src=\"\/lamurciaquenovemos\/wp-content\/uploads\/sites\/5\/2016\/11\/p_241120161506431.jpg\" alt=\"\" width=\"165\" height=\"103\" \/><\/a>Gracias a las mociones del PSOE, el ayuntamiento llevar\u00e1 a cabo actuaciones de conservaci\u00f3n del Eremitorio de La Luz , entre otras medidas. El Grupo Municipal Socialista ha conseguido este jueves sacar adelante todas las iniciativas presentadas al Pleno ordinario del mes de noviembre. El PSOE ha defendido nueve iniciativas propias y tres conjuntas, adem\u00e1s de sumarse a otras mociones de importancia para el municipio presentadas por otros grupos.<\/p>\n<p><!--more--><\/p>\n<p>De las nueve mociones suscritas en solitario, el Pleno municipal ha alcanzado un acuerdo para la aprobaci\u00f3n de siete de las nueve. Las otras dos iniciativas, relativas a la paralizaci\u00f3n de las obras en el per\u00edmetro del yacimiento de San Esteban y sobre la modificaci\u00f3n del t\u00edtulo de Hijo Predilecto de la Ciudad de Murcia por Hijo Predilecto de Murcia o del municipio, han sido retiradas al haber conseguido el compromiso del equipo de gobierno y del resto de grupos de la Corporaci\u00f3n Municipal.<\/p>\n<p>El portavoz del Grupo Socialista, Jos\u00e9 Ignacio Gras, ha destacado la moci\u00f3n que permitir\u00e1 la revisi\u00f3n de la regla de gasto del consistorio. &#8220;Lo que queremos es que nuestro ayuntamiento, que en la actualidad no tiene que hacer frente a grandes deudas, pueda invertir el super\u00e1vit en actuaciones tan necesarias como la creaci\u00f3n y fomento del empleo o la mejora de los servicios p\u00fablicos&#8221;, ha indicado Gras.<\/p>\n<p>El edil tambi\u00e9n ha destacado que, gracias a la iniciativa del PSOE, &#8220;las pistas deportivas al aire libre en Espinardo (JC1), que hasta ahora estaban gestionadas por una empresa privada y que deb\u00edan estar controladas por el consistorio, ser\u00e1n por fin de gesti\u00f3n municipal para el beneficio de todos los murcianos y murcianas&#8221;. Asimismo, Gras ha incidido en la importancia de haber logrado un compromiso para poner en valor y conservar debidamente el Eremitorio de La Luz, el entorno de la Noria de La \u00d1ora y el patrimonio inmaterial del Consejo de Hombres Buenos. &#8220;En este Pleno hemos defendido varias mociones encaminadas a poner en valor y resaltar nuestro patrimonio, material o no, que es parte importante de quienes somos, de nuestra historia y cultural. Hemos conseguido acuerdos para conservar aquello que nos define y creemos que ese es el camino: conservar y promocionar lo nuestro&#8221;.<\/p>\n<p>Otras iniciativas aprobadas se han centrado directamente con la seguridad en el municipio. Por un lado, el Pleno ha acordado apoyar la moci\u00f3n socialista para establecer un protocolo de actuaci\u00f3n respecto al reciclaje de los efectivos de Polic\u00eda Local y en previsi\u00f3n de nuevas incorporaciones o reingresos. Adem\u00e1s, el Grupo Socialista ha sacado adelante una iniciativa para dotar a la Costera Sur de carriles bici y aceras adecuadas, dado que en la actualidad la zona resulta peligrosa para ciclistas y peatones.<\/p>\n<p>&#8220;Por otro lado, tambi\u00e9n hemos puesto sobre la mesa la necesidad de devolver la dignidad a aquellas personas enterradas en la zona D del Cementerio Nuestro Padre Jes\u00fas, los olvidados, que merecen el mismo respeto y memoria que el resto de vecinos y vecinas que han recibido sepultura en Murcia&#8221;, ha indicado Gras, quien ha demandado el acondicionamiento de la zona y un inventario de quienes descansan all\u00ed.<\/p>\n<p>Por \u00faltimo, el portavoz socialista ha aprovechado para destacar la declaraci\u00f3n de Murcia como territorio libre de para\u00edsos fiscales y, por supuesto, la Declaraci\u00f3n Institucional del Ayuntamiento de Murcia por el D\u00eda Internacional para la eliminaci\u00f3n de la Violencia contra la Mujer, que tendr\u00e1 lugar el viernes 25 de noviembre.<\/p>\n","protected":false},"excerpt":{"rendered":"<p>Gracias a las mociones del PSOE, el ayuntamiento llevar\u00e1 a cabo actuaciones de conservaci\u00f3n del Eremitorio de La Luz , entre otras medidas. El Grupo Municipal Socialista ha conseguido este jueves sacar adelante todas las iniciativas presentadas al Pleno ordinario del mes de noviembre. El PSOE ha defendido nueve iniciativas propias y tres conjuntas, adem\u00e1s [&hellip;]<\/p>\n","protected":false},"author":7,"featured_media":219,"comment_status":"open","ping_status":"open","sticky":false,"template":"","format":"standard","meta":[],"categories":[207],"tags":[],"_links":{"self":[{"href":"https:\/\/blogs.laverdad.es\/lamurciaquenovemos\/wp-json\/wp\/v2\/posts\/218"}],"collection":[{"href":"https:\/\/blogs.laverdad.es\/lamurciaquenovemos\/wp-json\/wp\/v2\/posts"}],"about":[{"href":"https:\/\/blogs.laverdad.es\/lamurciaquenovemos\/wp-json\/wp\/v2\/types\/post"}],"author":[{"embeddable":true,"href":"https:\/\/blogs.laverdad.es\/lamurciaquenovemos\/wp-json\/wp\/v2\/users\/7"}],"replies":[{"embeddable":true,"href":"https:\/\/blogs.laverdad.es\/lamurciaquenovemos\/wp-json\/wp\/v2\/comments?post=218"}],"version-history":[{"count":0,"href":"https:\/\/blogs.laverdad.es\/lamurciaquenovemos\/wp-json\/wp\/v2\/posts\/218\/revisions"}],"wp:featuredmedia":[{"embeddable":true,"href":"https:\/\/blogs.laverdad.es\/lamurciaquenovemos\/wp-json\/wp\/v2\/media\/219"}],"wp:attachment":[{"href":"https:\/\/blogs.laverdad.es\/lamurciaquenovemos\/wp-json\/wp\/v2\/media?parent=218"}],"wp:term":[{"taxonomy":"category","embeddable":true,"href":"https:\/\/blogs.laverdad.es\/lamurciaquenovemos\/wp-json\/wp\/v2\/categories?post=218"},{"taxonomy":"post_tag","embeddable":true,"href":"https:\/\/blogs.laverdad.es\/lamurciaquenovemos\/wp-json\/wp\/v2\/tags?post=218"}],"curies":[{"name":"wp","href":"https:\/\/api.w.org\/{rel}","templated":true}]}}