{"id":223,"date":"2016-12-10T17:54:21","date_gmt":"2016-12-10T16:54:21","guid":{"rendered":"http:\/\/blogs.laverdad.es\/lamurciaquenovemos\/?p=223"},"modified":"2016-12-10T17:54:21","modified_gmt":"2016-12-10T16:54:21","slug":"documentos-ineditos-de-vicente-medina","status":"publish","type":"post","link":"https:\/\/blogs.laverdad.es\/lamurciaquenovemos\/2016\/12\/10\/documentos-ineditos-de-vicente-medina\/","title":{"rendered":"Documentos in\u00e9ditos de Vicente Medina"},"content":{"rendered":"<p><a href=\"\/lamurciaquenovemos\/wp-content\/uploads\/sites\/5\/2016\/12\/IMG-20161210-WA00071.jpg\"><img loading=\"lazy\" class=\"size-medium wp-image-229 alignright\" title=\"IMG-20161210-WA0007\" src=\"\/lamurciaquenovemos\/wp-content\/uploads\/sites\/5\/2016\/12\/IMG-20161210-WA00071.jpg\" alt=\"\" width=\"300\" height=\"239\" srcset=\"https:\/\/static-blogs.laverdad.es\/wp-content\/uploads\/sites\/5\/2016\/12\/IMG-20161210-WA00071.jpg 689w, https:\/\/static-blogs.laverdad.es\/wp-content\/uploads\/sites\/5\/2016\/12\/IMG-20161210-WA00071-300x239.jpg 300w\" sizes=\"(max-width: 300px) 100vw, 300px\" \/><\/a>Mi amigo Manolo Manj\u00f3n, alma de Los Parrandboleros, me env\u00eda tres instant\u00e1neas hist\u00f3ricas. Y lo hace desde Rosario, en Argentina, donde anda celebrando conciertos y honrando la memoria del poeta Vicente Medina. Y de este genial autor va la cosa. Porque las fotograf\u00edas de Manj\u00f3n corresponden al libro donde se registraban los enterramientos. Y all\u00ed, claro, figura el nombre del murciano, quien falleci\u00f3, seg\u00fan el texto, por un c\u00e1ncer de pr\u00f3stata. Para celebrarlo, adem\u00e1s de subir las fotos, recupero esta cr\u00f3nica publicada en @laverdad_es hace unos d\u00edas.<!--nextpage--><a href=\"\/lamurciaquenovemos\/wp-content\/uploads\/sites\/5\/2016\/12\/IMG-20161210-WA0008.jpg\"><img loading=\"lazy\" class=\"size-medium wp-image-226 alignleft\" title=\"IMG-20161210-WA0008\" src=\"\/lamurciaquenovemos\/wp-content\/uploads\/sites\/5\/2016\/12\/IMG-20161210-WA0008.jpg\" alt=\"\" width=\"300\" height=\"216\" srcset=\"https:\/\/static-blogs.laverdad.es\/wp-content\/uploads\/sites\/5\/2016\/12\/IMG-20161210-WA0008.jpg 731w, https:\/\/static-blogs.laverdad.es\/wp-content\/uploads\/sites\/5\/2016\/12\/IMG-20161210-WA0008-300x216.jpg 300w\" sizes=\"(max-width: 300px) 100vw, 300px\" \/><\/a><\/p>\n<p>&nbsp;<\/p>\n<h3><\/h3>\n<h3><\/h3>\n<h3><\/h3>\n<h3><\/h3>\n<h3><\/h3>\n<p>&nbsp;<\/p>\n<p>&nbsp;<\/p>\n<p>&nbsp;<\/p>\n<p>&nbsp;<\/p>\n<p>&nbsp;<\/p>\n<p>&nbsp;<\/p>\n<p>&nbsp;<\/p>\n<h3><strong>Los custodios de la memoria argentina de Vicente Medina<\/strong><\/h3>\n<p>Pa&#8217; qu\u00e9 &#8216;qui\u00e9s&#8217; que te cuente, Vicente Medina del alma que al cielo argentino subiste a\u00f1orando tu Murcia amada. &#8216;Pa&#8217; qu\u00e9 &#8216;quies&#8217; que te d\u00e9 la &#8216;pesambre&#8217; de contarte c\u00f3mo aquellos sarmientos &#8216;ruines&#8217; y mustios tuyos son varas de nardo comparados con la memoria &#8216;esn\u00faa&#8217; de cuantos viven en tu tierra natal sin casi recordarte, sin un soplo &#8216;d&#8217;aliento&#8217; para conmemorar el siglo y medio desde que nacieras, como si tambi\u00e9n se hubiera marchado el recuerdo por la sendica maldita por donde se fue aquel hijo que muri\u00f3 en la guerra. &#8216;Pa&#8217; qu\u00e9 &#8216;qui\u00e9s&#8217; que te cuente Vicente Medina&#8230;<a href=\"\/lamurciaquenovemos\/wp-content\/uploads\/sites\/5\/2016\/12\/15042206_571827299674699_8308680525940623252_o.jpg\"><img loading=\"lazy\" class=\"alignleft size-medium wp-image-224\" title=\"15042206_571827299674699_8308680525940623252_o\" src=\"\/lamurciaquenovemos\/wp-content\/uploads\/sites\/5\/2016\/12\/15042206_571827299674699_8308680525940623252_o.jpg\" alt=\"\" width=\"300\" height=\"180\" srcset=\"https:\/\/static-blogs.laverdad.es\/wp-content\/uploads\/sites\/5\/2016\/12\/15042206_571827299674699_8308680525940623252_o.jpg 1280w, https:\/\/static-blogs.laverdad.es\/wp-content\/uploads\/sites\/5\/2016\/12\/15042206_571827299674699_8308680525940623252_o-300x180.jpg 300w, https:\/\/static-blogs.laverdad.es\/wp-content\/uploads\/sites\/5\/2016\/12\/15042206_571827299674699_8308680525940623252_o-768x462.jpg 768w, https:\/\/static-blogs.laverdad.es\/wp-content\/uploads\/sites\/5\/2016\/12\/15042206_571827299674699_8308680525940623252_o-1024x616.jpg 1024w\" sizes=\"(max-width: 300px) 100vw, 300px\" \/><\/a><\/p>\n<p>El gran poeta murciano naci\u00f3 el 27 de octubre de 1866 y tuvo la suerte de que su padre, aficionado a los trovos, regentaba un quiosco ubicado en el balneario de Archena, lo que le permiti\u00f3 al peque\u00f1o leer a los grandes autores de la literatura universal. Pero no escribir\u00eda sus primeras composiciones hasta que, como soldado, anduvo por Filipinas.<\/p>\n<div>\n<div>\n<div>En 1890 lo encontramos en Cartagena, donde desempe\u00f1aba un trabajo en el Arsenal. Por aquel tiempo se cas\u00f3 con la archenera Josefa Garc\u00eda y frecuent\u00f3 tertulias literarias, adem\u00e1s de publicar art\u00edculos en diferentes publicaciones. Entonces, en 1898, apareci\u00f3 su primera obra, &#8216;El Rento&#8217;, mediante la que intent\u00f3 devolver a la lengua antigua de la huerta su dignidad, tantas veces aplastada y satirizada por el &#8216;panocho&#8217;. Fue tambi\u00e9n la primera vez que recibi\u00f3 el aplauso de grandes literatos como Azor\u00edn, quien describi\u00f3 el texto como \u00abun cuadro o canto sentido, conmovedor\u00bb. Enseguida, Medina entreg\u00f3 a imprenta la que ser\u00eda su obra cumbre, &#8216;Aires Murcianos&#8217;, con la que cosech\u00f3 un \u00e9xito absoluto. Y para muestra un bot\u00f3n: llegaron a publicarla hasta en checo.<\/div>\n<\/div>\n<\/div>\n<div id=\"layer-inpage\" data-google-query-id=\"CMCA9_aF6tACFXcj0wodCN0MSA\">\n<div id=\"google_ads_iframe_\/4900\/vocento.laverdad\/murcia\/\/actualidad\/\/murcia\/\/noticias_13__container__\">A comienzos del siglo XX march\u00f3 a Argentina, como tantos otros murcianos, y lograr\u00eda prosperar tanto en los negocios como en su producci\u00f3n literaria que, entre 1915 y 1929, alcanzar\u00eda las decenas de publicaciones. En 1931 retorn\u00f3 a Espa\u00f1a, no sin antes ser encarcelado por una acusaci\u00f3n de fraude que produjo una oleada de apoyos en su pa\u00eds natal, del que dieron buena cuenta los diarios.<a href=\"\/lamurciaquenovemos\/wp-content\/uploads\/sites\/5\/2016\/12\/105256616.jpg\"><img loading=\"lazy\" class=\"size-medium wp-image-225 alignright\" title=\"105256616\" src=\"\/lamurciaquenovemos\/wp-content\/uploads\/sites\/5\/2016\/12\/105256616.jpg\" alt=\"\" width=\"300\" height=\"183\" srcset=\"https:\/\/static-blogs.laverdad.es\/wp-content\/uploads\/sites\/5\/2016\/12\/105256616.jpg 575w, https:\/\/static-blogs.laverdad.es\/wp-content\/uploads\/sites\/5\/2016\/12\/105256616-300x183.jpg 300w\" sizes=\"(max-width: 300px) 100vw, 300px\" \/><\/a><\/div>\n<\/div>\n<p>Su llegada a Murcia se recuerda como una de las m\u00e1s aclamadas de todos los tiempos. Y aqu\u00ed permanecer\u00eda hasta abril de 1936, cuando quiz\u00e1 sus ideas republicanas le aconsejaron retornar a Argentina. All\u00ed, en Rosario, morir\u00eda en 1937.<\/p>\n<p>Pese a su orientaci\u00f3n pol\u00edtica, la Dictadura no pod\u00eda obviar al poeta cuando se cumpli\u00f3 el primer centenario de su muerte. Y si la Dictadura lo obvi\u00f3, no sucedi\u00f3 as\u00ed en la Murcia que tanto am\u00f3. De hecho, en 1966, los diarios de la tierra lamentaban el poco predicamento que ten\u00eda la figura de Medina entre los amantes de la literatura. Y lo comparaban con otro autor, bastante m\u00e1s conocido entonces: el poeta Jos\u00e9 Mar\u00eda Gabriel y Gal\u00e1n (Salamanca, 1870-C\u00e1ceres, 1905), quien escrib\u00eda en castellano y asturleon\u00e9s, pero imitaba al murciano Medina en el estilo. Y no lo digo yo. Eso lo dec\u00eda el mism\u00edsimo Unamuno.<\/p>\n<p><strong>La admiraci\u00f3n de Azor\u00edn<\/strong><\/p>\n<p>El escritor vasco, en un art\u00edculo publicado en el diario &#8216;La Naci\u00f3n&#8217;, advirti\u00f3 de que el \u00abdialecto extreme\u00f1o de Gal\u00e1n era un artificio, un artificio que por imitaci\u00f3n a Vicente Medina tom\u00f3 el poeta\u00bb. Unamuno, quien conoci\u00f3 al murciano en Cartagena, mantendr\u00eda que su poes\u00eda era inspirada, natural y sencilla, siendo m\u00e1s poeta que artista ya que la mayor\u00eda de los que pasan por poetas a lo sumo son artistas, pero no poetas. No fue el \u00fanico halago que tuvo en vida el murciano.<\/p>\n<p>Sobre la obra &#8216;Aires Murcianos&#8217;, por citar de nuevo a Azor\u00edn, le asegur\u00f3 por carta a Medina: \u00abAunque no escriba usted m\u00e1s, este diminuto volumen, que es de oro, bastar\u00e1 para colocarle a usted entre los grandes l\u00edricos de nuestro parnaso. Su poes\u00eda es de las pocas que conmueven hondamente. Puede tener usted la \u00edntima convicci\u00f3n de que ha hecho una obra de gran artista\u00bb.<\/p>\n<p>La celebraci\u00f3n del primer centenario del nacimiento del autor acogi\u00f3 en Murcia diversos actos en 1966, entre ellos una conferencia del poeta y director del Museo de Bellas Artes Andr\u00e9s Sobejano, tambi\u00e9n secretario de la Real Academia Alfonso X el Sabio y quien anunci\u00f3 una inmediata reedici\u00f3n de &#8216;Aires Murcianos&#8217;. Archena celebr\u00f3 la colocaci\u00f3n de una corona de laurel en la casa donde naciera el poeta, una conferencia y un recital. Ahora, hace unos d\u00edas, aprobaron la elaboraci\u00f3n del programa de actos para conmemorar el aniversario. Si se descuidan se les pasa el a\u00f1o. Y poco m\u00e1s, salvo otro homenaje de la asociaci\u00f3n cultural &#8216;Hay un tigre detr\u00e1s de ti&#8217;.<\/p>\n<p>Pero, \u00bfqu\u00e9 queda de su recuerdo en Argentina estos d\u00edas? La respuesta incluso sorprende: m\u00e1s de lo que cualquiera esperar\u00eda en esta Murcia catedr\u00e1tica en desmemoria aplicada. La memoria del ilustre archenero tiene en Rosario unos espl\u00e9ndidos custodios. Pertenecen a la asociaci\u00f3n Rinc\u00f3n Murciano, una instituci\u00f3n dedicada en Rosario a difundir la cultura y tradici\u00f3n de la Regi\u00f3n. A este grupo pertenece Jos\u00e9 Francisco Moreno, uno de los encargados de mantener la tumba, que hace unos d\u00edas limpiaron como acostumbran desde hace muchos a\u00f1os, cuando a\u00fan ten\u00edan contacto con los descendientes del poeta, a quienes buscan para retomarlo. Y cada d\u00eda 17 de agosto, fecha en que muri\u00f3 Medina, el Rinc\u00f3n celebra ante la tumba una ofrenda de flores.<\/p>\n<p>La casa del poeta, quien siempre la denomin\u00f3 como su \u00abcastillo\u00bb, fue comprada por Ricardo Caballero en torno al a\u00f1o 1928. Caballero era entonces jefe pol\u00edtico de Rosario y le hab\u00eda ayudado en alguno de sus problemas con la justicia. La mansi\u00f3n se conocer\u00eda despu\u00e9s como Quinta Caballero. En diciembre de 2014, Alejandro Cirilo Caballero, sobrino-nieto de Ricardo Caballero, anunciaba en internet que \u00abla casa fue saqueada y demolida por delincuentes en menos de un mes, pues se nos murieron los caseros\u00bb. Por aquel a\u00f1o, ya solo quedaban en venta las diez hect\u00e1reas de la finca.<\/p>\n<p>De esta forma pas\u00f3 a la historia el hogar del poeta, sin que en Espa\u00f1a tuvieran, hasta ahora, noticia alguna. E incluso las \u00faltimas fotograf\u00edas de la hacienda son in\u00e9ditas a\u00fan hoy a este lado del Atl\u00e1ntico. Todav\u00eda entonces se conservaba la campana para avisar a los peones que trabajaban en la quinta de que era la hora de almorzar. Y una noria que serv\u00eda para acercar hasta la casa el agua del cercano arroyo Saladillo. O el t\u00fanel enrejado que conduc\u00eda a la base de aquella noria cuando era necesario destrabarla y limpiarla. Todo se perdi\u00f3, salvo las palmeras altas y galanas, centenarias, que el poeta vio crecer mientras compon\u00eda sus obras. All\u00ed permanecen, de momento. De Murcia y su cansera, pobres, que no esperen nada.<\/p>\n","protected":false},"excerpt":{"rendered":"<p>Mi amigo Manolo Manj\u00f3n, alma de Los Parrandboleros, me env\u00eda tres instant\u00e1neas hist\u00f3ricas. Y lo hace desde Rosario, en Argentina, donde anda celebrando conciertos y honrando la memoria del poeta Vicente Medina. Y de este genial autor va la cosa. Porque las fotograf\u00edas de Manj\u00f3n corresponden al libro donde se registraban los enterramientos. Y all\u00ed, [&hellip;]<\/p>\n","protected":false},"author":7,"featured_media":0,"comment_status":"open","ping_status":"open","sticky":false,"template":"","format":"standard","meta":[],"categories":[32],"tags":[210,4,211,212,213],"_links":{"self":[{"href":"https:\/\/blogs.laverdad.es\/lamurciaquenovemos\/wp-json\/wp\/v2\/posts\/223"}],"collection":[{"href":"https:\/\/blogs.laverdad.es\/lamurciaquenovemos\/wp-json\/wp\/v2\/posts"}],"about":[{"href":"https:\/\/blogs.laverdad.es\/lamurciaquenovemos\/wp-json\/wp\/v2\/types\/post"}],"author":[{"embeddable":true,"href":"https:\/\/blogs.laverdad.es\/lamurciaquenovemos\/wp-json\/wp\/v2\/users\/7"}],"replies":[{"embeddable":true,"href":"https:\/\/blogs.laverdad.es\/lamurciaquenovemos\/wp-json\/wp\/v2\/comments?post=223"}],"version-history":[{"count":0,"href":"https:\/\/blogs.laverdad.es\/lamurciaquenovemos\/wp-json\/wp\/v2\/posts\/223\/revisions"}],"wp:attachment":[{"href":"https:\/\/blogs.laverdad.es\/lamurciaquenovemos\/wp-json\/wp\/v2\/media?parent=223"}],"wp:term":[{"taxonomy":"category","embeddable":true,"href":"https:\/\/blogs.laverdad.es\/lamurciaquenovemos\/wp-json\/wp\/v2\/categories?post=223"},{"taxonomy":"post_tag","embeddable":true,"href":"https:\/\/blogs.laverdad.es\/lamurciaquenovemos\/wp-json\/wp\/v2\/tags?post=223"}],"curies":[{"name":"wp","href":"https:\/\/api.w.org\/{rel}","templated":true}]}}