{"id":235,"date":"2017-01-06T21:57:34","date_gmt":"2017-01-06T20:57:34","guid":{"rendered":"http:\/\/blogs.laverdad.es\/lamurciaquenovemos\/?p=235"},"modified":"2017-01-06T21:57:34","modified_gmt":"2017-01-06T20:57:34","slug":"la-ventana-murciana-del-fin-del-mundo","status":"publish","type":"post","link":"https:\/\/blogs.laverdad.es\/lamurciaquenovemos\/2017\/01\/06\/la-ventana-murciana-del-fin-del-mundo\/","title":{"rendered":"La ventana murciana del fin del mundo"},"content":{"rendered":"<p><a href=\"\/lamurciaquenovemos\/wp-content\/uploads\/sites\/5\/2017\/01\/1301797.jpg\"><img loading=\"lazy\" class=\"size-full wp-image-236 alignright\" title=\"1301797\" src=\"\/lamurciaquenovemos\/wp-content\/uploads\/sites\/5\/2017\/01\/1301797.jpg\" alt=\"\" width=\"253\" height=\"175\" \/><\/a>Es uno de los misterios m\u00e1s profundos de la Regi\u00f3n. Tanto, que muy pocos conocen siquiera su existencia. Sin embargo, desde hace muchos siglos, decenas de especialistas han intentado, con mayor o menor \u00e9xito, descifrarlo. Se trata de la llamada Ventana de la Aparici\u00f3n, del Santuario de la Vera Cruz de Caravaca, un \u00f3culo g\u00f3tico en piedra de unos 75 cent\u00edmetros grabado con una gran esv\u00e1stica central y 42 signos. Ahora, Pablo Alonso Bermejo, medievalista y expertos en simbolismo tradicional, parece haber resuelto el dilema.<!--nextpage--><\/p>\n<div>La leyenda de la ventana est\u00e1 conectada con la propia de la Vera Cruz. Al parecer, cuando el rey moro pregunt\u00f3 al sacerdote Gin\u00e9s P\u00e9rez Chirinos qu\u00e9 oficio ten\u00eda, replic\u00f3: \u00abEl mejor del mundo\u00bb. El monarca le orden\u00f3 entonces que lo ejercitara y el cura le respondi\u00f3 que necesitaba sus ornamentos sacerdotales, que les fueron entregados. Al instante en que deb\u00eda comenzar la misa, Gin\u00e9s advirti\u00f3 al rey de que le faltaba una cruz. Y, de repente, se abri\u00f3 un arco en la pared, por donde descendieron dos \u00e1ngeles con un crucifico que depositaron en el altar. Ese arco se conocer\u00eda desde entonces como la Ventana de la Aparici\u00f3n.<a href=\"\/lamurciaquenovemos\/wp-content\/uploads\/sites\/5\/2017\/01\/1301801.jpg\"><br \/>\n<\/a><\/div>\n<div><\/div>\n<div>A comienzos del siglo XVII se derrib\u00f3 la primitiva capilla; pero se recort\u00f3 la misteriosa ventana, que luego formar\u00eda parte del actual santuario, donde a\u00fan puede admirarse. Si tenemos en cuenta que la leyenda mantiene que el \u00f3culo ya exist\u00eda en la alcazaba \u00e1rabe, donde se convirti\u00f3 el rey moro al contemplar a los \u00e1ngeles, es l\u00f3gico concluir que la ventana ya existir\u00eda entonces y que para su interpretaci\u00f3n era inevitable recurrir a las fuentes isl\u00e1micas.<\/div>\n<div>Las conclusiones de Alonso son sorprendentes. De entrada, queda demostrado que los 41 signos grabados corresponden a letras de alfabetos muy diversos: el Judaico, Lat\u00edn, Griego, Sir\u00edaco y Cristiano-Maniqueo. Esto es, las lenguas de las diferentes comunidades cristianas en el siglo XIII. A tal extremo llega la complejidad de la ventana que, sin duda, se construy\u00f3 para que fuera presentada y explicada a gentes de un alto nivel cultural. Por ello, es posible que un personaje como Alfonso X, tan amante de los juegos de palabras -no en vano cre\u00f3 el No-Do del escudo sevillano- podr\u00eda haber sido halagado con esta ventana en una visita a Caravaca.<\/div>\n<div><\/div>\n<div>Seg\u00fan los nuevos datos que aporta Alonso en su obra La Ventana de Caravaca de la Cruz, la traducci\u00f3n del enigma es el llamado Nombre de Dios, formado por 42 letras, gran misterio para los estudiosos de la \u00e9poca, una serie de letras con cuya pronunciaci\u00f3n Dios cre\u00f3 todo lo existente como relata el G\u00e9nesis. Seg\u00fan fuentes del siglo XII, este nombre estaba encriptado en la llamada Bendici\u00f3n de Aar\u00f3n del libro b\u00edblico de N\u00fameros y, curiosamente, se divulg\u00f3 despu\u00e9s como la famosa Bendici\u00f3n de San Francisco: \u00abEl Se\u00f1or te bendiga y te guarde; te muestre su faz y tenga misericordia de ti. Vuelva a ti Su rostro y te conceda la paz. El Se\u00f1or te bendiga\u00bb. Acaso tenga relaci\u00f3n con la ventana que fuera franciscano el primer obispo despu\u00e9s de la reconquista.<\/div>\n<div><\/div>\n<div><a href=\"\/lamurciaquenovemos\/wp-content\/uploads\/sites\/5\/2017\/01\/1301801.jpg\"><img loading=\"lazy\" class=\"alignleft size-full wp-image-237\" title=\"1301801\" src=\"\/lamurciaquenovemos\/wp-content\/uploads\/sites\/5\/2017\/01\/1301801.jpg\" alt=\"\" width=\"253\" height=\"233\" \/><\/a><\/div>\n<div>Junto a esta explicaci\u00f3n, el \u00f3culo a\u00fan atesora una s\u00edntesis de conocimientos que abarca desde los cielos y estaciones a las constelaciones, del saber aceptado a la C\u00e1bala. Frente a esta traducci\u00f3n existen otras, incluso m\u00e1s inquietantes. Por ejemplo, aquellos que defienden el significado esot\u00e9rico del \u00f3culo advierten de que la soluci\u00f3n del enigma permanece oculta de forma interesada pues, cuando se traduzca, \u00abcaer\u00e1 el poder del Vaticano\u00bb. Hay quien asegura que hasta se acabar\u00e1 el mundo.<\/div>\n<div><\/div>\n<div>El mensaje de la Ventana de la Aparici\u00f3n, en cualquier caso, es de car\u00e1cter ecum\u00e9nico. Las \u00e9lites que colaboraron en su construcci\u00f3n y las que la preservaron para el futuro (la Orden de Santiago), conoc\u00edan el valor y el riesgo de la exposici\u00f3n de los conocimientos vertidos en ella, porque pon\u00edan en s\u00edntesis y relaci\u00f3n aspectos esenciales de las tres confesiones en pugna: Juda\u00edsmo, Cristianismo e Islamismo. Por ello, el mensaje se encuentra en clave y tan discretamente ubicado, que ha logrado pasar casi desapercibido durante setecientos a\u00f1os.<\/div>\n","protected":false},"excerpt":{"rendered":"<p>Es uno de los misterios m\u00e1s profundos de la Regi\u00f3n. Tanto, que muy pocos conocen siquiera su existencia. Sin embargo, desde hace muchos siglos, decenas de especialistas han intentado, con mayor o menor \u00e9xito, descifrarlo. Se trata de la llamada Ventana de la Aparici\u00f3n, del Santuario de la Vera Cruz de Caravaca, un \u00f3culo g\u00f3tico [&hellip;]<\/p>\n","protected":false},"author":7,"featured_media":0,"comment_status":"open","ping_status":"open","sticky":false,"template":"","format":"standard","meta":[],"categories":[32],"tags":[61,218,219,130,220,221,4,111,222,205,223],"_links":{"self":[{"href":"https:\/\/blogs.laverdad.es\/lamurciaquenovemos\/wp-json\/wp\/v2\/posts\/235"}],"collection":[{"href":"https:\/\/blogs.laverdad.es\/lamurciaquenovemos\/wp-json\/wp\/v2\/posts"}],"about":[{"href":"https:\/\/blogs.laverdad.es\/lamurciaquenovemos\/wp-json\/wp\/v2\/types\/post"}],"author":[{"embeddable":true,"href":"https:\/\/blogs.laverdad.es\/lamurciaquenovemos\/wp-json\/wp\/v2\/users\/7"}],"replies":[{"embeddable":true,"href":"https:\/\/blogs.laverdad.es\/lamurciaquenovemos\/wp-json\/wp\/v2\/comments?post=235"}],"version-history":[{"count":0,"href":"https:\/\/blogs.laverdad.es\/lamurciaquenovemos\/wp-json\/wp\/v2\/posts\/235\/revisions"}],"wp:attachment":[{"href":"https:\/\/blogs.laverdad.es\/lamurciaquenovemos\/wp-json\/wp\/v2\/media?parent=235"}],"wp:term":[{"taxonomy":"category","embeddable":true,"href":"https:\/\/blogs.laverdad.es\/lamurciaquenovemos\/wp-json\/wp\/v2\/categories?post=235"},{"taxonomy":"post_tag","embeddable":true,"href":"https:\/\/blogs.laverdad.es\/lamurciaquenovemos\/wp-json\/wp\/v2\/tags?post=235"}],"curies":[{"name":"wp","href":"https:\/\/api.w.org\/{rel}","templated":true}]}}