{"id":238,"date":"2017-02-01T18:20:37","date_gmt":"2017-02-01T17:20:37","guid":{"rendered":"http:\/\/blogs.laverdad.es\/lamurciaquenovemos\/?p=238"},"modified":"2017-02-01T18:20:37","modified_gmt":"2017-02-01T17:20:37","slug":"la-murciana-que-cobraba-como-sinatra","status":"publish","type":"post","link":"https:\/\/blogs.laverdad.es\/lamurciaquenovemos\/2017\/02\/01\/la-murciana-que-cobraba-como-sinatra\/","title":{"rendered":"La murciana que cobraba como Sinatra"},"content":{"rendered":"<p><a href=\"\/lamurciaquenovemos\/wp-content\/uploads\/sites\/5\/2017\/01\/70115335.jpg\"><img loading=\"lazy\" class=\"alignleft size-medium wp-image-239\" title=\"70115335\" src=\"\/lamurciaquenovemos\/wp-content\/uploads\/sites\/5\/2017\/01\/70115335.jpg\" alt=\"\" width=\"232\" height=\"300\" srcset=\"https:\/\/static-blogs.laverdad.es\/wp-content\/uploads\/sites\/5\/2017\/01\/70115335.jpg 490w, https:\/\/static-blogs.laverdad.es\/wp-content\/uploads\/sites\/5\/2017\/01\/70115335-233x300.jpg 233w\" sizes=\"(max-width: 232px) 100vw, 232px\" \/><\/a>Charo Baeza lleg\u00f3 tan lejos que en Espa\u00f1a -no digamos en su Murcia natal- pocos la conocen. A Charo Baeza, en realidad, no es que nadie la recuerde. M\u00e1s bien, parece que muchos la han olvidado. Porque ya en 1981, la Asociaci\u00f3n de la Prensa le otorg\u00f3 uno de sus Laureles por considerarla la murciana m\u00e1s universal. Y desde luego que lo era. Aquel mismo a\u00f1o tambi\u00e9n recibi\u00f3 en Atlanta City (EE UU) el galard\u00f3n a la mejor artista del a\u00f1o en un certamen donde compet\u00eda con estrellas de la talla de Frank Sinatra o Ann Margret. Cada 15 de enero celebra su cumplea\u00f1os. En esta ocasi\u00f3n 66 tacos. O eso se cree, pues hasta su edad es un misterio.<!--more--><\/p>\n<p>Charo naci\u00f3 en Molina de Segura un 15 de enero de 1951. O, como reza su partida de nacimiento, 10 a\u00f1os antes. Aunque ella siempre mantuvo que se debi\u00f3 a un error en los documentos. Y, por si alguien lo dudaba, consigui\u00f3 que un juez americano le diera la raz\u00f3n. As\u00ed que contaba solo 15 a\u00f1os cuando se cas\u00f3 con el m\u00fasico Xavier Cugat, seg\u00fan ella misma explic\u00f3 en su d\u00eda, como \u00fanica forma de que le permitieran actuar con esa edad en clubes nocturnos. La boda fue la primera que se celebr\u00f3 en el hotel Ceasar de Las Vegas.<\/p>\n<p>Cantante, bailarina, c\u00f3mica, actriz y guitarrista espa\u00f1ola -de no poco virtuosismo-, Charo logr\u00f3 alcanzar el manido sue\u00f1o americano. De la mano de Cugat estableci\u00f3 su residencia entre Nueva York y Las Vegas, adem\u00e1s de realizar continuos viajes por Europa y Am\u00e9rica del Sur.<\/p>\n<p>Su aparici\u00f3n en largometrajes norteamericanos a finales de los a\u00f1os 60, aunque ef\u00edmera, le report\u00f3 cierta popularidad, que se ver\u00eda desbocada cuando comenz\u00f3 a trabajar en diversos programas televisivos. En 1970, por adelantar un dato, particip\u00f3 en el documental-concierto Elvis: &#8216;That&#8217;s the Way is It&#8217;.<\/p>\n<p><strong>De Molina al mundo<\/strong><\/p>\n<p>A\u00fan viv\u00eda en Molina, donde naci\u00f3 y fue bautizada con un nombre m\u00e1s corto -Rosario del Pilar Mart\u00ednez Molina- cuando comenz\u00f3 a estudiar flamenco y guitarra cl\u00e1sica. Su primera aparici\u00f3n en el cine fue en 1963, en las pel\u00edculas &#8216;Nuevas amistades&#8217; y &#8216;Ensayo general para la muerte&#8217;. Pronto atrajo la atenci\u00f3n del director de orquesta Xavier Cugat, con quien contrajo matrimonio en 1966.<\/p>\n<p>Durante los a\u00f1os setenta del siglo XX, Charo ostent\u00f3 el t\u00edtulo de la m\u00e1s popular &#8216;show-woman&#8217; de los Estados Unidos, lo que le permiti\u00f3 actuar en rodajes m\u00edticos como &#8216;Vacaciones en el mar&#8217;, donde alcanz\u00f3 el r\u00e9cord de estrella invitada en m\u00e1s ocasiones. Mientras, compaginaba su faceta de actriz con aclamadas actuaciones en casinos y salas de fiestas de Las Vegas.<\/p>\n<p>Su agenda de contactos crec\u00eda a cada instante. Los murcianos la conocieron a trav\u00e9s del diario &#8216;L\u00ednea&#8217;, cuando reproduc\u00eda instant\u00e1neas de la diva con Elvis Presley, Ray Charles o con el secretario de Estado americano, Henry Kissinger. No era esta \u00faltima una foto cazada. En aquella ocasi\u00f3n, el todopoderoso pol\u00edtico hab\u00eda asistido&#038;hellip \u00a1a la inauguraci\u00f3n de la nueva casa de la murciana!<\/p>\n<p>Charo volvi\u00f3 a acaparar p\u00e1ginas en los diarios cuando recibi\u00f3, en la distancia, el Laurel de la Prensa murciana. Entonces asegur\u00f3 que, incluso al otro lado del Atl\u00e1ntico, le enviaban el rotativo &#8216;L\u00ednea&#8217; para mantenerse al d\u00eda de la actualidad en su remota tierra natal. Adem\u00e1s, aunque su imagen de diosa rubia chirriara al anunciarlo, reconoci\u00f3 que en su hogar de Las Vegas manten\u00eda un peque\u00f1o huerto donde cultivaba habas.<\/p>\n<p><strong>Bebe en porr\u00f3n<\/strong><\/p>\n<p>\u00abY tambi\u00e9n bebemos el vino en porr\u00f3n y comemos morcillas y longanizas\u00bb, a\u00f1ad\u00eda tan ufana acaso sin saber que, a este lado del oc\u00e9ano, esa costumbre de empinar el porr\u00f3n ya era considerada por muchos algo t\u00edpico del Bando de la Huerta. Entre sus mejores lugares para comer estaba, como no pod\u00eda ser de otra manera, el Rinc\u00f3n de Pepe, \u00abel mejor restaurante de Europa. Y lo ten\u00e9is en Murcia, no lo olvid\u00e9is\u00bb, conclu\u00eda.<\/p>\n<p>La popularidad de esta murciana result\u00f3 tan aplastante que exig\u00eda para actuar, como es bien f\u00e1cil de probar, un cach\u00e9 similar al de Frank Sinatra o Dean Mart\u00edn. No es extra\u00f1o que fuera invitada indispensable en los programas televisivos de mayor audiencia, entre ellos &#8216;The Sonny and Cher Show&#8217;, &#8216;La hora de Carol Burnett&#8217;, &#8216;The Dean Martin Show&#8217; o &#8216;The Brady Bunch Hour&#8217;.<\/p>\n<p>En el a\u00f1o 1977, Charo se nacionaliz\u00f3 estadounidense. Poco despu\u00e9s contrajo matrimonio con su representante Kjell Rasetn, con quien tendr\u00eda un hijo, Shel Rasten, bater\u00eda del grupo metal Treazen. Cuando apenas era un ni\u00f1o, Charo decidi\u00f3 establecerse en Haw\u00e1i, donde regentaba tambi\u00e9n un restaurante. Deseaba que el peque\u00f1o creciera lejos del mundano ajetreo. No regresar\u00edan hasta el a\u00f1o 2000. Y lo hizo para conquistar de nuevo el estrellato. Charo, quien incluso registr\u00f3 su frase m\u00e1s aclamada -Cuchi, cuchi- tambi\u00e9n es la primera murciana que ha aparecido en un episodio de Los Simpsons, concretamente el titulado &#8216;El viejo y la llave&#8217;. Uno de sus \u00faltimos proyectos, aparte de un disco que arrasa y se titula &#8216;Sexy Sexy&#8217;, es el espect\u00e1culo &#8216;Charo in Concert&#8217;, en el Riviera Hotel &#038; Casino de Las Vegas.<\/p>\n<p>Junto a decenas de distinciones en Am\u00e9rica, Charo Baeza recibi\u00f3 de manos del alcalde de Las Vegas las Llaves de Oro de la Ciudad. Es muy posible que, a golpe de porr\u00f3n jumillano y en honor de su Murcia lejana, lo celebrara m\u00e1s tarde.<\/p>\n","protected":false},"excerpt":{"rendered":"<p>Charo Baeza lleg\u00f3 tan lejos que en Espa\u00f1a -no digamos en su Murcia natal- pocos la conocen. A Charo Baeza, en realidad, no es que nadie la recuerde. M\u00e1s bien, parece que muchos la han olvidado. Porque ya en 1981, la Asociaci\u00f3n de la Prensa le otorg\u00f3 uno de sus Laureles por considerarla la murciana [&hellip;]<\/p>\n","protected":false},"author":7,"featured_media":0,"comment_status":"open","ping_status":"open","sticky":false,"template":"","format":"standard","meta":[],"categories":[22],"tags":[224,225,226,227,228],"_links":{"self":[{"href":"https:\/\/blogs.laverdad.es\/lamurciaquenovemos\/wp-json\/wp\/v2\/posts\/238"}],"collection":[{"href":"https:\/\/blogs.laverdad.es\/lamurciaquenovemos\/wp-json\/wp\/v2\/posts"}],"about":[{"href":"https:\/\/blogs.laverdad.es\/lamurciaquenovemos\/wp-json\/wp\/v2\/types\/post"}],"author":[{"embeddable":true,"href":"https:\/\/blogs.laverdad.es\/lamurciaquenovemos\/wp-json\/wp\/v2\/users\/7"}],"replies":[{"embeddable":true,"href":"https:\/\/blogs.laverdad.es\/lamurciaquenovemos\/wp-json\/wp\/v2\/comments?post=238"}],"version-history":[{"count":0,"href":"https:\/\/blogs.laverdad.es\/lamurciaquenovemos\/wp-json\/wp\/v2\/posts\/238\/revisions"}],"wp:attachment":[{"href":"https:\/\/blogs.laverdad.es\/lamurciaquenovemos\/wp-json\/wp\/v2\/media?parent=238"}],"wp:term":[{"taxonomy":"category","embeddable":true,"href":"https:\/\/blogs.laverdad.es\/lamurciaquenovemos\/wp-json\/wp\/v2\/categories?post=238"},{"taxonomy":"post_tag","embeddable":true,"href":"https:\/\/blogs.laverdad.es\/lamurciaquenovemos\/wp-json\/wp\/v2\/tags?post=238"}],"curies":[{"name":"wp","href":"https:\/\/api.w.org\/{rel}","templated":true}]}}