{"id":243,"date":"2017-02-07T10:55:51","date_gmt":"2017-02-07T09:55:51","guid":{"rendered":"http:\/\/blogs.laverdad.es\/lamurciaquenovemos\/?p=243"},"modified":"2017-02-07T10:55:51","modified_gmt":"2017-02-07T09:55:51","slug":"los-papeles-catalanes-de-murcia","status":"publish","type":"post","link":"https:\/\/blogs.laverdad.es\/lamurciaquenovemos\/2017\/02\/07\/los-papeles-catalanes-de-murcia\/","title":{"rendered":"Los papeles &#8220;catalanes&#8221; de Murcia"},"content":{"rendered":"<p>A Antonio Ib\u00e1\u00f1ez no le tembl\u00f3 el pulso al teclear en su antigua m\u00e1quina la exigencia de que le explicaran &#8220;cu\u00e1les fueron las causas que motivaron para esa empresa despedir al personal de tramoya y electricidad&#8221;. Era el tal Ib\u00e1\u00f1ez secretario de la Sociedad de Servicio Esc\u00e9nico, que all\u00e1 por el a\u00f1o 1927 gestionaba el Teatro Romea. Y su carta, que acab\u00f3 en el Gobierno Civil, no tendr\u00eda mayor trascendencia de no ser porque se conserva en la Generalitat catalana. All\u00ed fue enviada por error. Y all\u00ed se ha mantenido durante d\u00e9cadas hasta que a un salmantino, Policarpo S\u00e1nchez, se le ocurri\u00f3 reclamar esos documentos que, en su opini\u00f3n, se custodian de forma il\u00edcita.<!--nextpage--><a href=\"\/lamurciaquenovemos\/wp-content\/uploads\/sites\/5\/2017\/02\/VF0MKQ91.jpg\"><img loading=\"lazy\" class=\"alignleft size-medium wp-image-244\" title=\"DOCU_VERDAD\" src=\"\/lamurciaquenovemos\/wp-content\/uploads\/sites\/5\/2017\/02\/VF0MKQ91.jpg\" alt=\"\" width=\"164\" height=\"300\" srcset=\"https:\/\/static-blogs.laverdad.es\/wp-content\/uploads\/sites\/5\/2017\/02\/VF0MKQ91.jpg 537w, https:\/\/static-blogs.laverdad.es\/wp-content\/uploads\/sites\/5\/2017\/02\/VF0MKQ91-164x300.jpg 164w\" sizes=\"(max-width: 164px) 100vw, 164px\" \/><\/a><\/p>\n<p>La denuncia adquiere estos d\u00edas actualidad porque ya est\u00e1 vista para sentencia. Y es la tercera ocasi\u00f3n, despu\u00e9s de agotar con \u00e9xito la v\u00eda administrativa, en que los tribunales catalanes le dan la raz\u00f3n a Policarpo, quien preside la asociaci\u00f3n Salvar el Archivo de Salamanca. Su objetivo es lograr que la Generalitat devuelva a un archivo nacional, o en su caso a los regionales, un total de 400.000 documentos que el Ministerio de Cultura remiti\u00f3 por error a Catalu\u00f1a. Se trata de documentos que corresponden a 23 provincias espa\u00f1olas.<\/p>\n<p>Policarpo se\u00f1al\u00f3 ayer a &#8220;La Verdad&#8221; que &#8220;el proceso est\u00e1 avanzado. La primera victoria fue la admisi\u00f3n a tr\u00e1mite por parte de los tribunales catalanes. Y aunque el abogado de la Generalitat pidi\u00f3 su archivo, le fue denegado&#8221;. El caso ya est\u00e1 visto para sentencia. Pero, \u00bfen qu\u00e9 beneficiar\u00eda a la Regi\u00f3n una sentencia favorable a esta asociaci\u00f3n? De entrada, obligar\u00eda a la entrega a Murcia de diversos documentos relacionados con el Teatro Romea, entre ellos cartas reivindicando un mejor trato y salario a los obreros y papeles del comit\u00e9 de empresa de la \u00e9poca.<!--nextpage--><\/p>\n<p>Entre los documentos que Policarpo reclama figuran diversos carn\u00e9s y expedientes de la Uni\u00f3n General de Trabajadores (UGT) de las localidades de Totana y La Uni\u00f3n. Para que la reclamaci\u00f3n pudiera prosperar ha sido necesario que la asociaci\u00f3n demostrara que los titulares de estos documentos jam\u00e1s hab\u00edan abandonado Murcia. &#8220;Y de eso me encargu\u00e9 en primera persona. All\u00ed, sobre el terreno&#8221;, se\u00f1ala Policarpo, quien a\u00f1ade que a su solicitud &#8220;se han sumado muchos murcianos a trav\u00e9s de las redes sociales&#8221;.<\/p>\n<p>La asociaci\u00f3n Salvar el Archivo de Salamanca fue creada en 2014 con el objetivo, como recuerda Policarpo, &#8220;de salvar el Archivo de Salamanca&#8221;. El presidente aclara que se trata de una asociaci\u00f3n formada por &#8220;gente de a pie y sin ning\u00fan inter\u00e9s pol\u00edtico&#8221;. Mediante esta iniciativa pretend\u00edan llamar la atenci\u00f3n y pedir la ayuda &#8220;de todos los espa\u00f1oles orgullosos de serlo para defendernos de la rapi\u00f1a de los que no quieren formar parte de Espa\u00f1a&#8221;. Centenares de murcianos se han sumado en los \u00faltimos meses a esta causa.<a href=\"\/lamurciaquenovemos\/wp-content\/uploads\/sites\/5\/2017\/02\/Murcia-Teatro-Romea.jpg\"><img loading=\"lazy\" class=\"alignleft size-medium wp-image-245\" title=\"Murcia  Teatro Romea\" src=\"\/lamurciaquenovemos\/wp-content\/uploads\/sites\/5\/2017\/02\/Murcia-Teatro-Romea.jpg\" alt=\"\" width=\"300\" height=\"202\" srcset=\"https:\/\/static-blogs.laverdad.es\/wp-content\/uploads\/sites\/5\/2017\/02\/Murcia-Teatro-Romea.jpg 311w, https:\/\/static-blogs.laverdad.es\/wp-content\/uploads\/sites\/5\/2017\/02\/Murcia-Teatro-Romea-300x203.jpg 300w\" sizes=\"(max-width: 300px) 100vw, 300px\" \/><\/a><\/p>\n<p>Aunque los documentos que reclama esta asociaci\u00f3n, seg\u00fan los expertos consultados, deber\u00edan custodiarse en Murcia, donde ser\u00eda m\u00e1s f\u00e1cil el acceso de los investigadores, existe una pieza que tambi\u00e9n tendr\u00eda que ser devuelta a la Regi\u00f3n si, como parece, prospera la demanda de la asociaci\u00f3n. Se trata del denominado Ara Pacis o Altar de la Salud, datado en el primer tercio del siglo I de nuestra era. Fue descubierta en el siglo XVI en el Monte Sacro de Cartagena. Luego, tras su traslado a Murcia se la conocer\u00eda como el ara de Espinardo, aunque ning\u00fan autor olvid\u00f3 jam\u00e1s que era cartagenera.<\/p>\n<p>El erudito murciano Cascales ya advert\u00eda en el siglo XVII que la &#8220;piedra&#8221; fue trasladada por el obispo Sancho D\u00e1vila en 1594 y m\u00e1s tarde regalada a Alonso Fajardo, marqu\u00e9s de Espinardo, para que adornara su jard\u00edn. Cascales se\u00f1ala que el altar &#8220;no tiene letra ninguna; es piedra de m\u00e1rmol con jerogl\u00edficos; en un costado tiene un tim\u00f3n, en otro la figura de Palas con un ramo de olivo, en el tercero una cornucopia, en el \u00faltimo un caduceo de Mercurio&#8221;.<\/p>\n<p>El altar embelleci\u00f3 el palacio del marqu\u00e9s hasta su muerte, aunque sus herederos trasladaron el monumento a Hospitalet de Llobregat (Barcelona). Y, por cierto, desde aquel momento, Murcia lo ha reclamado. Es m\u00e1s: el Senado acord\u00f3 en 2006 que volviera a Murcia, sin que hasta ahora se haya hecho efectivo, lo que algunos expertos consideran &#8220;una prevaricaci\u00f3n de libro&#8221;.<\/p>\n","protected":false},"excerpt":{"rendered":"<p>A Antonio Ib\u00e1\u00f1ez no le tembl\u00f3 el pulso al teclear en su antigua m\u00e1quina la exigencia de que le explicaran &#8220;cu\u00e1les fueron las causas que motivaron para esa empresa despedir al personal de tramoya y electricidad&#8221;. Era el tal Ib\u00e1\u00f1ez secretario de la Sociedad de Servicio Esc\u00e9nico, que all\u00e1 por el a\u00f1o 1927 gestionaba el [&hellip;]<\/p>\n","protected":false},"author":7,"featured_media":0,"comment_status":"open","ping_status":"open","sticky":false,"template":"","format":"standard","meta":[],"categories":[3],"tags":[229,104,230,231,4,39,232,233],"_links":{"self":[{"href":"https:\/\/blogs.laverdad.es\/lamurciaquenovemos\/wp-json\/wp\/v2\/posts\/243"}],"collection":[{"href":"https:\/\/blogs.laverdad.es\/lamurciaquenovemos\/wp-json\/wp\/v2\/posts"}],"about":[{"href":"https:\/\/blogs.laverdad.es\/lamurciaquenovemos\/wp-json\/wp\/v2\/types\/post"}],"author":[{"embeddable":true,"href":"https:\/\/blogs.laverdad.es\/lamurciaquenovemos\/wp-json\/wp\/v2\/users\/7"}],"replies":[{"embeddable":true,"href":"https:\/\/blogs.laverdad.es\/lamurciaquenovemos\/wp-json\/wp\/v2\/comments?post=243"}],"version-history":[{"count":0,"href":"https:\/\/blogs.laverdad.es\/lamurciaquenovemos\/wp-json\/wp\/v2\/posts\/243\/revisions"}],"wp:attachment":[{"href":"https:\/\/blogs.laverdad.es\/lamurciaquenovemos\/wp-json\/wp\/v2\/media?parent=243"}],"wp:term":[{"taxonomy":"category","embeddable":true,"href":"https:\/\/blogs.laverdad.es\/lamurciaquenovemos\/wp-json\/wp\/v2\/categories?post=243"},{"taxonomy":"post_tag","embeddable":true,"href":"https:\/\/blogs.laverdad.es\/lamurciaquenovemos\/wp-json\/wp\/v2\/tags?post=243"}],"curies":[{"name":"wp","href":"https:\/\/api.w.org\/{rel}","templated":true}]}}