{"id":247,"date":"2017-02-13T11:24:46","date_gmt":"2017-02-13T10:24:46","guid":{"rendered":"http:\/\/blogs.laverdad.es\/lamurciaquenovemos\/?p=247"},"modified":"2017-02-13T11:24:46","modified_gmt":"2017-02-13T10:24:46","slug":"la-voz-del-desierto-de-la-luz","status":"publish","type":"post","link":"https:\/\/blogs.laverdad.es\/lamurciaquenovemos\/2017\/02\/13\/la-voz-del-desierto-de-la-luz\/","title":{"rendered":"La voz del desierto&#8230; de La Luz"},"content":{"rendered":"<p><a href=\"\/lamurciaquenovemos\/wp-content\/uploads\/sites\/5\/2017\/02\/VF133561.jpg\"><img loading=\"lazy\" class=\"alignleft size-medium wp-image-248\" title=\"DOCU_VERDAD DOCU_VERDAD\" src=\"\/lamurciaquenovemos\/wp-content\/uploads\/sites\/5\/2017\/02\/VF133561.jpg\" alt=\"\" width=\"300\" height=\"182\" srcset=\"https:\/\/static-blogs.laverdad.es\/wp-content\/uploads\/sites\/5\/2017\/02\/VF133561.jpg 3607w, https:\/\/static-blogs.laverdad.es\/wp-content\/uploads\/sites\/5\/2017\/02\/VF133561-300x182.jpg 300w, https:\/\/static-blogs.laverdad.es\/wp-content\/uploads\/sites\/5\/2017\/02\/VF133561-768x467.jpg 768w, https:\/\/static-blogs.laverdad.es\/wp-content\/uploads\/sites\/5\/2017\/02\/VF133561-1024x623.jpg 1024w\" sizes=\"(max-width: 300px) 100vw, 300px\" \/><\/a>La Voz del Desierto. Mire usted si ser\u00e1 rico el diccionario y han venido a llamarlo La Voz del Desierto. Incautos. Me refiero a uno de los grupos invitados al festival de oraci\u00f3n que se celebrar\u00e1 esta semana en el colegio Villa Pilar o en el Eremitorio de La Luz, que igual me da. S\u00ed, el mismo cenobio que se est\u00e1 cayendo a trozos sin que a nadie se le caiga la cara de verg\u00fcenza. Porque para voz en el desierto, pero b\u00edblica de verdad, la que muchos alzamos desde hace tiempo sin \u00e9xito alguno. Aquel hist\u00f3rico edificio, que se desmorona d\u00eda a d\u00eda, acoger\u00e1 &#8220;dos noches de adoraci\u00f3n musicales, testimonios, unci\u00f3n de enfermos y un concierto. Todo ello bajo el lema: \u201cVenid, benditos de mi Padre\u201d.<\/p>\n<p>As\u00ed lo anuncia el Obispado, que tampoco se ha alterado mucho ante las denuncias de ruina. Y lo mismo recomiendo yo: Id benditos m\u00edos y, entre rezo y rezo, echad una mano (de yeso, sobre todo) para que La Luz no pase a la Historia. Eso ser\u00e1 lo \u00fanico que salve este enclave, vista la pasividad de los frailecillos que all\u00ed se cobijan y quienes, por miedo a que el se\u00f1or obispo, su eminencia, les de puerta, no alzan la voz ni para cantar laudes. Por cierto, hermanicos m\u00edos, deber\u00edan haber llamado ustedes a esta quedada La Voz del Desierto&#8230; de Salent, que as\u00ed se llam\u00f3 el lugar donde moran et poco laboran entre grietas y humedades.<\/p>\n<p>Que a m\u00ed me parece genial que ofrezcan a Dios las estrecheces que soportan, pero sencillez no equivale a dejadez. Y la humildad, en no pocos casos, esconde vanidad. Aunque dentro de poco ya no habr\u00e1 muros en el monasterio que escondan nada. Si es cierto que como dec\u00eda santa Teresa &#8220;la\u00a0humildad\u00a0es vivir en la verdad&#8221;, la verdad es que el eremitorio de La Luz est\u00e1 hecho una mierda.<\/p>\n<p>&nbsp;<\/p>\n<p>&nbsp;<\/p>\n","protected":false},"excerpt":{"rendered":"<p>La Voz del Desierto. Mire usted si ser\u00e1 rico el diccionario y han venido a llamarlo La Voz del Desierto. Incautos. Me refiero a uno de los grupos invitados al festival de oraci\u00f3n que se celebrar\u00e1 esta semana en el colegio Villa Pilar o en el Eremitorio de La Luz, que igual me da. S\u00ed, [&hellip;]<\/p>\n","protected":false},"author":7,"featured_media":0,"comment_status":"open","ping_status":"open","sticky":false,"template":"","format":"standard","meta":[],"categories":[32],"tags":[130,234,235,236,237,206,39,238,80,239],"_links":{"self":[{"href":"https:\/\/blogs.laverdad.es\/lamurciaquenovemos\/wp-json\/wp\/v2\/posts\/247"}],"collection":[{"href":"https:\/\/blogs.laverdad.es\/lamurciaquenovemos\/wp-json\/wp\/v2\/posts"}],"about":[{"href":"https:\/\/blogs.laverdad.es\/lamurciaquenovemos\/wp-json\/wp\/v2\/types\/post"}],"author":[{"embeddable":true,"href":"https:\/\/blogs.laverdad.es\/lamurciaquenovemos\/wp-json\/wp\/v2\/users\/7"}],"replies":[{"embeddable":true,"href":"https:\/\/blogs.laverdad.es\/lamurciaquenovemos\/wp-json\/wp\/v2\/comments?post=247"}],"version-history":[{"count":0,"href":"https:\/\/blogs.laverdad.es\/lamurciaquenovemos\/wp-json\/wp\/v2\/posts\/247\/revisions"}],"wp:attachment":[{"href":"https:\/\/blogs.laverdad.es\/lamurciaquenovemos\/wp-json\/wp\/v2\/media?parent=247"}],"wp:term":[{"taxonomy":"category","embeddable":true,"href":"https:\/\/blogs.laverdad.es\/lamurciaquenovemos\/wp-json\/wp\/v2\/categories?post=247"},{"taxonomy":"post_tag","embeddable":true,"href":"https:\/\/blogs.laverdad.es\/lamurciaquenovemos\/wp-json\/wp\/v2\/tags?post=247"}],"curies":[{"name":"wp","href":"https:\/\/api.w.org\/{rel}","templated":true}]}}