{"id":258,"date":"2017-02-23T12:34:55","date_gmt":"2017-02-23T11:34:55","guid":{"rendered":"http:\/\/blogs.laverdad.es\/lamurciaquenovemos\/?p=258"},"modified":"2017-02-23T12:34:55","modified_gmt":"2017-02-23T11:34:55","slug":"el-robo-de-la-fuensanta-desvelado","status":"publish","type":"post","link":"https:\/\/blogs.laverdad.es\/lamurciaquenovemos\/2017\/02\/23\/el-robo-de-la-fuensanta-desvelado\/","title":{"rendered":"El robo de La Fuensanta, desvelado"},"content":{"rendered":"<p><a href=\"\/lamurciaquenovemos\/wp-content\/uploads\/sites\/5\/2017\/02\/Robo-Catedral-de-Murcia.jpg\"><img loading=\"lazy\" class=\"alignleft size-large wp-image-259\" title=\"plantilla 370\" src=\"\/lamurciaquenovemos\/wp-content\/uploads\/sites\/5\/2017\/02\/Robo-Catedral-de-Murcia.jpg\" alt=\"\" width=\"940\" height=\"1024\" srcset=\"https:\/\/static-blogs.laverdad.es\/wp-content\/uploads\/sites\/5\/2017\/02\/Robo-Catedral-de-Murcia.jpg 2496w, https:\/\/static-blogs.laverdad.es\/wp-content\/uploads\/sites\/5\/2017\/02\/Robo-Catedral-de-Murcia-275x300.jpg 275w, https:\/\/static-blogs.laverdad.es\/wp-content\/uploads\/sites\/5\/2017\/02\/Robo-Catedral-de-Murcia-768x837.jpg 768w, https:\/\/static-blogs.laverdad.es\/wp-content\/uploads\/sites\/5\/2017\/02\/Robo-Catedral-de-Murcia-940x1024.jpg 940w\" sizes=\"(max-width: 940px) 100vw, 940px\" \/><\/a>El buen sacrist\u00e1n Eduardo Gass\u00f3 jam\u00e1s habr\u00eda de olvidar aquella ma\u00f1ana fr\u00eda cuando descubri\u00f3 c\u00f3mo el fabuloso joyero de la Fuensanta hab\u00eda desaparecido. Sucedi\u00f3 el 8 de enero de 1977. Entre otras piezas, los ladrones se llevaron de la Catedral la corona de la Patrona, una obra en oro con 5.872 piedras preciosas, entre brillantes, diamantes, zafiros, esmeraldas, rub\u00edes y topacios. Y tambi\u00e9n la del Ni\u00f1o, compuesta por 1.749 piedras, junto al llamado pectoral de Belluga, su anillo y un broche.<\/p>\n<p>Las investigaciones quedaron bajo la direcci\u00f3n del comisario Maximino Conesa. Pero apenas dieron fruto. O eso se cont\u00f3 entonces. Solo trascendi\u00f3 que dos individuos hab\u00edan entrado de madrugada al templo por la puerta de la Torre. Desde las rampas de subida y a trav\u00e9s de un ventanuco pasaron al interior, cortaron los barrotes del museo y perpetraron el robo.<\/p>\n<p>La \u00fanica pista llev\u00f3 al interrogatorio de un vecino de Elda, Juan Gil, relacionado con otro robo similar en Salamanca. Pero no se prob\u00f3 su autor\u00eda. Poco m\u00e1s se cont\u00f3. Hasta ahora. En realidad, existi\u00f3 un detallado informe policial que, durante los meses siguientes, determin\u00f3 c\u00f3mo se hab\u00eda producido el robo e incluso identific\u00f3 e interrog\u00f3 a sus supuestos autores. Esta es la sorprendente historia que ya fue esbozada en su d\u00eda por el joven periodista Garc\u00eda Cruz, hoy subdirector de \u2018La Verdad\u2019, en la popular revista \u2018Lean\u2019, aunque entonces nadie se decidi\u00f3 a cerrar el caso.<\/p>\n<p><strong>Las primeras pistas<\/strong><br \/>\nLa Polic\u00eda consider\u00f3 probado que a las pocas horas de ejecutarse el asalto, \u00abya se ten\u00eda conocimiento de que, por ciertos reclusos del Centro Penitenciario de Detenci\u00f3n, [se] hab\u00eda preparado el esbozamiento primero y detalle despu\u00e9s, la forma de acceso, la provisi\u00f3n de material ox\u00eddrico, lugar donde estaban las llaves del museo y forma igualmente de deshacerse del bot\u00edn\u00bb.<a href=\"\/lamurciaquenovemos\/wp-content\/uploads\/sites\/5\/2017\/02\/image.jpg\"><img loading=\"lazy\" class=\"alignleft size-full wp-image-260\" title=\"image\" src=\"\/lamurciaquenovemos\/wp-content\/uploads\/sites\/5\/2017\/02\/image.jpg\" alt=\"\" width=\"551\" height=\"360\" srcset=\"https:\/\/static-blogs.laverdad.es\/wp-content\/uploads\/sites\/5\/2017\/02\/image.jpg 551w, https:\/\/static-blogs.laverdad.es\/wp-content\/uploads\/sites\/5\/2017\/02\/image-300x196.jpg 300w\" sizes=\"(max-width: 551px) 100vw, 551px\" \/><\/a><\/p>\n<p>El comisario Conesa decidi\u00f3 entonces enviar a dos agentes a M\u00e1laga y a Sevilla, donde hab\u00edan sido trasladados los presos Gin\u00e9s P. J. y Jaime H. C., a quienes se consideraba c\u00f3mplices del robo y para el \u00abesclarecimiento de puntos oscuros\u00bb. Y as\u00ed fue.<\/p>\n<p>\u2018La Verdad\u2019 localiz\u00f3 a Gin\u00e9s P. J. en una localidad de Cantabria \u2013cuyo nombre pidi\u00f3 que no se publicara\u2013 y ratific\u00f3 punto por punto lo que hace cuatro d\u00e9cadas declarara a la Polic\u00eda. Sin embargo, d\u00edas m\u00e1s tarde rehus\u00f3 colaborar con la Guardia Civil, cuyos agentes lo interrogaron. Aunque el delito est\u00e1 prescrito, prefer\u00eda aguardar silencio, seg\u00fan dijo a este diario, \u00abporque rehice mi vida y tengo familia\u00bb. Y seg\u00fan cont\u00f3 a la Guardia Civil, \u00abporque no me acuerdo de nada\u00bb.<\/p>\n<p>En 1977 s\u00ed se acordaba. Junto a Jaime H. C. confes\u00f3 c\u00f3mo hab\u00edan planeado el golpe. Ambos hicieron revelaciones sobre otros asaltos en diversos lugares, entre ellos \u00abel chal\u00e9 de una marquesa en la localidad de San Pedro del Pinatar\u00bb, en la C\u00e1mara Santa de Oviedo y en Frejenar de la Sierra (Badajoz).<\/p>\n<p>Un detalle result\u00f3 trascendental de su declaraci\u00f3n: la menci\u00f3n del robo de cuatro cuadros en la Catedral de Salamanca el 5 de octubre de 1976, apenas dos meses antes del \u2018golpe\u2019 en Murcia. El \u2018modus operandi\u2019 result\u00f3 id\u00e9ntico. En ambos templos operaron de noche, destrozando cerrojos y serrando barrotes.<\/p>\n<p>En  Salamanca pronto se localizaron a los autores: Jos\u00e9 Rico N\u00fa\u00f1ez, de 31 a\u00f1os, y Juan Gil Cant\u00f3, de 36 a\u00f1os y vecino de Elda (Alicante), donde se recuperaron dos de los cuadros robados. Los otros fueron vendidos a Mar\u00eda Antonia Garc\u00eda Rico, a quien se detuvo como \u00abcompradora de mala fe\u00bb. Y tambi\u00e9n fue arrestado su marido, Manuel F\u00e9lix Junquera Sanz, acusado de falsificar el carn\u00e9 de identidad y, curiosamente, de hacer \u00abuso indebido del t\u00edtulo de marqu\u00e9s de Fonsanto\u00bb.<\/p>\n<p><strong>En manos de \u2018La Marquesa\u2019<\/strong><br \/>\nMar\u00eda Antonia, conocida como \u2018La Marquesa\u2019, fue condenada por la Audiencia Provincial de Salamanca el 24 de septiembre de 1977 como autora de un delito de receptaci\u00f3n a la pena de cuatro a\u00f1os, dos meses y un d\u00eda. Un Real Decreto, de 4 de noviembre de 1980, le conceder\u00eda el indulto parcial. Los polic\u00edas murcianos estaban convencidos de que tanto Juan Gil como Mar\u00eda Antonia Garc\u00eda y Manuel F\u00e9lix Junquera, supuestamente en calidad de peristas, estaban involucrados en el robo de la Catedral de Murcia. De hecho, constataron que el matrimonio, solo tres d\u00edas despu\u00e9s del golpe a la Fuensanta, desapareci\u00f3 de su domicilio en Madrid. Se llevaron los muebles y ni siquiera pagaron las 80.000 pesetas que deb\u00edan del alquiler. Y en paradero desconocido estuvieron \u00abdurante un tiempo prudencial\u00bb, siempre seg\u00fan los informes de la Polic\u00eda. Juan Gil, por otra parte, tampoco era un angelito. Ya hab\u00eda sido detenido en 1975 por pertenencia a una banda de atracadores.<\/p>\n<div id=\"attachment_261\" style=\"width: 310px\" class=\"wp-caption alignleft\"><a href=\"\/lamurciaquenovemos\/wp-content\/uploads\/sites\/5\/2017\/02\/216189.jpg\"><img aria-describedby=\"caption-attachment-261\" loading=\"lazy\" class=\"size-medium wp-image-261\" title=\"Juzgados Mar\u00eda antonia\" src=\"\/lamurciaquenovemos\/wp-content\/uploads\/sites\/5\/2017\/02\/216189.jpg\" alt=\"\" width=\"300\" height=\"199\" srcset=\"https:\/\/static-blogs.laverdad.es\/wp-content\/uploads\/sites\/5\/2017\/02\/216189.jpg 3216w, https:\/\/static-blogs.laverdad.es\/wp-content\/uploads\/sites\/5\/2017\/02\/216189-300x199.jpg 300w, https:\/\/static-blogs.laverdad.es\/wp-content\/uploads\/sites\/5\/2017\/02\/216189-768x510.jpg 768w, https:\/\/static-blogs.laverdad.es\/wp-content\/uploads\/sites\/5\/2017\/02\/216189-1024x680.jpg 1024w\" sizes=\"(max-width: 300px) 100vw, 300px\" \/><\/a><p id=\"caption-attachment-261\" class=\"wp-caption-text\">Mar\u00eda Antonia, en el juicio donde result\u00f3 absuelta.<\/p><\/div>\n<p>Junto a estos, la Polic\u00eda incluy\u00f3 en sus informes m\u00e1s nombres. Entre ellos, Jaime Herrero Cort\u00e9s, un barcelon\u00e9s afincado en Sevilla, y Jos\u00e9 G\u00f3mez Pires Cohelo, un portugu\u00e9s al que apodaban \u2018El Franc\u00e9s\u2019 y quien en julio de 1977 estaba en la prisi\u00f3n de Leir\u00eda (Portugal) a disposici\u00f3n de un juez por diversos robos y tenencia de armas de fuego. Otro de los supuestos implicados, siempre seg\u00fan la versi\u00f3n policial, era el madrile\u00f1o Jos\u00e9 Luis Pedraza L\u00f3pez, quien tambi\u00e9n hab\u00eda cumplido una condena por robo.<\/p>\n<p>El siguiente investigado revest\u00eda especial inter\u00e9s. Era un murciano, nacido en 1953 y que respond\u00eda a las siglas Luis G. G. M. Su participaci\u00f3n en los hechos fue determinante pues, como concluyeron los investigadores, el joven hab\u00eda pertenecido a\u00f1os atr\u00e1s a la Escolan\u00eda Infantil de la Catedral. Por eso, \u00abconoc\u00eda perfectamente d\u00f3nde estaban [las llaves del Museo catedralicio] y as\u00ed lo comunic\u00f3 a sus compa\u00f1eros\u00bb.<\/p>\n<p>La identidad de Luis se preserv\u00f3 hasta el extremo. Algunas fuentes se\u00f1alan que por pertenecer a \u00abuna destacada familia murciana\u00bb. Y resulta casi imposible rastrear hoy sus iniciales \u2013que solo con ellas lo citaba la Polic\u00eda\u2013 en las listas de ni\u00f1os cantores que conserva, en perfecto desorden, el archivo de la Catedral.<\/p>\n<p><strong>C\u00f3mo asaltaron el templo<\/strong><br \/>\nIdentificados los presuntos autores, la Polic\u00eda cruz\u00f3 las declaraciones de algunos de ellos para reconstruir el \u2018iter criminis\u2019. Los ladrones entraron a la Catedral por la puerta de la Torre, subieron tres de sus rampas y salieron al tejado tras descerrajar un candado y una cadena. Por el exterior recorrieron el suelo resbaladizo, ya que hab\u00eda llovido unas horas antes, y se dirigieron a la Capilla de los V\u00e9lez. No les hizo falta llevar una escalera. Alguien debi\u00f3 advertirles de que en la c\u00fapula de la capilla se guardaba la que utilizaban los electricistas para revisar la iluminaci\u00f3n exterior del templo. Desde all\u00ed, a trav\u00e9s de una escalera de caracol que pocos murcianos conoc\u00edan, bajaron a la Sacrist\u00eda, al pie de la Torre, cuyo candado reventaron para hacerse con las llaves del Museo. El c\u00f3mplice murciano debi\u00f3 advertirles de que all\u00ed se guardaban.<\/p>\n<p>Una vez dentro del Museo, encontraron otra puerta. Sin problemas. Cortaron el cristal con un diamante y con un soplete abrieron un hueco en los barrotes. Las confesiones de los presos Gin\u00e9s P. J. y Jaime H. C., de hecho y seg\u00fan el acta policial, \u00abarrojaron luz\u00bb sobre el m\u00e9todo empleado \u00abpara cortar los barrotes de la verja de Murcia, que es el de la aluminotermia\u00bb. Luego consumaron el hurto y se esfumaron.<\/p>\n<p>M\u00e1s rocambolescos fueron los planes para esconder el bot\u00edn. La Polic\u00eda constat\u00f3 tres propuestas. La primera consist\u00eda en cruzar la frontera de Francia con las joyas escondidas en los bajos de un veh\u00edculo. Pero se descart\u00f3. Seg\u00fan la segunda, \u00abdeb\u00eda hacerse cargo del material Juan Luis Cant\u00f3, y pas\u00e1rselo a unos colombianos domiciliados en Benidorm, los cuales se encargar\u00edan de sacarlo\u00bb.<\/p>\n<p><strong>Un env\u00edo a El Ferrol<\/strong><br \/>\nLa tercera posibilidad era utilizar un \u00abcorreo certificado\u00bb a la direcci\u00f3n de la familia de uno los implicados, en El Ferrol. Los agentes murcianos avisaron a la comisar\u00eda gallega, pero nunca lleg\u00f3 el paquete. A\u00fan hoy es una inc\u00f3gnita el procedimiento que se emple\u00f3 y que devino en un \u00e9xito: de las joyas nunca m\u00e1s se supo. Hasta que, en 2016, la Guardia Civil recuper\u00f3 la cruz labrada en oro con 16 esmeraldas y un collar de diamantes y aguamarinas. Fue presentado a los murcianos hace un a\u00f1o justo.<\/p>\n<p>Cuarenta a\u00f1os despu\u00e9s, no es complicado seguir el rastro de los supuestos implicados en el robo. Y algunos no pueden hablar de lo sucedido. Juan Gil falleci\u00f3 en Elda el 23 de diciembre de 2004. Y Mar\u00eda Antonia tambi\u00e9n muri\u00f3 hace unos meses en Madrid tras sufrir un ictus. Si algo sab\u00edan, se lo llevaron a la tumba. El hermano de Mar\u00eda Antonia asegur\u00f3 a \u2018La Verdad\u2019 que su cu\u00f1ado, Manuel F\u00e9lix Junquera, \u00abse encuentra muy mayor, oye poco y est\u00e1 convaleciente de una enfermedad. Yo le preguntar\u00e9\u00bb. No lo hizo.<\/p>\n<p>Entretanto, los \u00faltimos informes de Cultura y Hacienda, este \u00faltimo para comprobar si se hicieron facturas de las piezas recuperadas, cierran las investigaci\u00f3n a la espera de que la juez decidida su archivo, la apertura de juicio o m\u00e1s diligencias. As\u00ed las cosas, aunque el misterio a\u00fan envuelve al m\u00e1s c\u00e9lebre robo perpetrado en Murcia en todos los tiempos, la revisi\u00f3n de los expedientes policiales y estos datos evidencian que supuestamente todo sucedi\u00f3 as\u00ed.\u00a0<a href=\"\/lamurciaquenovemos\/wp-content\/uploads\/sites\/5\/2017\/02\/VF0ZIC11.jpg\"><img loading=\"lazy\" class=\"alignleft size-medium wp-image-262\" title=\"DOCU_VERDAD DOCU_VERDAD\" src=\"\/lamurciaquenovemos\/wp-content\/uploads\/sites\/5\/2017\/02\/VF0ZIC11.jpg\" alt=\"\" width=\"300\" height=\"200\" srcset=\"https:\/\/static-blogs.laverdad.es\/wp-content\/uploads\/sites\/5\/2017\/02\/VF0ZIC11.jpg 4689w, https:\/\/static-blogs.laverdad.es\/wp-content\/uploads\/sites\/5\/2017\/02\/VF0ZIC11-300x200.jpg 300w, https:\/\/static-blogs.laverdad.es\/wp-content\/uploads\/sites\/5\/2017\/02\/VF0ZIC11-768x512.jpg 768w, https:\/\/static-blogs.laverdad.es\/wp-content\/uploads\/sites\/5\/2017\/02\/VF0ZIC11-1024x683.jpg 1024w\" sizes=\"(max-width: 300px) 100vw, 300px\" \/><\/a><\/p>\n<p><strong>&#8220;El asalto fue organizado por un grupo de internos de  la prisi\u00f3n de Murcia\u00bb<\/strong><\/p>\n<p>La llamada sorprende a Gin\u00e9s P. J. No en vano han pasado cuarenta a\u00f1os desde aquel c\u00e9lebre asalto a la Catedral. Y \u00e9l rehizo su vida al otro extremo del pa\u00eds. Aunque reacciona de inmediato en cuanto escucha que el motivo del contacto es preguntarle qu\u00e9 sucedi\u00f3 en realidad con el tesoro de la Patrona de Murcia. \u00ab\u00bfSe refiere a la Fuensanta?\u00bb, responde al instante. Y no tarda ni un segundo en reconocer que lo vivi\u00f3 en primera persona. \u00ab\u00a1Habr\u00eda mucho que contar&#8230;!\u00bb, suspira. Lo primero es que reconoce su implicaci\u00f3n en el \u2018golpe\u2019, aunque solo sobre el papel. Otros lo consumaron. Unos d\u00edas despu\u00e9s de la entrevista desminti\u00f3 ante la Guardia Civil, que tambi\u00e9n segu\u00eda la pista del robo, cuanto hab\u00eda asegurado a \u2018La Verdad\u2019. En cualquier caso, el delito est\u00e1 m\u00e1s que prescrito.<\/p>\n<p>\u2013\u00bfConoce algo del hist\u00f3rico robo en la Catedral de Murcia?<br \/>\n\u2013Lo conozco todo, porque lo viv\u00ed en primera persona. Estaba por aquellos a\u00f1os ingresado en la prisi\u00f3n de Murcia cumpliendo condena.<br \/>\n\u2013\u00bfY recuerda qui\u00e9nes estuvieron implicados?<br \/>\n\u2013\u00a1Desde luego! Los conoc\u00eda a todos, pues el golpe se fragu\u00f3 entre nosotros, entre un grupo de presos. De hecho, yo fui quien lo plane\u00f3.<br \/>\n\u2013\u00bfUsted?<br \/>\n\u2013S\u00ed, se\u00f1or.<br \/>\n\u2013Pero no pudo cometerlo porque estaba en la c\u00e1rcel.<br \/>\n\u2013Exacto. Le he dicho que solo lo plane\u00e9. El robo lo llevaron a la pr\u00e1ctica otros dos internos. Y lo hicieron en cuanto salieron de la c\u00e1rcel. Yo no tuve nada que ver.<br \/>\n\u2013La Polic\u00eda realiz\u00f3 una extensa investigaci\u00f3n que incluy\u00f3 el interrogatorio de varias personas, entre ellas usted. Si tan claro lo ten\u00edan, no se detuvo a nadie.<br \/>\n\u2013A m\u00ed me interrogaron, pero era evidente que no hab\u00eda sido el autor. Aunque ten\u00edan indicios fundados sobre qui\u00e9nes eran. Lo que ocurri\u00f3 es que jam\u00e1s pudieron probar nada. Ni encontraron las joyas. De ah\u00ed que no se produjeran detenciones.<br \/>\n\u2013Usted no es murciano y, supongo, tampoco conoc\u00eda la Catedral ni lo que atesoraba su museo, \u00bfc\u00f3mo pudo entonces planear un robo de esa magnitud?<br \/>\n\u2013Ten\u00eda buenas relaciones con algunos se\u00f1ores relacionados con la Iglesia. Adem\u00e1s, la informaci\u00f3n necesaria la aport\u00f3 un murciano que conoc\u00eda muy bien c\u00f3mo y por d\u00f3nde entrar al templo, adem\u00e1s de lo que se guardaba dentro.<br \/>\n\u2013\u00bfQui\u00e9n era ese murciano?<br \/>\n\u2013Eso no lo recuerdo.<br \/>\n\u2013En la investigaci\u00f3n se citaba a un tal Luis G. G. M, vecino de Murcia, soltero, sin profesi\u00f3n y de 24 a\u00f1os de edad.<br \/>\n\u2013(Lo piensa un instante). No me acuerdo.<br \/>\n\u2013\u00bfSabe que la Guardia Civil recuper\u00f3 dos de las piezas: un pectoral de oro y esmeraldas y un collar de brillantes y aguamarinas?<br \/>\n\u2013\u00bfDe verdad? No lo sab\u00eda. Vivo tan lejos&#8230; Realmente es curioso.<br \/>\n\u2013\u00bfNo sabr\u00e1 por casualidad d\u00f3nde est\u00e1 el resto del bot\u00edn?<br \/>\n\u2013(Risas). \u00a1No tengo ni idea! No s\u00e9 c\u00f3mo acab\u00f3 aquella historia ni tampoco c\u00f3mo se desarroll\u00f3. Lo que recuerdo es que el plan se cocin\u00f3 dentro de la prisi\u00f3n y se realiz\u00f3 en cuanto salieron aquellos dos internos.<br \/>\n\u2013A los que nunca volvi\u00f3 a ver.<br \/>\n\u2013Nunca volv\u00ed a verlos.<br \/>\n\u2013Se ha contado que el autor fue, supuestamente, un tal Juan Gil, vecino de Elda.<br \/>\n\u2013No es verdad. Ese no era nadie.<br \/>\n\u2013Y ahora menos, porque falleci\u00f3 hace a\u00f1os. Otro de los nombres que baraj\u00f3 la Polic\u00eda como presuntamente implicados en la trama era el de Mar\u00eda Antonia Garc\u00eda Rico, \u00bfla conoc\u00eda usted?<br \/>\n\u2013Hab\u00eda o\u00eddo hablar de ella, pero desconozco si tuvo algo que ver. Personalmente, no la conoc\u00eda.<br \/>\n\u2013Ni tampoco podr\u00e1 hacerlo. Muri\u00f3 hace un par de meses.<br \/>\n\u2013\u00a1Vaya! Es que ya hace cuarenta a\u00f1os de aquello&#8230;<br \/>\n\u2013\u00bfJam\u00e1s se le ocurri\u00f3 contar esta historia?<br \/>\n\u2013\u00bfQu\u00e9 necesidad ten\u00eda? Rehice mi vida, tengo hijos. Nunca me ha interesado. Y ahora mucho menos, cuatro d\u00e9cadas m\u00e1s tarde.<br \/>\n\u2013Pero lo que me cuenta, si es verdad, arroja luz sobre un caso que se considera hist\u00f3rico en Murcia.<br \/>\n\u2013Le digo la verdad. Y lo mismo asegur\u00e9 entonces a la Polic\u00eda.<\/p>\n<p><strong>\u2018La Marquesa\u2019, \u00abuna mujer de car\u00e1cter\u00bb en  Los Alc\u00e1zares<\/strong><\/p>\n<p>La relaci\u00f3n de Mar\u00eda Antonia Garc\u00eda Rico con Murcia era, hasta que falleci\u00f3 hace unos meses, m\u00e1s intensa de lo que parece. La mujer era apoderada de la sociedad C. C. Las Velas S. L., empresa encargada de la gesti\u00f3n de centros comerciales como el que mantiene en Los Alc\u00e1zares. El marido de Mar\u00eda Antonia era socio de la firma. Y entre los cargos figuraba el sacerdote Juan Trujillano.<\/p>\n<p>Figuraba, porque tambi\u00e9n falleci\u00f3 en mayo de 2013 en Salamanca. Trujillano nombr\u00f3 a Mar\u00eda Antonia apoderada de sus empresas y albacea testamentaria. Trujillano era el fundador del colegio La Inmaculada, en Armenteros, dedicado a acoger a ni\u00f1os y j\u00f3venes pobres. Hasta que acogi\u00f3 tambi\u00e9n a \u2018La Marquesa\u2019 y, con el tiempo, acabaron en el juzgado.<\/p>\n<p>En el centro comercial de Los Alc\u00e1zares, que visitaba a menudo, la conoc\u00edan bien, como asegura uno de sus arrendatarios. \u00abEra una mujer de car\u00e1cter\u00bb, bromea. Y vaya si lo ten\u00eda, como pudo comprobar un magistrado en 2013 cuando la juzg\u00f3 por un presunto delito de apropiaci\u00f3n indebida en la compraventa de la antigua residencia universitaria Covadonga ubicaba, mira usted por donde, en la trasera de la Catedral de Salamanca.<\/p>\n<p>El inmueble, propiedad de Trujillano, se hab\u00eda vendido a una sociedad que entreg\u00f3 a cuenta 1,2 millones para levantar los embargos. Pero las deudas no se cancelaron y los compradores denunciaron por estafa al cura y a la mujer. Trujillano muri\u00f3 en mayo de 2013 y durante el juicio, que se celebr\u00f3 en octubre, como albacea del sacerdote alcanz\u00f3 un acuerdo econ\u00f3mico con los compradores, quienes retiraron la denuncia. Hacienda solo recuper\u00f3 unos 170.000 euros de otra empresa que Trujillano ten\u00eda en Murcia. \u2018La Marquesa\u2019 result\u00f3 absuelta.<\/p>\n","protected":false},"excerpt":{"rendered":"<p>El buen sacrist\u00e1n Eduardo Gass\u00f3 jam\u00e1s habr\u00eda de olvidar aquella ma\u00f1ana fr\u00eda cuando descubri\u00f3 c\u00f3mo el fabuloso joyero de la Fuensanta hab\u00eda desaparecido. Sucedi\u00f3 el 8 de enero de 1977. Entre otras piezas, los ladrones se llevaron de la Catedral la corona de la Patrona, una obra en oro con 5.872 piedras preciosas, entre brillantes, [&hellip;]<\/p>\n","protected":false},"author":7,"featured_media":0,"comment_status":"open","ping_status":"open","sticky":false,"template":"","format":"standard","meta":[],"categories":[3,32],"tags":[245,65,246,201,247,248,249,222,202,250,251,244,252],"_links":{"self":[{"href":"https:\/\/blogs.laverdad.es\/lamurciaquenovemos\/wp-json\/wp\/v2\/posts\/258"}],"collection":[{"href":"https:\/\/blogs.laverdad.es\/lamurciaquenovemos\/wp-json\/wp\/v2\/posts"}],"about":[{"href":"https:\/\/blogs.laverdad.es\/lamurciaquenovemos\/wp-json\/wp\/v2\/types\/post"}],"author":[{"embeddable":true,"href":"https:\/\/blogs.laverdad.es\/lamurciaquenovemos\/wp-json\/wp\/v2\/users\/7"}],"replies":[{"embeddable":true,"href":"https:\/\/blogs.laverdad.es\/lamurciaquenovemos\/wp-json\/wp\/v2\/comments?post=258"}],"version-history":[{"count":0,"href":"https:\/\/blogs.laverdad.es\/lamurciaquenovemos\/wp-json\/wp\/v2\/posts\/258\/revisions"}],"wp:attachment":[{"href":"https:\/\/blogs.laverdad.es\/lamurciaquenovemos\/wp-json\/wp\/v2\/media?parent=258"}],"wp:term":[{"taxonomy":"category","embeddable":true,"href":"https:\/\/blogs.laverdad.es\/lamurciaquenovemos\/wp-json\/wp\/v2\/categories?post=258"},{"taxonomy":"post_tag","embeddable":true,"href":"https:\/\/blogs.laverdad.es\/lamurciaquenovemos\/wp-json\/wp\/v2\/tags?post=258"}],"curies":[{"name":"wp","href":"https:\/\/api.w.org\/{rel}","templated":true}]}}