{"id":271,"date":"2017-03-16T15:18:23","date_gmt":"2017-03-16T14:18:23","guid":{"rendered":"http:\/\/blogs.laverdad.es\/lamurciaquenovemos\/?p=271"},"modified":"2017-03-16T15:18:23","modified_gmt":"2017-03-16T14:18:23","slug":"frases-que-anuncian-la-semana-santa","status":"publish","type":"post","link":"https:\/\/blogs.laverdad.es\/lamurciaquenovemos\/2017\/03\/16\/frases-que-anuncian-la-semana-santa\/","title":{"rendered":"Frases que anuncian la Semana Santa"},"content":{"rendered":"<p>Si acaso no bastara con el aroma del escaso azahar que no lograron robarnos, ramas, tronco y hasta pella incluidos. Si no nos sobrara con esa espl\u00e9ndida luz que cantara el poeta Guill\u00e9n, versos socorridos para algunos cansinos pregoneros. Si acaso no tuvi\u00e9ramos bastante con acariciar las t\u00fanicas que recuperamos, junto a tanta nostalgia, de las arcas. O si necesit\u00e1ramos algo m\u00e1s que el sabor de las pastillas de caramelo, que alguno ya ha comprado treinta kilos para que no se le haga tarde&#8230; Si el tacto, la vista y el gusto no nos prologaran que la Semana Santa est\u00e1 encima, a\u00fan nos quedar\u00eda la prueba infalible del o\u00eddo. Porque en cuanto uno escucha en el mismo d\u00eda treinta o cuarenta veces aquello de \u00ab\u00a1Esto est\u00e1 aqu\u00ed!\u00bb, de sobra sabe que no es el t\u00edo que te trae las multas del Ayuntamiento (que tambi\u00e9n), sino la cercan\u00eda de la Semana Santa del Azahar. Y tenemos la certeza al escuchar: \u00abNada. He visto la previsi\u00f3n y no caer\u00e1 ni una gota\u00bb. A un mes vista, ojo. O al rev\u00e9s: \u00abNada. He visto esa web cauc\u00e1sica, que es la buena de verdad, y dice que caer\u00e1 la mundial\u00bb. Y se aproxima la Semana Santa si alguien pone los ojos en blanco y te espeta: \u00ab\u00bfYo, procesiones? Yo las veo en Belluga o en San Nicol\u00e1s. De toda la vida\u00bb. Y luego se pasan la semana en La Manga. O escuchas: \u00ab\u00bfT\u00fa has visto el nuevo paso de tal cofrad\u00eda? \u00a1Vergonzoso, nene, ver-gon-zo-so!\u00bb. A lo que a\u00f1ade: \u00ab\u00a1Pero &#8216;cuidao&#8217;, que la culpa es del Cabildo!\u00bb. Llega la Semana Santa. M\u00e1s cerca a\u00fan se siente cuando otro exclama muy serio: \u00abSer pregonero es un orgullo, pero mire, tambi\u00e9n una responsabilidad\u00bb. \u00a1Pues claro, hijo! \u00bfY qu\u00e9 me dicen de los programas que anuncian \u00abla emotiv\u00edsima celebraci\u00f3n del solemn\u00edsimo triduo en honor a Nuestro Sacrat\u00edsimo Titular y a cargo de su Eminencia Reverend\u00edsima Don Fulanito&#8230;? Es que llega, vivimos y concluye la Semana Santa y a\u00fan estamos leyendo la convocatoria con el Bando pasando por la Gan V\u00eda, \u00a1leche!<\/p>\n","protected":false},"excerpt":{"rendered":"<p>Si acaso no bastara con el aroma del escaso azahar que no lograron robarnos, ramas, tronco y hasta pella incluidos. Si no nos sobrara con esa espl\u00e9ndida luz que cantara el poeta Guill\u00e9n, versos socorridos para algunos cansinos pregoneros. Si acaso no tuvi\u00e9ramos bastante con acariciar las t\u00fanicas que recuperamos, junto a tanta nostalgia, de [&hellip;]<\/p>\n","protected":false},"author":7,"featured_media":0,"comment_status":"open","ping_status":"open","sticky":false,"template":"","format":"standard","meta":[],"categories":[257],"tags":[259,260,261,264,269,101],"_links":{"self":[{"href":"https:\/\/blogs.laverdad.es\/lamurciaquenovemos\/wp-json\/wp\/v2\/posts\/271"}],"collection":[{"href":"https:\/\/blogs.laverdad.es\/lamurciaquenovemos\/wp-json\/wp\/v2\/posts"}],"about":[{"href":"https:\/\/blogs.laverdad.es\/lamurciaquenovemos\/wp-json\/wp\/v2\/types\/post"}],"author":[{"embeddable":true,"href":"https:\/\/blogs.laverdad.es\/lamurciaquenovemos\/wp-json\/wp\/v2\/users\/7"}],"replies":[{"embeddable":true,"href":"https:\/\/blogs.laverdad.es\/lamurciaquenovemos\/wp-json\/wp\/v2\/comments?post=271"}],"version-history":[{"count":0,"href":"https:\/\/blogs.laverdad.es\/lamurciaquenovemos\/wp-json\/wp\/v2\/posts\/271\/revisions"}],"wp:attachment":[{"href":"https:\/\/blogs.laverdad.es\/lamurciaquenovemos\/wp-json\/wp\/v2\/media?parent=271"}],"wp:term":[{"taxonomy":"category","embeddable":true,"href":"https:\/\/blogs.laverdad.es\/lamurciaquenovemos\/wp-json\/wp\/v2\/categories?post=271"},{"taxonomy":"post_tag","embeddable":true,"href":"https:\/\/blogs.laverdad.es\/lamurciaquenovemos\/wp-json\/wp\/v2\/tags?post=271"}],"curies":[{"name":"wp","href":"https:\/\/api.w.org\/{rel}","templated":true}]}}