{"id":303,"date":"2017-06-22T15:23:12","date_gmt":"2017-06-22T14:23:12","guid":{"rendered":"http:\/\/blogs.laverdad.es\/lamurciaquenovemos\/?p=303"},"modified":"2017-06-22T15:27:33","modified_gmt":"2017-06-22T14:27:33","slug":"el-gigante-verde-con-el-que-hablaba-codorniu","status":"publish","type":"post","link":"https:\/\/blogs.laverdad.es\/lamurciaquenovemos\/2017\/06\/22\/el-gigante-verde-con-el-que-hablaba-codorniu\/","title":{"rendered":"El gigante verde con el que hablaba Codorni\u00fa"},"content":{"rendered":"<p style=\"text-align: right;\"><a href=\"https:\/\/static-blogs.laverdad.es\/wp-content\/uploads\/sites\/5\/2017\/06\/VF15WAY1.jpg\"><img loading=\"lazy\" class=\"size-medium wp-image-304 alignright\" src=\"https:\/\/static-blogs.laverdad.es\/wp-content\/uploads\/sites\/5\/2017\/06\/VF15WAY1-200x300.jpg\" alt=\"19\/06\/17. FICUS DE SANTO DOMINGO\" width=\"200\" height=\"300\" srcset=\"https:\/\/static-blogs.laverdad.es\/wp-content\/uploads\/sites\/5\/2017\/06\/VF15WAY1-200x300.jpg 200w, https:\/\/static-blogs.laverdad.es\/wp-content\/uploads\/sites\/5\/2017\/06\/VF15WAY1.jpg 443w\" sizes=\"(max-width: 200px) 100vw, 200px\" \/><\/a>Contaba Horacio, de quien ya nadie se acuerda, que la virtud de los padres es una gran dote. Y la dote que recibi\u00f3 Jes\u00fas Jim\u00e9nez Avellaneda (Ceheg\u00edn, 1968) evidencia que sus padres, desde luego, destilaban virtud y sensatez por los cuatro costados. Como cualquier buen ceheginero, claro. Porque fueron quienes encauzaron la trayectoria de aquel joven d\u00edscolo que acabar\u00eda convirti\u00e9ndose, hace apenas unos d\u00edas, en presidente de la Federaci\u00f3n Regional de Empresarios de Hosteler\u00eda y Turismo (Hostemur).<\/p>\n<p>&nbsp;<\/p>\n<p><!--more--><\/p>\n<p>Con apenas 23 a\u00f1os, en un tiempo en que ten\u00eda la cabeza en tantas cosas propias de la edad, Jes\u00fas cortaba m\u00e1rmol en una cantera de Ceheg\u00edn. Y ni siquiera imagin\u00f3 que, casi tres d\u00e9cadas m\u00e1s tarde, cortar\u00eda el bacalao entre los empresarios dedicados a la hosteler\u00eda regional. Por derecho, que tambi\u00e9n es taurino. Pero eso se lo debe, aparte de a la inteligencia que otorga nacer en un pueblo, a su padre, quien entonces le propuso estudiar. Aquel hombre tiene hoy 85 a\u00f1os y es para Jes\u00fas uno de sus \u00eddolos.<\/p>\n<p>Ni digamos lo que supone \u00e9l para el abuelo. No en vano, el padre desempe\u00f1\u00f3 hasta tres empleos a un tiempo para que su hijo pudiera licenciarse. Esas cosas no se olvidan. Y el joven, menos mal, no le sali\u00f3 rana. Lleg\u00f3 a conseguir su t\u00edtulo en Econ\u00f3micas por la Universidad de Murcia y la de Manchester (Reino Unido), adem\u00e1s de dos diplomaturas, por si le faltaba algo. As\u00ed que pronto lo contrataron en ElPozo, donde conocer\u00eda a su actual socio.<\/p>\n<p>El acabose ocurri\u00f3 cuando Jes\u00fas, quien ya ten\u00eda el futuro m\u00e1s o menos asegurado, decidi\u00f3 abandonar la empresa. No fue f\u00e1cil. A\u00fan hoy reconoce que cuanto aprendi\u00f3 en ElPozo le ha servido para crear su propio emporio y se siente agradecido del cari\u00f1o que recibi\u00f3 en la multinacional. &#8220;El que ha comenzado bien, est\u00e1 a la mitad de la obra&#8221;, cantaba Horacio.<\/p>\n<p>El camino de Jes\u00fas estaba en otro lado. Primero, en un negocio en Cieza; luego en un restaurante, hasta desembocar en el exitoso Grupo Tempor\u00e1neo, que ahora dirige y posee varios negocios en la capital. Su decisi\u00f3n profesional fue un salto al vac\u00edo, como el que prepara realizar desde un puente en las pr\u00f3ximas semanas. Le atrae lo peligroso, cuentan.<\/p>\n<p>Tampoco esta decisi\u00f3n extra\u00f1a a sus amigos. A Jes\u00fas le apasiona el deporte y ya cuenta varias medias maratones en su haber, sin contar las decenas de carreras. O los descensos en kayak, los lanzamientos en paraca\u00eddas o los recorridos en bicicleta por las monta\u00f1as. Es una forma de mantener la forma, puesto que el nuevo presidente tiene, como dir\u00eda un castizo, muy buena boca. De hecho, le encanta la carne y la verdura. La carne que proviene de cuantos seres vivos atesora el planeta. Igual disfruta con un buen chulet\u00f3n, sea de buey o vaca vieja, que con una morcilla de la Sierra de Mar\u00eda, sin olvidar las codornices, a las que tampoco hace ascos.<\/p>\n<p>Y de la verdura, mejor ni hablar. Todas y en todas sus variedades. Eso s\u00ed, lo \u00fanico que odia son las aceitunas. Es verlas y salir corriendo. Corriendo a C\u00e1diz, su lugar preferido para desconectar de los negocios. O a Cabo de Gata, que descubri\u00f3 m\u00e1s tarde, pero que le entusiasma. Como tambi\u00e9n disfruta cuando visita el Sur de Cuba, hasta donde ha viajado en los \u00faltimos a\u00f1os en media docena de ocasiones. Aquellas gentes conquistaron su coraz\u00f3n.<\/p>\n<p>Es muy posible que pronto retorne acompa\u00f1ado del amor de su vida, con quien estos d\u00edas celebra el d\u00e9cimo aniversario desde que la conoci\u00f3. Una ceheginera de raza, como no pod\u00eda ser de otra manera. Nunca ha sido Jes\u00fas, aunque planta no le faltaba, hombre de coleccionar amores. Pero lo que colecciona con similar frenes\u00ed son botellas \u2013ojo, llenas\u2013 de vodka de la marca Absolut. De hecho, quiz\u00e1 sea su colecci\u00f3n, que ya ronda las doscientas piezas, una de las m\u00e1s importantes de Espa\u00f1a. Aunque tampoco parece darle m\u00e1s importancia de la que tiene, la verdad. Otra cosa sucede con sus negocios, a los que dedica todas las horas del d\u00eda. Por eso le supuso un mazazo la agresi\u00f3n del portero de uno de sus locales en Murcia a un joven, quien estuvo en coma.<\/p>\n<p>Los amigos de Jes\u00fas aseguran que, cuando se enter\u00f3 de los hechos, se deshiz\u00f3 en l\u00e1grimas. Solo la mejor\u00eda del joven agredido le devolvi\u00f3 cierta serenidad. Es posible que entonces recordara otra frase de Horacio, aquella que asegura que, en los contratiempos, sobre todo, &#8220;es donde conocemos nuestros recursos, para hacer uso de ellos&#8221;. Y los suyos, como tambi\u00e9n coinciden cuantos lo conocen, son el trabajo, la honradez y encarar la vida de frente, como los toreros a los que admira. O el buen flamenco, una m\u00fasica que le agrada, aunque su chica prefiera a Sabina, que tampoco est\u00e1 mal.<\/p>\n<p>Y as\u00ed pasa la vida para Jes\u00fas, entre viajes por todo el mundo y una m\u00e1xima que se impone cada d\u00eda: &#8220;Hay que perdonar, siempre&#8221;. Lo contrario emponzo\u00f1a el alma, asegura. Y \u00e9l, a las puertas de los cincuenta a\u00f1os, no est\u00e1 para emponzo\u00f1arse.<\/p>\n","protected":false},"excerpt":{"rendered":"<p>Contaba Horacio, de quien ya nadie se acuerda, que la virtud de los padres es una gran dote. Y la dote que recibi\u00f3 Jes\u00fas Jim\u00e9nez Avellaneda (Ceheg\u00edn, 1968) evidencia que sus padres, desde luego, destilaban virtud y sensatez por los cuatro costados. Como cualquier buen ceheginero, claro. Porque fueron quienes encauzaron la trayectoria de aquel [&hellip;]<\/p>\n","protected":false},"author":7,"featured_media":0,"comment_status":"open","ping_status":"open","sticky":false,"template":"","format":"standard","meta":[],"categories":[3],"tags":[290,289,287,288],"_links":{"self":[{"href":"https:\/\/blogs.laverdad.es\/lamurciaquenovemos\/wp-json\/wp\/v2\/posts\/303"}],"collection":[{"href":"https:\/\/blogs.laverdad.es\/lamurciaquenovemos\/wp-json\/wp\/v2\/posts"}],"about":[{"href":"https:\/\/blogs.laverdad.es\/lamurciaquenovemos\/wp-json\/wp\/v2\/types\/post"}],"author":[{"embeddable":true,"href":"https:\/\/blogs.laverdad.es\/lamurciaquenovemos\/wp-json\/wp\/v2\/users\/7"}],"replies":[{"embeddable":true,"href":"https:\/\/blogs.laverdad.es\/lamurciaquenovemos\/wp-json\/wp\/v2\/comments?post=303"}],"version-history":[{"count":7,"href":"https:\/\/blogs.laverdad.es\/lamurciaquenovemos\/wp-json\/wp\/v2\/posts\/303\/revisions"}],"predecessor-version":[{"id":311,"href":"https:\/\/blogs.laverdad.es\/lamurciaquenovemos\/wp-json\/wp\/v2\/posts\/303\/revisions\/311"}],"wp:attachment":[{"href":"https:\/\/blogs.laverdad.es\/lamurciaquenovemos\/wp-json\/wp\/v2\/media?parent=303"}],"wp:term":[{"taxonomy":"category","embeddable":true,"href":"https:\/\/blogs.laverdad.es\/lamurciaquenovemos\/wp-json\/wp\/v2\/categories?post=303"},{"taxonomy":"post_tag","embeddable":true,"href":"https:\/\/blogs.laverdad.es\/lamurciaquenovemos\/wp-json\/wp\/v2\/tags?post=303"}],"curies":[{"name":"wp","href":"https:\/\/api.w.org\/{rel}","templated":true}]}}