{"id":323,"date":"2017-07-28T20:13:29","date_gmt":"2017-07-28T19:13:29","guid":{"rendered":"http:\/\/blogs.laverdad.es\/lamurciaquenovemos\/?p=323"},"modified":"2017-09-11T08:43:23","modified_gmt":"2017-09-11T07:43:23","slug":"tejerina-la-danina","status":"publish","type":"post","link":"https:\/\/blogs.laverdad.es\/lamurciaquenovemos\/2017\/07\/28\/tejerina-la-danina\/","title":{"rendered":"Tejerina, la da\u00f1ina"},"content":{"rendered":"<p>Otra Tejerina vendr\u00e1 que buena te har\u00e1, Narbona que Gloria llevaste como paz dejaste en Murcia. Y miren que lo ten\u00eda complicado la socialista que derog\u00f3 el trasvase del Ebro. Con un par y con todo su morro. Que de morro le echaba treinta kil\u00f3metros. Y encima, porque as\u00ed somos de serviles en esta tierra, le dimos m\u00e1s tarde un premio. Con otro par. Pues bueno: A aquella Narbona que cuando hablaba de los murcianos\u00a0parec\u00eda la ni\u00f1a del exorcista con resaca, a aquella ministra\u00a0que dinamit\u00f3\u00a0el Plan Hidrol\u00f3gico Nacional, a esa misma le ha salido una feroz competidora.<!--more--><\/p>\n<p>La nueva ministra Tejerina, la da\u00f1ina. Da\u00f1ina, no por\u00a0ser m\u00e1s mala que la carne de pescuezo, que eso est\u00e1 por ver aunque apunta maneras, sino porque cada vez que habla sube el pan y baja el nivel de agua de los pantanos murcianos. Es abrir la boca, y en Camarillas desciende un palmo el preciado elemento. Esta se\u00f1ora Tejerina, que me da grima y que\u00a0pone a Murcia fina,\u00a0garbilla agua cada vez que habla. Y seg\u00fan d\u00f3nde hable. No en vano es licenciada, aparte de en imprudencias varias, en puertas giratorias. En apestosas puertas giratorias.<\/p>\n<p>Me explico, no vayamos a tenerla: Tejerina, la da\u00f1ina, pas\u00f3 de ser un alto cargo -alta carga, cargante- de Agricultura a alto cargo tambi\u00e9n, pero de Fertiberia, empresa de fertilizantes pertenecientes al Grupo Villar Mir, cuyo presidente, Juan Miguel Villar Mir, fue imputado en el caso B\u00e1rcenas por haber realizado donaciones ilegales al PP. Y ahora retorna como ministra sacudi\u00e9ndose el mal olor de la empresa de esti\u00e9rcol, eso que en Murcia siempre se llam\u00f3 basura.<\/p>\n<p>-\u00a1Trae una pala de basura para los tomates, nene!, dec\u00eda el abuelo.<\/p>\n<p>Tomates murcianos que, por cierto, se\u00f1ora ministra, se cultivan en una tierra ensalzada como uno de los lugares\u00a0donde mejor se gestiona el agua del mundo. Del mundo mundial. Y cuando usted\u00a0ni so\u00f1aba con aferrarse al carguico, hartos estaban ya los regantes de recibir &#8216;parv\u00e1s&#8217; de autobuses de chinos e israel\u00edes que ven\u00edan a tomar nota. No a darla, como usted acostumbra. No a tomarnos como el pito del sereno, que es lo que hace su Gobierno en esta materia desde hace a\u00f1os. Que del &#8216;Agua para Todos&#8217; de las pancartas que llenaban los edificios p\u00fablicos todos en Murcia no queda ni el cordel que las sosten\u00eda. O cordeta, tal como se conoce en la huerta y, mira por donde, rima con jeta.<\/p>\n<p>Lucas Jim\u00e9nez, el presidente del sindicato de regantes, lo ha dicho claro como el agua que nos niegan: &#8220;Es la\u00a0mayor estafa electoral de este pa\u00eds&#8221;. Ole Lucas. Aunque, porque aqu\u00ed el que se mueve no sale en la &#8216;afoto&#8217;, ya est\u00e1s listo o, como dicen en la huerta, &#8216;espachao&#8217;.\u00a0Vamos, que te van a mandar a la&#8230; Fertiberia.<\/p>\n<p>Y ante todo ese panorama, Tejerina, la da\u00f1ina, se niega a hablar de trasvases y ofrece a los regantes como \u00fanica soluci\u00f3n la apertura de los pozos de sequ\u00eda. \u00a1\u00c9chame cartas, Roque! Igual lo propone para que los agricultores murcianos se tiren a ellos de cabeza, que es lo \u00fanico que ya les falta.<\/p>\n","protected":false},"excerpt":{"rendered":"<p>Otra Tejerina vendr\u00e1 que buena te har\u00e1, Narbona que Gloria llevaste como paz dejaste en Murcia. Y miren que lo ten\u00eda complicado la socialista que derog\u00f3 el trasvase del Ebro. Con un par y con todo su morro. Que de morro le echaba treinta kil\u00f3metros. Y encima, porque as\u00ed somos de serviles en esta tierra, [&hellip;]<\/p>\n","protected":false},"author":7,"featured_media":0,"comment_status":"open","ping_status":"open","sticky":false,"template":"","format":"standard","meta":[],"categories":[32],"tags":[301,297,303,300,47,302,298,296,299],"_links":{"self":[{"href":"https:\/\/blogs.laverdad.es\/lamurciaquenovemos\/wp-json\/wp\/v2\/posts\/323"}],"collection":[{"href":"https:\/\/blogs.laverdad.es\/lamurciaquenovemos\/wp-json\/wp\/v2\/posts"}],"about":[{"href":"https:\/\/blogs.laverdad.es\/lamurciaquenovemos\/wp-json\/wp\/v2\/types\/post"}],"author":[{"embeddable":true,"href":"https:\/\/blogs.laverdad.es\/lamurciaquenovemos\/wp-json\/wp\/v2\/users\/7"}],"replies":[{"embeddable":true,"href":"https:\/\/blogs.laverdad.es\/lamurciaquenovemos\/wp-json\/wp\/v2\/comments?post=323"}],"version-history":[{"count":29,"href":"https:\/\/blogs.laverdad.es\/lamurciaquenovemos\/wp-json\/wp\/v2\/posts\/323\/revisions"}],"predecessor-version":[{"id":389,"href":"https:\/\/blogs.laverdad.es\/lamurciaquenovemos\/wp-json\/wp\/v2\/posts\/323\/revisions\/389"}],"wp:attachment":[{"href":"https:\/\/blogs.laverdad.es\/lamurciaquenovemos\/wp-json\/wp\/v2\/media?parent=323"}],"wp:term":[{"taxonomy":"category","embeddable":true,"href":"https:\/\/blogs.laverdad.es\/lamurciaquenovemos\/wp-json\/wp\/v2\/categories?post=323"},{"taxonomy":"post_tag","embeddable":true,"href":"https:\/\/blogs.laverdad.es\/lamurciaquenovemos\/wp-json\/wp\/v2\/tags?post=323"}],"curies":[{"name":"wp","href":"https:\/\/api.w.org\/{rel}","templated":true}]}}