{"id":399,"date":"2017-10-18T19:04:18","date_gmt":"2017-10-18T18:04:18","guid":{"rendered":"http:\/\/blogs.laverdad.es\/lamurciaquenovemos\/?p=399"},"modified":"2017-10-18T19:04:18","modified_gmt":"2017-10-18T18:04:18","slug":"cataluna-para-los-murcianos","status":"publish","type":"post","link":"https:\/\/blogs.laverdad.es\/lamurciaquenovemos\/2017\/10\/18\/cataluna-para-los-murcianos\/","title":{"rendered":"\u00abCatalu\u00f1a para los murcianos\u00bb"},"content":{"rendered":"<p style=\"text-align: left;\"><a href=\"https:\/\/static-blogs.laverdad.es\/wp-content\/uploads\/sites\/5\/2017\/10\/Sin-t\u00edtuloaa.jpg\"><img loading=\"lazy\" class=\"wp-image-401 size-large alignright\" src=\"https:\/\/static-blogs.laverdad.es\/wp-content\/uploads\/sites\/5\/2017\/10\/Sin-t\u00edtuloaa-708x1024.jpg\" alt=\"sin-tituloaa\" width=\"708\" height=\"1024\" srcset=\"https:\/\/static-blogs.laverdad.es\/wp-content\/uploads\/sites\/5\/2017\/10\/Sin-t\u00edtuloaa-708x1024.jpg 708w, https:\/\/static-blogs.laverdad.es\/wp-content\/uploads\/sites\/5\/2017\/10\/Sin-t\u00edtuloaa-207x300.jpg 207w, https:\/\/static-blogs.laverdad.es\/wp-content\/uploads\/sites\/5\/2017\/10\/Sin-t\u00edtuloaa-768x1111.jpg 768w, https:\/\/static-blogs.laverdad.es\/wp-content\/uploads\/sites\/5\/2017\/10\/Sin-t\u00edtuloaa.jpg 927w\" sizes=\"(max-width: 708px) 100vw, 708px\" \/><\/a><\/p>\n<p style=\"text-align: left;\">Eran inmigrantes con \u00ablos ojos malos\u00bb. Como se dice de las bestias. Eran fornicadores, sucios, catetos y comunistas. Eran una raza inmunda que merec\u00eda la eugenesia. Y tambi\u00e9n, como aquellos que arriesgan la vida en Ceuta, ven\u00edan de \u00c1frica. Porque Murcia solo era eso para algunos catalanes en 1932. Y si no lo creen, pasen, lean e ind\u00edgnense.<!--more--><\/p>\n<p style=\"text-align: left;\">El periodista Carlos Sent\u00eds inmortaliz\u00f3 en una serie de reportajes publicados en el semanario catalanista &#8216;El Mirador&#8217; las vicisitudes que padecieron los miles de murcianos que, d\u00eda s\u00ed y d\u00eda tambi\u00e9n, llegaban a Barcelona en autobuses atestados para buscar empleo. A aquellos veh\u00edculos los llamaban &#8216;El Transmiseriano&#8217;.<\/p>\n<p>Los autobuses part\u00edan desde Lorca y Murcia sin licencia ni concesi\u00f3n alguna. Bastaba con reunir una treintena de emigrantes para que, previo pago de 200 pesetas por cabeza, animaran a alg\u00fan ch\u00f3fer a transportarlos. Mafia pura.<\/p>\n<p>El periodista realiz\u00f3 el trayecto junto a una veintena de pasajeros, 23 palomas, dos gallos, un perro y \u00abun pollo que saltaba de falda en falda\u00bb. Adem\u00e1s, uno de los 2 ch\u00f3feres atesoraba 16 canarios que vend\u00eda \u00aba dos duros cada uno\u00bb. Por si fuera poco, entre las maletas se inclu\u00eda una cama desmontable, una uva de d\u00e1tiles, capazos y colchones enrollados que escond\u00edan los objetos \u00abm\u00e1s inveros\u00edmiles\u00bb.<\/p>\n<p>La descripci\u00f3n del viaje es demoledora. Los pasajeros, entre los que se encontraban algunas mujeres de evidente reputaci\u00f3n -\u00abmueres de la v\u00eda\u00bb-, se entreten\u00edan \u00abinsultando y alborotando a la gente que encontraban en el camino\u00bb. En el juego participaban los ch\u00f3feres, cuando no deten\u00edan el veh\u00edculo para tomarse \u00abunos carajillos\u00bb, cosa que ocurr\u00eda \u00aben cada oportunidad que se les presentaba\u00bb.<\/p>\n<p>Cruel retablo y quiz\u00e1 algo exagerado el que escribi\u00f3 Sent\u00eds, quien relat\u00f3 numerosas peripecias ocurridas durante las 28 horas que dur\u00f3 aquel \u00e9xodo. Entre ellas, el robo de higos que los murcianos se com\u00edan aunque a\u00fan estaban verdes, el analfabetismo absoluto o el intento de huir campo a trav\u00e9s para evitar un control.<\/p>\n<p>La tercera entrega del periodista a\u00fan fue m\u00e1s cruda. Publicada el 8 de diciembre, incluy\u00f3 la descripci\u00f3n de La Torrassa, \u00abla capital e la Nova M\u00farcia\u00bb en Hospitalet. Y lo era. Porque de las 22.000 personas que all\u00ed malviv\u00edan hasta 20.000 eran de Murcia. \u00abY no se hablaba una palabra de catal\u00e1n\u00bb, escrib\u00eda Sent\u00eds. Claro, hombre.<\/p>\n<p><b>Callejones y chabolas<\/b><\/p>\n<p>Los murcianos viv\u00edan en callejones solo soportables para \u00abinmigrantes de una categor\u00eda tan desafortunada\u00bb. Las monta\u00f1as de basura atestaban la zona. Entre los desperdicios y el fango pululaban, en opini\u00f3n de nuestro cronista, \u00abdos clases de seres. De una parte cerdos, cerdas y lechones. De otra, criaturas en la adolescencia o la infancia\u00bb. La vida en los callejones era \u00abuna criba que solo pueden atravesar naturalezas privilegiadas. Se opera una selecci\u00f3n natural\u00bb. Y, encima, conclu\u00eda Sent\u00eds, los residentes \u00abhan cogido el vicio de no pagar\u00bb aquellas chabolas inmundas. La pela es la pela.<\/p>\n<p>L\u00ednea tras l\u00ednea resulta la cr\u00f3nica desgarradora. Otros chiquillos recuperan del esti\u00e9rcol un ramo de flores y se disputan las menos marchitas para adornarse. La visi\u00f3n de una madre adolescente hace concluir a Sent\u00eds que las relaciones conyugales se rigen por el \u00abamor libre\u00bb, lo que favorece el crecimiento demogr\u00e1fico. Y no se lo pierdan ustedes: tambi\u00e9n la delincuencia juvenil \u00aby el contagioso tracoma\u00bb. El tracoma era y es una infecci\u00f3n ocular, principal causa mundial de ceguera.<\/p>\n<p>Otras publicaciones se mostraban incluso m\u00e1s combativas. El semanario sat\u00edrico &#8216;El Be Negre&#8217; (&#8216;El cordero negro&#8217;), que maldita la gracia que ten\u00eda, public\u00f3 en su edici\u00f3n del 17 de noviembre de 1933 un gran recuadro donde sentenciaba: \u00abEspa\u00f1a para los espa\u00f1oles. Catalu\u00f1a para los murcianos\u00bb. En su portada denunciaba la llegada de nuevas ideas \u00abdesde la zona de \u00c1frica\u00bb, entre ellas \u00abel inefable comunismo-libertario\u00bb que propagaban murcianos y andaluces.<\/p>\n<p><b>\u00abMiseria por nuestras calles\u00bb<\/b><\/p>\n<p>Racista hasta el asco, la revista anunciaba \u00abla pr\u00f3xima revoluci\u00f3n que se prepara\u00bb. Consist\u00eda en \u00abquitar el nombre de Catalu\u00f1a del mapa y ensanchar nuestro pa\u00eds, mediante una especie de corredor moral, con la pr\u00f3spera regi\u00f3n murciana\u00bb. Y las primeras iniciativas ser\u00edan proclamar \u00abel comunismo libertario y exigir el tracoma obligatorio a todos los ciudadanos\u00bb.<\/p>\n<p>Jes\u00fas La\u00ednz, en su obra &#8216;Espa\u00f1a contra Catalu\u00f1a. Historia de un fraude&#8217;, tambi\u00e9n recuerda las encendidas galeradas de otra publicaci\u00f3n, &#8216;Nosaltres sols!&#8217; (&#8216;Nosotros solos!&#8217;), donde lamentaban que \u00abal ver los reba\u00f1os de gente que nos llegan, uno se pregunta: \u00bfQu\u00e9 vienen a hacer aqu\u00ed? \u00a1Ah!, s\u00ed. Ense\u00f1ar su miseria por nuestras calles\u00bb.<\/p>\n<p>La publicaci\u00f3n afirmaba que \u00abno se nos puede tildar de extremistas\u00bb, pero recomendaba esquivar \u00abesta inmigraci\u00f3n de un aspecto de ciudad sucia, depravada en la manera que sea\u00bb.<\/p>\n<p>De ah\u00ed a perder la cabeza, barretina incluida, hab\u00eda un paso. As\u00ed que el Instituto de Investigaciones Econ\u00f3micas de la Generalidad public\u00f3 el manifiesto &#8216;Per la preservaci\u00f3 de la ra\u00e7a catalana&#8217;, t\u00edtulo que huelga traducir. Una de sus propuestas era crear la Societat Catalana d&#8217;Eug\u00e9nica. Aquello no prosper\u00f3 y el ADN de los murcianos, el mismo que los catalanes trajeron a Murcia en la reconquista, retorn\u00f3 victorioso.<\/p>\n","protected":false},"excerpt":{"rendered":"<p>Eran inmigrantes con \u00ablos ojos malos\u00bb. Como se dice de las bestias. Eran fornicadores, sucios, catetos y comunistas. Eran una raza inmunda que merec\u00eda la eugenesia. Y tambi\u00e9n, como aquellos que arriesgan la vida en Ceuta, ven\u00edan de \u00c1frica. Porque Murcia solo era eso para algunos catalanes en 1932. Y si no lo creen, pasen, [&hellip;]<\/p>\n","protected":false},"author":7,"featured_media":0,"comment_status":"open","ping_status":"open","sticky":false,"template":"","format":"standard","meta":[],"categories":[3],"tags":[341,333,230,343,342,47,337,338,336,340,339],"_links":{"self":[{"href":"https:\/\/blogs.laverdad.es\/lamurciaquenovemos\/wp-json\/wp\/v2\/posts\/399"}],"collection":[{"href":"https:\/\/blogs.laverdad.es\/lamurciaquenovemos\/wp-json\/wp\/v2\/posts"}],"about":[{"href":"https:\/\/blogs.laverdad.es\/lamurciaquenovemos\/wp-json\/wp\/v2\/types\/post"}],"author":[{"embeddable":true,"href":"https:\/\/blogs.laverdad.es\/lamurciaquenovemos\/wp-json\/wp\/v2\/users\/7"}],"replies":[{"embeddable":true,"href":"https:\/\/blogs.laverdad.es\/lamurciaquenovemos\/wp-json\/wp\/v2\/comments?post=399"}],"version-history":[{"count":2,"href":"https:\/\/blogs.laverdad.es\/lamurciaquenovemos\/wp-json\/wp\/v2\/posts\/399\/revisions"}],"predecessor-version":[{"id":403,"href":"https:\/\/blogs.laverdad.es\/lamurciaquenovemos\/wp-json\/wp\/v2\/posts\/399\/revisions\/403"}],"wp:attachment":[{"href":"https:\/\/blogs.laverdad.es\/lamurciaquenovemos\/wp-json\/wp\/v2\/media?parent=399"}],"wp:term":[{"taxonomy":"category","embeddable":true,"href":"https:\/\/blogs.laverdad.es\/lamurciaquenovemos\/wp-json\/wp\/v2\/categories?post=399"},{"taxonomy":"post_tag","embeddable":true,"href":"https:\/\/blogs.laverdad.es\/lamurciaquenovemos\/wp-json\/wp\/v2\/tags?post=399"}],"curies":[{"name":"wp","href":"https:\/\/api.w.org\/{rel}","templated":true}]}}