{"id":26,"date":"2015-03-31T21:41:00","date_gmt":"2015-03-31T19:41:00","guid":{"rendered":"http:\/\/blogs.laverdad.es\/martinez-abarca\/?p=26"},"modified":"2015-03-31T21:41:00","modified_gmt":"2015-03-31T19:41:00","slug":"de-repente-una-italiana","status":"publish","type":"post","link":"https:\/\/blogs.laverdad.es\/martinez-abarca\/2015\/03\/31\/de-repente-una-italiana\/","title":{"rendered":"De repente, una italiana"},"content":{"rendered":"<p>Las pesadillas ligeras no recordadas nos ponen de pronto a hacer cosas extra\u00f1as, en medio de la noche. Son las cuatro y media de la madrugada y esta vez no me levanto a beber una pinta de cerveza alemana o checa, como suelo hacer a esas horas para rebajar un poco la velocidad de mi centrifugadora subconsciente, sino que experimento la imperiosa necesidad de dar un salto del lecho para escuchar viejas canciones italianas en voces femeninas de los a\u00f1os 60. Raro. En condiciones normales no me evocar\u00edan absolutamente nada. Cuando uno se pone a echar de menos a italianos desconocidos es que se ha hecho inevitablemente mayor, pero mayor, encima, de un tiempo anterior al m\u00edo. El pr\u00f3ximo paso ser\u00e1 pinchar el pasodoble &#8220;Manolete&#8221; y abrir las ventanas, que se entere el mundo. Me desvelo a\u00fan m\u00e1s al constatar la extra\u00f1a calidad de lo que yo cre\u00eda &#8220;kitsch&#8221; transalpino, indignado por la actual degeneraci\u00f3n de ese pa\u00eds, de la que no tiene la culpa personalmente Berlusconi: s\u00f3lo sus televisiones y, menos, su piscina en Cerde\u00f1a.<\/p>\n<p>Una gente italiana que nac\u00eda gen\u00e9ticamente con el sentido de la medida, capaz de hacer en dos minutos y medio arquitecturas s\u00f3nicas donde no sobraba nada (esa fr\u00e1gil somnolencia de Wilma Goich en &#8220;Un bacio sulle dita&#8221;). No puedo comprender c\u00f3mo se ech\u00f3 actualmente en manos de los pantalones de pitillo para hombre. O las &#8220;zapas&#8221; de deporte en urbanizaciones del extrarradio que denunci\u00f3 el Nani Moretti de &#8220;Caro Diario&#8221;. Me pasmo por la precisi\u00f3n de los arreglos musicales (\u00a1la edad de oro de los arreglistas!) en aquellas breves c\u00e1psulas del tiempo que ya llevaban encerrado c\u00f3mo se las recordar\u00eda cincuenta a\u00f1os despu\u00e9s. Una canci\u00f3n &#8220;pop&#8221; perfecta es aquella que, en el momento de hacerse, canta a cosas que acaban de nacer como si se recordara su p\u00e9rdida por el p\u00fablico a\u00f1orante de un futuro inexistente. Evocan lo que todav\u00eda no se ha producido.<\/p>\n<p>____________________<\/p>\n<p>Habla de mis &#8220;relaciones tormentosas&#8221; toda esa gente incapaz de involucrarse con nadie y con nada empleando una intensidad mayor de la que se sacar\u00eda de un molusco. Yo creo que, en lo que no sea t\u00f3xico, hay que ir siempre hasta el final. Porque hasta que se llega all\u00ed (y a veces hasta que no se llega un poco m\u00e1s all\u00e1) no empieza lo interesante.<\/p>\n<p>_____________________<\/p>\n<p>Doy la bienvenida a la pol\u00edtica Rosa D\u00edez a mi club. Dice D\u00edez, haci\u00e9ndole ascos al electorado, que con UPyD hicieron un partido para Dinamarca pero resulta que estaban en Espa\u00f1a. Hace mucho, yo escrib\u00eda en los peri\u00f3dicos como si fuese para Nueva York pero al cabo de muchos a\u00f1os advert\u00ed, con gran sorpresa de la que no me he recuperado (como no lo har\u00e1 Rosa D\u00edez), que esto m\u00e1s bien se parec\u00eda a Murcia.<\/p>\n","protected":false},"excerpt":{"rendered":"<p>Las pesadillas ligeras no recordadas nos ponen de pronto a hacer cosas extra\u00f1as, en medio de la noche. Son las cuatro y media de la madrugada y esta vez no me levanto a beber una pinta de cerveza alemana o checa, como suelo hacer a esas horas para rebajar un poco la velocidad de mi [&hellip;]<\/p>\n","protected":false},"author":35,"featured_media":0,"comment_status":"closed","ping_status":"closed","sticky":false,"template":"","format":"standard","meta":[],"categories":[2],"tags":[],"_links":{"self":[{"href":"https:\/\/blogs.laverdad.es\/martinez-abarca\/wp-json\/wp\/v2\/posts\/26"}],"collection":[{"href":"https:\/\/blogs.laverdad.es\/martinez-abarca\/wp-json\/wp\/v2\/posts"}],"about":[{"href":"https:\/\/blogs.laverdad.es\/martinez-abarca\/wp-json\/wp\/v2\/types\/post"}],"author":[{"embeddable":true,"href":"https:\/\/blogs.laverdad.es\/martinez-abarca\/wp-json\/wp\/v2\/users\/35"}],"replies":[{"embeddable":true,"href":"https:\/\/blogs.laverdad.es\/martinez-abarca\/wp-json\/wp\/v2\/comments?post=26"}],"version-history":[{"count":0,"href":"https:\/\/blogs.laverdad.es\/martinez-abarca\/wp-json\/wp\/v2\/posts\/26\/revisions"}],"wp:attachment":[{"href":"https:\/\/blogs.laverdad.es\/martinez-abarca\/wp-json\/wp\/v2\/media?parent=26"}],"wp:term":[{"taxonomy":"category","embeddable":true,"href":"https:\/\/blogs.laverdad.es\/martinez-abarca\/wp-json\/wp\/v2\/categories?post=26"},{"taxonomy":"post_tag","embeddable":true,"href":"https:\/\/blogs.laverdad.es\/martinez-abarca\/wp-json\/wp\/v2\/tags?post=26"}],"curies":[{"name":"wp","href":"https:\/\/api.w.org\/{rel}","templated":true}]}}