{"id":101,"date":"2012-11-29T13:02:15","date_gmt":"2012-11-29T12:02:15","guid":{"rendered":"http:\/\/blogs.laverdad.es\/mbuitrago\/?p=101"},"modified":"2012-11-29T13:02:15","modified_gmt":"2012-11-29T12:02:15","slug":"por-que-se-desplomo-el-puente-de-la-a7","status":"publish","type":"post","link":"https:\/\/blogs.laverdad.es\/mbuitrago\/2012\/11\/29\/por-que-se-desplomo-el-puente-de-la-a7\/","title":{"rendered":"\u00bfPor qu\u00e9 se desplom\u00f3 el puente de la A7?"},"content":{"rendered":"<p>\u00bfTuvo alguna relaci\u00f3n la extracci\u00f3n de grava en la rambla de B\u00e9jar con el desplome de uno de los viaductos de la autov\u00eda A7 entre Lorca y Puerto Lumbreras?<\/p>\n<p>El Gobierno central ha informado a IU, a trav\u00e9s de una respuesta parlamentaria en el Congreso, que cedi\u00f3 &#8220;la cimentaci\u00f3n superficial del estribo sur y de la primera pila.&#8221; Dicho as\u00ed, la palabra &#8216; superficial&#8217; puede dar a entender que la estructura del puente era d\u00e9bil y que ten\u00eda poco aguante y agarre. Lo que explican los t\u00e9cnicos es que ese viaducto, del a\u00f1o 1979, se construy\u00f3 con zapatas de hormig\u00f3n enterradas bajo el lecho de la rambla, como se hac\u00eda en la \u00e9poca. Un m\u00e9todo v\u00e1lido antes y ahora, seg\u00fan para qu\u00e9 estructuras.\u00a0 No se emplearon pilotajes profundos, como se est\u00e1 haciendo en estos momentos con la reparaci\u00f3n del puente.<\/p>\n<p>Para el Gobierno, la extracci\u00f3n de \u00e1ridos en el a\u00f1o 2007 no ha influido en el derrumbe del 28 de septiembre, sino que fue determinante la fuerza del agua que baj\u00f3 por la rambla. IU apunta lo contrario y se hace eco de las denuncias que presentaron en su d\u00eda los regantes de la zona. Hubo una investigaci\u00f3n de la Confederaci\u00f3n Hidrogr\u00e1fica del Segura y de la Demarcaci\u00f3n de Carreteras. Se abri\u00f3 expediente a la empresa extractora, que tuvo que aplicar medidas de restituci\u00f3n para mantener el estado natural de la rambla. Los informes de ambos organismos indican que el puente no se vio afectado y que sus pilares no quedaron descarnados.<\/p>\n<p>El pilotaje profundo que se est\u00e1 aplicando ahora demuestra que existen infraestructuras de la zona que deben estar mejor preparadas para episodios recurrentes como los de la \u00faltima gota fr\u00eda, con un caudal de 1.500-2.000 metros c\u00fabicos por segundo bajando por una rambla.<\/p>\n<p>&nbsp;<\/p>\n<p><a href=\"\/mbuitrago\/wp-content\/uploads\/sites\/10\/2012\/11\/Desplome-puente-Lorca.pdf\">Desplome puente Lorca<\/a><\/p>\n","protected":false},"excerpt":{"rendered":"<p>\u00bfTuvo alguna relaci\u00f3n la extracci\u00f3n de grava en la rambla de B\u00e9jar con el desplome de uno de los viaductos de la autov\u00eda A7 entre Lorca y Puerto Lumbreras? El Gobierno central ha informado a IU, a trav\u00e9s de una respuesta parlamentaria en el Congreso, que cedi\u00f3 &#8220;la cimentaci\u00f3n superficial del estribo sur y de [&hellip;]<\/p>\n","protected":false},"author":3,"featured_media":0,"comment_status":"open","ping_status":"closed","sticky":false,"template":"","format":"standard","meta":[],"categories":[7],"tags":[],"_links":{"self":[{"href":"https:\/\/blogs.laverdad.es\/mbuitrago\/wp-json\/wp\/v2\/posts\/101"}],"collection":[{"href":"https:\/\/blogs.laverdad.es\/mbuitrago\/wp-json\/wp\/v2\/posts"}],"about":[{"href":"https:\/\/blogs.laverdad.es\/mbuitrago\/wp-json\/wp\/v2\/types\/post"}],"author":[{"embeddable":true,"href":"https:\/\/blogs.laverdad.es\/mbuitrago\/wp-json\/wp\/v2\/users\/3"}],"replies":[{"embeddable":true,"href":"https:\/\/blogs.laverdad.es\/mbuitrago\/wp-json\/wp\/v2\/comments?post=101"}],"version-history":[{"count":0,"href":"https:\/\/blogs.laverdad.es\/mbuitrago\/wp-json\/wp\/v2\/posts\/101\/revisions"}],"wp:attachment":[{"href":"https:\/\/blogs.laverdad.es\/mbuitrago\/wp-json\/wp\/v2\/media?parent=101"}],"wp:term":[{"taxonomy":"category","embeddable":true,"href":"https:\/\/blogs.laverdad.es\/mbuitrago\/wp-json\/wp\/v2\/categories?post=101"},{"taxonomy":"post_tag","embeddable":true,"href":"https:\/\/blogs.laverdad.es\/mbuitrago\/wp-json\/wp\/v2\/tags?post=101"}],"curies":[{"name":"wp","href":"https:\/\/api.w.org\/{rel}","templated":true}]}}