{"id":154,"date":"2014-03-19T20:26:56","date_gmt":"2014-03-19T19:26:56","guid":{"rendered":"http:\/\/blogs.laverdad.es\/microhistorias\/?p=154"},"modified":"2014-03-19T20:26:56","modified_gmt":"2014-03-19T19:26:56","slug":"tesoros-murcianos-en-el-nuevo-man","status":"publish","type":"post","link":"https:\/\/blogs.laverdad.es\/microhistorias\/2014\/03\/19\/tesoros-murcianos-en-el-nuevo-man\/","title":{"rendered":"Tesoros murcianos en el nuevo MAN"},"content":{"rendered":"<div>\n<div id=\"attachment_155\" style=\"width: 310px\" class=\"wp-caption alignright\"><a href=\"\/microhistorias\/wp-content\/uploads\/sites\/26\/2014\/03\/vaso.jpg\"><img aria-describedby=\"caption-attachment-155\" loading=\"lazy\" class=\"size-medium wp-image-155\" title=\"vaso\" src=\"\/microhistorias\/wp-content\/uploads\/sites\/26\/2014\/03\/vaso.jpg\" alt=\"\" width=\"300\" height=\"121\" srcset=\"https:\/\/static-blogs.laverdad.es\/wp-content\/uploads\/sites\/26\/2014\/03\/vaso.jpg 1540w, https:\/\/static-blogs.laverdad.es\/wp-content\/uploads\/sites\/26\/2014\/03\/vaso-300x122.jpg 300w, https:\/\/static-blogs.laverdad.es\/wp-content\/uploads\/sites\/26\/2014\/03\/vaso-768x312.jpg 768w, https:\/\/static-blogs.laverdad.es\/wp-content\/uploads\/sites\/26\/2014\/03\/vaso-1024x416.jpg 1024w\" sizes=\"(max-width: 300px) 100vw, 300px\" \/><\/a><p id=\"caption-attachment-155\" class=\"wp-caption-text\">Pinturas del Vaso de los Guerreros. \/ \u00c1NGEL MART\u00cdNEZ LEVAS<\/p><\/div>\n<p>El remodelado Museo Arqueol\u00f3gico Nacional (MAN) abre el 1 de abril con un pedacito de\u00a0Murcia en sus vitrinas. Una veintena de las piezas que se exponen al p\u00fablico proceden de yacimientos de la Regi\u00f3n. Se trata\u00a0de obras \u00fanicas e imprescindibles para conocer las civilizaciones que nos precedieron, lo que les ha valido ocupar este espacio destacado. En el nuevo MAN (calle Serrano, 13, Madrid) hay tesoros de todas las comarcas de la geograf\u00eda regional, desde la Prehistoria\u00a0a la Edad Media.<\/p>\n<p>Es la cultura ib\u00e9rica la que m\u00e1s aporta a las colecciones del museo madrile\u00f1o. Destaca el Vaso de los Guerreros (Archena), siglos III-I antes de Cristo, decorado con\u00a0pinturas que ensalzan al guerrero cuyas cenizas reposaron en esta urna funeraria. Tambi\u00e9n hay exvotos de Monteagudo (Murcia) y El Cigarralejo (Mula), cer\u00e1micas del Cabezo del T\u00edo P\u00edo (Archena) y del eremitorio de la Luz (Murcia),\u00a0as\u00ed como\u00a0una figurilla, el llamado centauro de Royos (Caravaca), de origen griego pero que tuvo que ser un regalo a alg\u00fan arist\u00f3crata \u00edbero. M\u00e1s antigua es otra de las piezas estrella de la exposici\u00f3n: una diadema de oro del segundo milenio antes de Cristo hallada por un agricultor\u00a0en el Estrecho de la Encarnaci\u00f3n (Caravaca). Form\u00f3 parte del ajuar funerario de una mujer de alto rango, y se trata de &#8220;la \u00fanica pieza de oro conocida en el mundo arg\u00e1rico de estas caracter\u00edsticas&#8221;, seg\u00fan se puede leer en la ficha t\u00e9cnica.<\/p>\n<\/div>\n<div>El\u00a0patrimonio de\u00a0Mazarr\u00f3n tambi\u00e9n aporta su granito de arena a la magn\u00edfica colecci\u00f3n del Arqueol\u00f3gico Nacional. Ah\u00ed est\u00e1 una vasija de reducci\u00f3n (2.500-1.800 antes de Cristo), de La Ce\u00f1uela; parte de un lingote de plomo de los barcos fenicios de La Isla;\u00a0una cesta romana recubierta con pez empleada hace m\u00e1s de dos mil a\u00f1os para transportar mineral y el\u00a0denominado\u00a0&#8216;tesoro de Mazarr\u00f3n&#8217;, una serie de monedas cartaginesas de plata, &#8220;las m\u00e1s bellas de la historia monetaria hispana&#8221;.\u00a0 Adem\u00e1s, de \u00e9poca isl\u00e1mica se conservan en el MAN restos de la decoraci\u00f3n (basa y capitel)\u00a0del castillejo de Monteagudo y una selecci\u00f3n de dinares de oro acu\u00f1ados bajo el mandato del Rey Lobo.<\/div>\n<div>Son solo una pincelada, porque hay m\u00e1s tesoros. Y para abrir boca, la web del museo (man.mcu.es) ya ofrece la posibilidad de realizar un entretenido paseo virtual por las veintis\u00e9is salas. La reforma del MAN, a cargo del arquitecto Juan Pablo Rodr\u00edguez Frade, \u00a0ha supuesto tres a\u00f1os de trabajos y una inversi\u00f3n de 55 millones de euros. La aportaci\u00f3n de la Regi\u00f3n al Arqueol\u00f3gico Nacional puede ser a\u00fan mayor en los pr\u00f3ximos meses. Su director, Andr\u00e9s Carretero,\u00a0ya prepara una exposici\u00f3n con el cargamento de la fragata &#8216;Nuestra Se\u00f1ora de las Mercedes&#8217; depositado en el Arqua de Cartagena.<\/div>\n","protected":false},"excerpt":{"rendered":"<p>El remodelado Museo Arqueol\u00f3gico Nacional (MAN) abre el 1 de abril con un pedacito de\u00a0Murcia en sus vitrinas. Una veintena de las piezas que se exponen al p\u00fablico proceden de yacimientos de la Regi\u00f3n. Se trata\u00a0de obras \u00fanicas e imprescindibles para conocer las civilizaciones que nos precedieron, lo que les ha valido ocupar este espacio [&hellip;]<\/p>\n","protected":false},"author":27,"featured_media":0,"comment_status":"open","ping_status":"closed","sticky":false,"template":"","format":"standard","meta":[],"categories":[6,30,36,37,38],"tags":[],"_links":{"self":[{"href":"https:\/\/blogs.laverdad.es\/microhistorias\/wp-json\/wp\/v2\/posts\/154"}],"collection":[{"href":"https:\/\/blogs.laverdad.es\/microhistorias\/wp-json\/wp\/v2\/posts"}],"about":[{"href":"https:\/\/blogs.laverdad.es\/microhistorias\/wp-json\/wp\/v2\/types\/post"}],"author":[{"embeddable":true,"href":"https:\/\/blogs.laverdad.es\/microhistorias\/wp-json\/wp\/v2\/users\/27"}],"replies":[{"embeddable":true,"href":"https:\/\/blogs.laverdad.es\/microhistorias\/wp-json\/wp\/v2\/comments?post=154"}],"version-history":[{"count":0,"href":"https:\/\/blogs.laverdad.es\/microhistorias\/wp-json\/wp\/v2\/posts\/154\/revisions"}],"wp:attachment":[{"href":"https:\/\/blogs.laverdad.es\/microhistorias\/wp-json\/wp\/v2\/media?parent=154"}],"wp:term":[{"taxonomy":"category","embeddable":true,"href":"https:\/\/blogs.laverdad.es\/microhistorias\/wp-json\/wp\/v2\/categories?post=154"},{"taxonomy":"post_tag","embeddable":true,"href":"https:\/\/blogs.laverdad.es\/microhistorias\/wp-json\/wp\/v2\/tags?post=154"}],"curies":[{"name":"wp","href":"https:\/\/api.w.org\/{rel}","templated":true}]}}