{"id":10,"date":"2013-01-22T23:32:05","date_gmt":"2013-01-22T23:32:05","guid":{"rendered":"http:\/\/blogs.laverdad.es\/musicainesperada\/?p=10"},"modified":"2013-01-22T23:32:05","modified_gmt":"2013-01-22T23:32:05","slug":"las-sinfonias-de-beethoven-el-legado-de-un-humanista","status":"publish","type":"post","link":"https:\/\/blogs.laverdad.es\/musicainesperada\/2013\/01\/22\/las-sinfonias-de-beethoven-el-legado-de-un-humanista\/","title":{"rendered":"Las sinfon\u00edas de Beethoven, el legado de un humanista."},"content":{"rendered":"<p><a href=\"\/musicainesperada\/wp-content\/uploads\/sites\/23\/2013\/01\/Beethoven1.png\"><img loading=\"lazy\" class=\"alignright size-medium wp-image-12\" title=\"\" src=\"\/musicainesperada\/wp-content\/uploads\/sites\/23\/2013\/01\/Beethoven1.png\" alt=\"\" width=\"287\" height=\"300\" srcset=\"https:\/\/static-blogs.laverdad.es\/wp-content\/uploads\/sites\/23\/2013\/01\/Beethoven1.png 401w, https:\/\/static-blogs.laverdad.es\/wp-content\/uploads\/sites\/23\/2013\/01\/Beethoven1-288x300.png 288w\" sizes=\"(max-width: 287px) 100vw, 287px\" \/><\/a>Esta semana comienza el ciclo de las sinfon\u00edas de Beethoven, interpretadas por la Orquesta Sinf\u00f3nica de la Regi\u00f3n de Murcia bajo la cuidada direcci\u00f3n de Virginia Mart\u00ednez. El primer programa incluye las sinfon\u00edas n\u00famero 7 y 8 del genial compositor de Bonn. Es muy recomendable adquirir el abono de todas las sinfon\u00edas por ser una oportunidad \u00fanica\u00a0para entender el mensaje de este m\u00fasico. Beethoven es una persona comprometida con todo lo que concierne al ser humano y esto lo refleja en todas sus sinfon\u00edas.\u00a0 Por la forma como elabora sus composiciones a partir de una idea musical, es equiparado a una\u00a0arquitecto innovador en ritmo, tonalidad, \u00a0din\u00e1mica y color orquestal, entre otros. En palabras de Karajan, &#8220;Beethoven investiga la nobleza del sonido&#8221;.<\/p>\n<p>Jueves\u00a024, Auditorio El Batel. Cartagena. 2o:30 h.<\/p>\n<p>Viernes 25, Auditorio V\u00edctor Villegas. Murcia 20:00 h.<\/p>\n","protected":false},"excerpt":{"rendered":"<p>Esta semana comienza el ciclo de las sinfon\u00edas de Beethoven, interpretadas por la Orquesta Sinf\u00f3nica de la Regi\u00f3n de Murcia bajo la cuidada direcci\u00f3n de Virginia Mart\u00ednez. El primer programa incluye las sinfon\u00edas n\u00famero 7 y 8 del genial compositor de Bonn. Es muy recomendable adquirir el abono de todas las sinfon\u00edas por ser una [&hellip;]<\/p>\n","protected":false},"author":24,"featured_media":0,"comment_status":"open","ping_status":"closed","sticky":false,"template":"","format":"standard","meta":[],"categories":[17],"tags":[],"_links":{"self":[{"href":"https:\/\/blogs.laverdad.es\/musicainesperada\/wp-json\/wp\/v2\/posts\/10"}],"collection":[{"href":"https:\/\/blogs.laverdad.es\/musicainesperada\/wp-json\/wp\/v2\/posts"}],"about":[{"href":"https:\/\/blogs.laverdad.es\/musicainesperada\/wp-json\/wp\/v2\/types\/post"}],"author":[{"embeddable":true,"href":"https:\/\/blogs.laverdad.es\/musicainesperada\/wp-json\/wp\/v2\/users\/24"}],"replies":[{"embeddable":true,"href":"https:\/\/blogs.laverdad.es\/musicainesperada\/wp-json\/wp\/v2\/comments?post=10"}],"version-history":[{"count":0,"href":"https:\/\/blogs.laverdad.es\/musicainesperada\/wp-json\/wp\/v2\/posts\/10\/revisions"}],"wp:attachment":[{"href":"https:\/\/blogs.laverdad.es\/musicainesperada\/wp-json\/wp\/v2\/media?parent=10"}],"wp:term":[{"taxonomy":"category","embeddable":true,"href":"https:\/\/blogs.laverdad.es\/musicainesperada\/wp-json\/wp\/v2\/categories?post=10"},{"taxonomy":"post_tag","embeddable":true,"href":"https:\/\/blogs.laverdad.es\/musicainesperada\/wp-json\/wp\/v2\/tags?post=10"}],"curies":[{"name":"wp","href":"https:\/\/api.w.org\/{rel}","templated":true}]}}