{"id":1008,"date":"2017-06-05T23:57:52","date_gmt":"2017-06-05T21:57:52","guid":{"rendered":"http:\/\/blogs.laverdad.es\/musicainesperada\/?p=1008"},"modified":"2017-06-05T23:57:52","modified_gmt":"2017-06-05T21:57:52","slug":"el-concepto-mozart","status":"publish","type":"post","link":"https:\/\/blogs.laverdad.es\/musicainesperada\/2017\/06\/05\/el-concepto-mozart\/","title":{"rendered":"El concepto Mozart"},"content":{"rendered":"<p><a href=\"https:\/\/static-blogs.laverdad.es\/wp-content\/uploads\/sites\/23\/2017\/06\/Wolfgang-amadeus-mozart_1.jpg\"><img loading=\"lazy\" class=\"alignnone size-full wp-image-1011\" src=\"https:\/\/static-blogs.laverdad.es\/wp-content\/uploads\/sites\/23\/2017\/06\/Wolfgang-amadeus-mozart_1.jpg\" alt=\"wolfgang-amadeus-mozart_1\" width=\"1202\" height=\"1700\" srcset=\"https:\/\/static-blogs.laverdad.es\/wp-content\/uploads\/sites\/23\/2017\/06\/Wolfgang-amadeus-mozart_1.jpg 1202w, https:\/\/static-blogs.laverdad.es\/wp-content\/uploads\/sites\/23\/2017\/06\/Wolfgang-amadeus-mozart_1-212x300.jpg 212w, https:\/\/static-blogs.laverdad.es\/wp-content\/uploads\/sites\/23\/2017\/06\/Wolfgang-amadeus-mozart_1-768x1086.jpg 768w, https:\/\/static-blogs.laverdad.es\/wp-content\/uploads\/sites\/23\/2017\/06\/Wolfgang-amadeus-mozart_1-724x1024.jpg 724w\" sizes=\"(max-width: 1202px) 100vw, 1202px\" \/><\/a><\/p>\n<p>Cuando se dice que una m\u00fasica suena a <strong>Mozart<\/strong> equivale a considerar que sus int\u00e9rpretes son fieles a un estilo muy peculiar, caracter\u00edstico y f\u00e1cilmente reconocible al oyente. Escuchar al genio de Salzburgo es tan\u00a0agradable a nuestros sentidos que podr\u00eda pensarse que es una m\u00fasica sencilla de interpretar, cuando m\u00e1s bien es todo lo contrario.<\/p>\n<p>Ma\u00f1ana mi\u00e9rcoles en el <strong><em>Real Casino de Murcia<\/em><\/strong>, dos profesores del <em><strong>Conservatorio Superior de M\u00fasica de Murcia<\/strong><\/em> y excelentes m\u00fasicos, interpretar\u00e1n las sonatas de viol\u00edn y piano de <strong>Wolfgang Amadeus Mozart<\/strong> y <strong>C\u00e9sar Franck<\/strong>. La velada musical\u00a0que se ha programado en la Sala Alta del emblem\u00e1tico edificio del centro de la ciudad, contar\u00e1 con la participaci\u00f3n del violinista <strong>Joaqu\u00edn Palomares<\/strong> y de la pianista <strong>Pilar Valero Abril.<\/strong><\/p>\n<p>Siento una especial predilecci\u00f3n por estas sonatas de <strong>Mozart<\/strong> porque en 1991, poco antes de marchar a Alemania para\u00a0completar mi formaci\u00f3n como otorrinolaring\u00f3logo, las escuch\u00e9 en Murcia interpretadas precisamente por\u00a0Joaqu\u00edn Palomares, de manera que el\u00a0primer \u00e1lbum en CD que compr\u00e9 en el extranjero fue el que contiene toda la colecci\u00f3n.<\/p>\n<p>Comentando con <strong>Pilar<\/strong> y <strong>Joaqu\u00edn<\/strong> c\u00f3mo consiguen que esta m\u00fasica suene a <strong>Mozart<\/strong>, el profesor y solista de viol\u00edn aclara que <em>&#8220;a Mozart hay que interpretarlo sin excesos y con gran rigor. Una excesiva carga emocional repercutir\u00eda en su simplicidad, su atributo m\u00e1s preciado&#8221;<\/em>. <strong>Palomares<\/strong> insiste adem\u00e1s en que el control del volumen sonoro y la nitidez de la articulaci\u00f3n son fundamentales para que <em>&#8220;esta m\u00fasica de trazo fino transmita al oyente la pureza de su mensaje&#8221;.<\/em><\/p>\n<p><strong>Pilar Valero<\/strong> nos explica que la dificultad en tocar la m\u00fasica del compositor austr\u00edaco est\u00e1 en lograr el equilibrio tanto en la forma como en el fondo: <em>&#8220;En Mozart todo est\u00e1 integrado armoniosamente a diferencia de los grandes contrastes din\u00e1micos y elementos expresivos propios de otros m\u00fasicos como Beethoven, Schumann o Liszt&#8221;<\/em>. La pianista se refiere a tratar la emoci\u00f3n y la raz\u00f3n en un balance perfecto para conseguir que <em>&#8220;la simetr\u00eda, la perfecci\u00f3n formal o la estructura tengan una apariencia de simplicidad cantabile, al tiempo que\u00a0escondan la enorme hondura y el conocimiento del alma humana&#8221;<\/em>.<\/p>\n<p><strong>Joaqu\u00edn<\/strong> y <strong>Pilar<\/strong> piensan que el concierto va a resultar muy grato a los o\u00eddos del p\u00fablico. En la segunda parte est\u00e1 programada la <strong><em>Sonata para viol\u00edn y piano en La Mayor<\/em><\/strong> de <strong>Franck<\/strong>, famosa por ser el regalo de boda del compositor para su \u00edntimo amigo y violinista <strong>Eugene Ysaye<\/strong> y ser luego inmortalizada por <strong>Marcel Proust<\/strong> en <strong><em>En busca del tiempo perdido<\/em><\/strong>, donde describe con especial sutileza\u00a0las emociones que despierta la obra\u00a0en uno de los personajes.<\/p>\n<p>Para <strong>Palomares<\/strong>, la sonata de <strong>Franck<\/strong> <em>&#8220;tiene una escritura m\u00e1s terrenal y a trav\u00e9s de sus notas musicales percibimos los sentimientos m\u00e1s profundos del ser humano como son el deseo del adolescente, la pasi\u00f3n adulta, la serenidad de la madurez o la plenitud en el ocaso de la vida&#8221;<\/em>.<\/p>\n<p>Espero que disfruten de este atractivo concierto.<\/p>\n<p>&nbsp;<\/p>\n<p><strong><em>Mi\u00e9rcoles 7 de junio, 20h. Real Casino de Murcia. Sonatas para viol\u00edn y piano de Mozart y Franck. Joaqu\u00edn Palomares (viol\u00edn), Pilar Valero (piano). Entrada 10 euros, reducida para estudiantes y para socios de la instituci\u00f3n.<\/em><\/strong><\/p>\n","protected":false},"excerpt":{"rendered":"<p>Cuando se dice que una m\u00fasica suena a Mozart equivale a considerar que sus int\u00e9rpretes son fieles a un estilo muy peculiar, caracter\u00edstico y f\u00e1cilmente reconocible al oyente. Escuchar al genio de Salzburgo es tan\u00a0agradable a nuestros sentidos que podr\u00eda pensarse que es una m\u00fasica sencilla de interpretar, cuando m\u00e1s bien es todo lo contrario. [&hellip;]<\/p>\n","protected":false},"author":24,"featured_media":0,"comment_status":"open","ping_status":"open","sticky":false,"template":"","format":"standard","meta":[],"categories":[19],"tags":[],"_links":{"self":[{"href":"https:\/\/blogs.laverdad.es\/musicainesperada\/wp-json\/wp\/v2\/posts\/1008"}],"collection":[{"href":"https:\/\/blogs.laverdad.es\/musicainesperada\/wp-json\/wp\/v2\/posts"}],"about":[{"href":"https:\/\/blogs.laverdad.es\/musicainesperada\/wp-json\/wp\/v2\/types\/post"}],"author":[{"embeddable":true,"href":"https:\/\/blogs.laverdad.es\/musicainesperada\/wp-json\/wp\/v2\/users\/24"}],"replies":[{"embeddable":true,"href":"https:\/\/blogs.laverdad.es\/musicainesperada\/wp-json\/wp\/v2\/comments?post=1008"}],"version-history":[{"count":4,"href":"https:\/\/blogs.laverdad.es\/musicainesperada\/wp-json\/wp\/v2\/posts\/1008\/revisions"}],"predecessor-version":[{"id":1013,"href":"https:\/\/blogs.laverdad.es\/musicainesperada\/wp-json\/wp\/v2\/posts\/1008\/revisions\/1013"}],"wp:attachment":[{"href":"https:\/\/blogs.laverdad.es\/musicainesperada\/wp-json\/wp\/v2\/media?parent=1008"}],"wp:term":[{"taxonomy":"category","embeddable":true,"href":"https:\/\/blogs.laverdad.es\/musicainesperada\/wp-json\/wp\/v2\/categories?post=1008"},{"taxonomy":"post_tag","embeddable":true,"href":"https:\/\/blogs.laverdad.es\/musicainesperada\/wp-json\/wp\/v2\/tags?post=1008"}],"curies":[{"name":"wp","href":"https:\/\/api.w.org\/{rel}","templated":true}]}}