{"id":1014,"date":"2017-06-10T21:58:23","date_gmt":"2017-06-10T19:58:23","guid":{"rendered":"http:\/\/blogs.laverdad.es\/musicainesperada\/?p=1014"},"modified":"2017-06-10T21:58:23","modified_gmt":"2017-06-10T19:58:23","slug":"el-privilegio-de-la-sorpresa","status":"publish","type":"post","link":"https:\/\/blogs.laverdad.es\/musicainesperada\/2017\/06\/10\/el-privilegio-de-la-sorpresa\/","title":{"rendered":"El privilegio de la sorpresa"},"content":{"rendered":"<p><a href=\"https:\/\/static-blogs.laverdad.es\/wp-content\/uploads\/sites\/23\/2017\/06\/clasicismo.jpg\"><img loading=\"lazy\" class=\"alignnone size-full wp-image-1016\" src=\"https:\/\/static-blogs.laverdad.es\/wp-content\/uploads\/sites\/23\/2017\/06\/clasicismo.jpg\" alt=\"clasicismo\" width=\"640\" height=\"429\" srcset=\"https:\/\/static-blogs.laverdad.es\/wp-content\/uploads\/sites\/23\/2017\/06\/clasicismo.jpg 640w, https:\/\/static-blogs.laverdad.es\/wp-content\/uploads\/sites\/23\/2017\/06\/clasicismo-300x201.jpg 300w\" sizes=\"(max-width: 640px) 100vw, 640px\" \/><\/a><\/p>\n<p>Imaginemos un concierto en el Auditorio de Murcia tras el cual, los comentarios de los asistentes se centrasen m\u00e1s sobre la obra que se ha escuchado que sobre c\u00f3mo ha sido interpretada. La verdad es que nos resultar\u00eda un tanto extra\u00f1o, ya que al finalizar una velada musical hoy d\u00eda, suele ser el solista, el director musical o la propia orquesta los que acaparan nuestra atenci\u00f3n y copan el primer plano art\u00edstico.<\/p>\n<p>La funci\u00f3n que ha tenido la m\u00fasica a lo largo de la historia se relacion\u00f3 con las circunstancias socioculturales de la \u00e9poca. As\u00ed, durante el periodo del Clasicismo, las composiciones ten\u00edan\u00a0el objeto de llegar al p\u00fablico en general, con independencia del nivel de conocimientos musicales que \u00e9ste tuviera, a diferencia de lo que ocurri\u00f3 a lo largo del Barroco.<\/p>\n<p>Adem\u00e1s, durante el Clasicismo, tal y como nos lo contaba\u00a0el director austr\u00edaco <strong>Nikolaus Hanoncourt<\/strong> (1929-2016) en su libro <strong><em>La m\u00fasica como discurso sonoro<\/em><\/strong>, <em>\u201cla melod\u00eda adquiere un papel destacado y se hace ligera, accesible y con un acompa\u00f1amiento lo m\u00e1s sencillo posible\u201d<\/em>. Para \u00e9l, tratar de entender el Clasicismo desde la perspectiva del siglo XIX hace que se pierda la frescura del oyente de entonces, que constantemente descubr\u00eda en los conciertos lo emocionante y lo nuevo.<\/p>\n<p>Podr\u00eda decirse que en la actualidad no tenemos el privilegio de la sorpresa y esto es debido a que las armon\u00edas y din\u00e1micas de la m\u00fasica rom\u00e1ntica y del siglo XX nos hacen ver el Clasicismo como algo viejo y repetido, como defend\u00eda\u00a0<strong>Hanoncourt<\/strong>.<\/p>\n<p>Pero el p\u00fablico del Clasicismo, que \u00fanicamente conoc\u00eda lo que proced\u00eda del Barroco, solo deseaba escuchar obras que fuesen novedosas, sin que importara tanto la interpretaci\u00f3n, actitud que en cierto modo se mantuvo hasta principios del siglo XX, cuando\u00a0los conciertos de <strong>Chaikovski<\/strong>, <strong>Bruckner<\/strong>, <strong>Mahler<\/strong> o <strong>Strauss<\/strong>\u00a0supusieron aut\u00e9nticos acontecimientos musicales para los asistentes.<\/p>\n<p>En cualquier caso, el car\u00e1cter f\u00e1cil y accesible de la m\u00fasica del Clasicismo pronto evolucion\u00f3 de forma magistral con las obras de <strong>Haydn<\/strong> y <strong>Mozart<\/strong>, que elevaron este arte a cotas insospechadas para estos primeros compositores que con un lenguaje muy caracter\u00edstico intentaban agitar las emociones de un p\u00fablico \u00e1vido de lo novedoso.<\/p>\n","protected":false},"excerpt":{"rendered":"<p>Imaginemos un concierto en el Auditorio de Murcia tras el cual, los comentarios de los asistentes se centrasen m\u00e1s sobre la obra que se ha escuchado que sobre c\u00f3mo ha sido interpretada. La verdad es que nos resultar\u00eda un tanto extra\u00f1o, ya que al finalizar una velada musical hoy d\u00eda, suele ser el solista, el [&hellip;]<\/p>\n","protected":false},"author":24,"featured_media":0,"comment_status":"open","ping_status":"open","sticky":false,"template":"","format":"standard","meta":[],"categories":[7],"tags":[],"_links":{"self":[{"href":"https:\/\/blogs.laverdad.es\/musicainesperada\/wp-json\/wp\/v2\/posts\/1014"}],"collection":[{"href":"https:\/\/blogs.laverdad.es\/musicainesperada\/wp-json\/wp\/v2\/posts"}],"about":[{"href":"https:\/\/blogs.laverdad.es\/musicainesperada\/wp-json\/wp\/v2\/types\/post"}],"author":[{"embeddable":true,"href":"https:\/\/blogs.laverdad.es\/musicainesperada\/wp-json\/wp\/v2\/users\/24"}],"replies":[{"embeddable":true,"href":"https:\/\/blogs.laverdad.es\/musicainesperada\/wp-json\/wp\/v2\/comments?post=1014"}],"version-history":[{"count":3,"href":"https:\/\/blogs.laverdad.es\/musicainesperada\/wp-json\/wp\/v2\/posts\/1014\/revisions"}],"predecessor-version":[{"id":1018,"href":"https:\/\/blogs.laverdad.es\/musicainesperada\/wp-json\/wp\/v2\/posts\/1014\/revisions\/1018"}],"wp:attachment":[{"href":"https:\/\/blogs.laverdad.es\/musicainesperada\/wp-json\/wp\/v2\/media?parent=1014"}],"wp:term":[{"taxonomy":"category","embeddable":true,"href":"https:\/\/blogs.laverdad.es\/musicainesperada\/wp-json\/wp\/v2\/categories?post=1014"},{"taxonomy":"post_tag","embeddable":true,"href":"https:\/\/blogs.laverdad.es\/musicainesperada\/wp-json\/wp\/v2\/tags?post=1014"}],"curies":[{"name":"wp","href":"https:\/\/api.w.org\/{rel}","templated":true}]}}