{"id":1019,"date":"2017-06-18T18:27:49","date_gmt":"2017-06-18T16:27:49","guid":{"rendered":"http:\/\/blogs.laverdad.es\/musicainesperada\/?p=1019"},"modified":"2017-06-18T18:27:49","modified_gmt":"2017-06-18T16:27:49","slug":"musica-a-la-carta","status":"publish","type":"post","link":"https:\/\/blogs.laverdad.es\/musicainesperada\/2017\/06\/18\/musica-a-la-carta\/","title":{"rendered":"M\u00fasica a la carta"},"content":{"rendered":"<p><a href=\"https:\/\/static-blogs.laverdad.es\/wp-content\/uploads\/sites\/23\/2017\/06\/Burgos-foto.jpg\"><img loading=\"lazy\" class=\"alignnone size-full wp-image-1021\" src=\"https:\/\/static-blogs.laverdad.es\/wp-content\/uploads\/sites\/23\/2017\/06\/Burgos-foto.jpg\" alt=\"burgos-foto\" width=\"1600\" height=\"1218\" srcset=\"https:\/\/static-blogs.laverdad.es\/wp-content\/uploads\/sites\/23\/2017\/06\/Burgos-foto.jpg 1600w, https:\/\/static-blogs.laverdad.es\/wp-content\/uploads\/sites\/23\/2017\/06\/Burgos-foto-300x228.jpg 300w, https:\/\/static-blogs.laverdad.es\/wp-content\/uploads\/sites\/23\/2017\/06\/Burgos-foto-768x585.jpg 768w, https:\/\/static-blogs.laverdad.es\/wp-content\/uploads\/sites\/23\/2017\/06\/Burgos-foto-1024x780.jpg 1024w\" sizes=\"(max-width: 1600px) 100vw, 1600px\" \/><\/a><\/p>\n<p>En Murcia hay edificios como el Teatro de Romea, el Palacio Campuzano o la Casa D\u00edaz-Cassou donde\u00a0viven esp\u00edritus cuyo halo de misterio perdura en el tiempo. Otros edificios, como el <em><strong>Auditorio V\u00edctor Villegas<\/strong><\/em>, est\u00e1n habitados desde su construcci\u00f3n por personas\u00a0de carne y hueso que son parte de se esencia. Precisamente hoy conversamos con el competente y afable director de programaci\u00f3n cultural del emblem\u00e1tico edificio, que ya deambulaba por sus pasillos antes de su inauguraci\u00f3n.<\/p>\n<p><strong>Jos\u00e9 Francisco Burgos<\/strong> es Licenciado en Filolog\u00eda Hisp\u00e1nica por la <em><strong>Universidad de Murcia<\/strong><\/em> y violinista miembro fundador de la <em><strong>Orquesta de J\u00f3venes de la Regi\u00f3n de Murcia<\/strong><\/em>. Desde entonces, su vena organizativa le ha llevado a formar parte de los equipos de coordinaci\u00f3n de la Orquesta Regi\u00f3n de Murcia y del extinto Festival Internacional de Orquestas J\u00f3venes, entre otras actividades.<\/p>\n<p><strong>Burgos<\/strong> present\u00f3 la semana pasada, junto al Consejero de Cultura y a la directora de la <strong><em>OSRM,<\/em><\/strong>\u00a0la programaci\u00f3n de conciertos sinf\u00f3nicos y de danza del <strong><em>Auditorio V\u00edctor Villegas<\/em><\/strong> para el pr\u00f3ximo curso. Le pregunto sobre cu\u00e1ndo y c\u00f3mo planifica todas estas actividades:<em> \u201cNormalmente comenzamos examinando las ofertas que llegan de orquestas for\u00e1neas, ya sean extranjeras o espa\u00f1olas de titularidad p\u00fablica. En una primera criba se descartan los proyectos inviables por razones econ\u00f3micas, de programaci\u00f3n o de calendario, en el caso de que existan ya reservas para congresos. Por \u00faltimo, se seleccionan definitivamente aquellos conciertos que estimamos m\u00e1s convenientes por la calidad y el prestigio de los m\u00fasicos, por el programa propuesto y por la sinergia con otras producciones del auditorio, entre otros motivos\u201d.<\/em><\/p>\n<p><strong>Jos\u00e9 Francisco<\/strong> aclara que la directora de la <em><strong>OSRM<\/strong><\/em>, <strong>Virginia Mart\u00ednez<\/strong>, y su comisi\u00f3n art\u00edstica, dise\u00f1an todos los programas, solistas y directores invitados para la siguiente temporada, hasta completar as\u00ed los m\u00e1s de 60 conciertos que la agrupaci\u00f3n regional lleva a cabo cada curso.<\/p>\n<p>Ante mi curiosidad por el grado de coordinaci\u00f3n que existe con otros auditorios para traer orquesta que est\u00e1n de gira por el pa\u00eds, <strong>Burgos<\/strong> reconoce que apenas hay contactos: <em>\u201cHay que tener en cuenta que cada centro tiene caracter\u00edsticas singulares por presupuesto, p\u00fablico, h\u00e1bitos de consumo cultural o contenidos de programaci\u00f3n. A veces, incluso entramos en dura competencia para optar por un proyecto especial que dispone de pocos d\u00edas de gira por nuestro pa\u00eds. Pongamos por ejemplo la pr\u00f3xima visita a Espa\u00f1a de la Orquesta de Par\u00eds con Maria Joao Pires y Daniel Harding con un programa de lo m\u00e1s apetecible que s\u00f3lo se podr\u00e1 escuchar en L\u00b4Auditori de Barcelona, el Auditorio Nacional de Madrid, en Auditorio Pr\u00edncipe de Asturias de Oviedo y en los auditorios de Zaragoza y Murcia\u201d.<\/em><\/p>\n<p>Invitar a un m\u00fasico de primer nivel para tocar como solista o dirigir nuestra orquesta es posible seg\u00fan el programador del <em><strong>Auditorio<\/strong><\/em>, siempre que se haga con suficiente antelaci\u00f3n: <em>\u201cDepende de la disponibilidad econ\u00f3mica, pero hay que recordar que con la OSRM han colaborado nombres de primera l\u00ednea internacional como los violonchelistas Mischa Maisky, Steven Isserlis o Sol Gabeta; cantantes como Montserrat Caball\u00e9, Ana Mar\u00eda S\u00e1nchez, Aquiles Machado, Carlos \u00c1lvarez, Ainhoa Arteta o Mar\u00eda Jos\u00e9 Montiel; pianistas como Javier Perianes, Gabriela Montero, Boris Giltburg o Joaqu\u00edn Ach\u00facarro; violinistas tales que Ilya Gringolts, Alena Baeva o Leticia Moreno y directores como Robert Cohen, Dorian Wilson, Alexander Vedernikov, Tam\u00e1s V\u00e1s\u00e1ry, Alexander Sladkovsky, Manuel Hern\u00e1ndez Silva y Dirk Vermeulen, entre otros.\u201d<\/em><\/p>\n<p>Es muy frecuente que los m\u00fasicos invitados se dirijan a la <strong>OSRM<\/strong> reconociendo que volver\u00edan encantados para trabajar en otro programa. Tambi\u00e9n esto llega a o\u00eddos de la unidad de programaci\u00f3n del <em><strong>Auditorio<\/strong><\/em>: <em>\u201cDesde luego que s\u00ed. Creo que en las \u00faltimas temporadas la OSRM ha experimentado un considerable avance en su madurez art\u00edstica y siempre escuchamos con atenci\u00f3n los comentarios elogiosos y los juicios de valor sobre lo que debemos mejorar en opini\u00f3n de los solistas y directores invitados\u201d.<\/em><\/p>\n<p>Seg\u00fan <strong>Burgos<\/strong>, nuestra orquesta est\u00e1 encauzada por el buen camino y las valoraciones positivas la han llevado a crecer, temporada tras temporada, en el entusiasmo por trabajar cada d\u00eda mejor, entusiasmo que contagian al siguiente director o solista invitado: <em>\u201cY por supuesto, todos ellos marchan de Murcia manifest\u00e1ndonos su deseo de volver a colaborar pronto con la OSRM\u201d.<\/em><\/p>\n<p>A lo largo de 22 a\u00f1os, <strong>Jos\u00e9 Francisco Burgos<\/strong> ha vivido experiencias inolvidables como el elogioso comentario de <strong>Celibidache<\/strong> ante sus m\u00fasicos de la <strong><em>Filarm\u00f3nica de Munich<\/em><\/strong> sobre la magn\u00edfica ac\u00fastica de la sala el d\u00eda de su inauguraci\u00f3n. Otra curiosa an\u00e9cdota la protagoniz\u00f3 unos reci\u00e9n casados que vinieron directamente ataviados de novios para escuchar la marcha nupcial de <strong><em>El Sue\u00f1o de una noche de verano<\/em><\/strong>. Tambi\u00e9n se produjo un despiste al recoger a <strong>Vladimir Spivakov<\/strong>, que esper\u00f3 pacientemente m\u00e1s de dos horas en el aeropuerto de San Javier porque el coche que se le envi\u00f3 se hab\u00eda dirigido al de Alicante: <em>\u201cEn fin, poca cosa\u2026 Somos un auditorio modesto en anecdotarios y, gracias a Dios, con ninguna mala experiencia en este sentido\u201d.<\/em><\/p>\n<p>Al final de cada temporada <strong>Jos\u00e9 Francisco Burgos<\/strong> compensa la intensidad de su trabajo con la gratificante respuesta del p\u00fablico. Desde estas p\u00e1ginas, le felicito por su pasi\u00f3n por la m\u00fasica y su buen hacer como programador, lo que se ha visto refrendado en la apasionante apuesta para la pr\u00f3xima temporada. En otro post hablaremos de los textos de <strong>Burgos<\/strong> que han sido ilustrados por la m\u00fasica del compositor murciano <strong>Miguel Franco<\/strong>.<\/p>\n<p>&nbsp;<\/p>\n<p><strong><em>Nota: El plazo para renovar los abonos para la temporada 2017-18 finaliza el 14 de julio. <\/em><\/strong><\/p>\n<p><strong><em>A partir del 18 de julio pueden obtenerse los nuevos abonos. <\/em><\/strong><\/p>\n<p><strong><em>M\u00e1s informaci\u00f3n en auditoriomurcia.org.<\/em><\/strong><\/p>\n","protected":false},"excerpt":{"rendered":"<p>En Murcia hay edificios como el Teatro de Romea, el Palacio Campuzano o la Casa D\u00edaz-Cassou donde\u00a0viven esp\u00edritus cuyo halo de misterio perdura en el tiempo. Otros edificios, como el Auditorio V\u00edctor Villegas, est\u00e1n habitados desde su construcci\u00f3n por personas\u00a0de carne y hueso que son parte de se esencia. Precisamente hoy conversamos con el competente [&hellip;]<\/p>\n","protected":false},"author":24,"featured_media":0,"comment_status":"open","ping_status":"open","sticky":false,"template":"","format":"standard","meta":[],"categories":[19],"tags":[],"_links":{"self":[{"href":"https:\/\/blogs.laverdad.es\/musicainesperada\/wp-json\/wp\/v2\/posts\/1019"}],"collection":[{"href":"https:\/\/blogs.laverdad.es\/musicainesperada\/wp-json\/wp\/v2\/posts"}],"about":[{"href":"https:\/\/blogs.laverdad.es\/musicainesperada\/wp-json\/wp\/v2\/types\/post"}],"author":[{"embeddable":true,"href":"https:\/\/blogs.laverdad.es\/musicainesperada\/wp-json\/wp\/v2\/users\/24"}],"replies":[{"embeddable":true,"href":"https:\/\/blogs.laverdad.es\/musicainesperada\/wp-json\/wp\/v2\/comments?post=1019"}],"version-history":[{"count":3,"href":"https:\/\/blogs.laverdad.es\/musicainesperada\/wp-json\/wp\/v2\/posts\/1019\/revisions"}],"predecessor-version":[{"id":1023,"href":"https:\/\/blogs.laverdad.es\/musicainesperada\/wp-json\/wp\/v2\/posts\/1019\/revisions\/1023"}],"wp:attachment":[{"href":"https:\/\/blogs.laverdad.es\/musicainesperada\/wp-json\/wp\/v2\/media?parent=1019"}],"wp:term":[{"taxonomy":"category","embeddable":true,"href":"https:\/\/blogs.laverdad.es\/musicainesperada\/wp-json\/wp\/v2\/categories?post=1019"},{"taxonomy":"post_tag","embeddable":true,"href":"https:\/\/blogs.laverdad.es\/musicainesperada\/wp-json\/wp\/v2\/tags?post=1019"}],"curies":[{"name":"wp","href":"https:\/\/api.w.org\/{rel}","templated":true}]}}