{"id":1028,"date":"2017-07-02T13:01:59","date_gmt":"2017-07-02T11:01:59","guid":{"rendered":"http:\/\/blogs.laverdad.es\/musicainesperada\/?p=1028"},"modified":"2017-07-02T13:01:59","modified_gmt":"2017-07-02T11:01:59","slug":"murcia-ciudad-musical","status":"publish","type":"post","link":"https:\/\/blogs.laverdad.es\/musicainesperada\/2017\/07\/02\/murcia-ciudad-musical\/","title":{"rendered":"Murcia, ciudad musical"},"content":{"rendered":"<p><a href=\"https:\/\/static-blogs.laverdad.es\/wp-content\/uploads\/sites\/23\/2017\/07\/Murciart.png\"><img loading=\"lazy\" class=\"alignnone size-full wp-image-1029\" src=\"https:\/\/static-blogs.laverdad.es\/wp-content\/uploads\/sites\/23\/2017\/07\/Murciart.png\" alt=\"murciart\" width=\"235\" height=\"130\" \/><\/a>\u00a0 \u00a0 \u00a0 \u00a0 \u00a0 \u00a0 \u00a0 \u00a0 \u00a0 \u00a0 \u00a0 \u00a0 \u00a0 \u00a0 \u00a0 \u00a0<a href=\"https:\/\/static-blogs.laverdad.es\/wp-content\/uploads\/sites\/23\/2017\/07\/Domingo.jpg\"><img loading=\"lazy\" class=\"alignnone size-full wp-image-1030\" src=\"https:\/\/static-blogs.laverdad.es\/wp-content\/uploads\/sites\/23\/2017\/07\/Domingo.jpg\" alt=\"domingo\" width=\"178\" height=\"282\" \/><\/a><\/p>\n<p>&nbsp;<\/p>\n<p>En esta \u00e9poca, los suplementos culturales de los principales diarios nacionales incluyen un dossier\u00a0con el calendario de festivales de m\u00fasica cl\u00e1sica de nuestro pa\u00eds. As\u00ed, vemos como Granada, Peralada, San Sebastian, Santander, Santiago de Compostela, Segovia y Aranjuez, entre otras, son localidades que a\u00f1aden \u00a0a su natural atractivo tur\u00edstico, el plus de\u00a0programar una serie de conciertos donde disfrutar de la mejor m\u00fasica cl\u00e1sica en un relajado ambiente de vacaciones y acompa\u00f1ado de la familia.<\/p>\n<p>El pasado a\u00f1o, se organiz\u00f3 por primera vez y con mucho \u00e9xito el <em><strong>Festival de M\u00fasica Antigua de Aledo<\/strong><\/em>, que celebrar\u00e1 su segunda edici\u00f3n dentro de unos d\u00edas y del que contaremos cosas en este blog.<\/p>\n<p>Pero esta semana, el presente musical est\u00e1 en Murcia capital. Una Murcia que adquiere la categor\u00eda cultural de ciudad musical porque celebra entre el 3 y el 7 de julio, la primera edici\u00f3n del <em><strong>Festival Musical MurciArt<\/strong><\/em>, donde la m\u00fasica de c\u00e1mara es la protagonista principal.<\/p>\n<p>Detr\u00e1s de <em><strong>MurciArt<\/strong><\/em> hay muchas entidades y personas que han aportado su grano de arena, pero sin duda, son sus directores art\u00edsticos <strong>Darling Dyle<\/strong> y <strong>Rumen Cvetkov<\/strong> los impulsores y catalizadores permanentes de esta iniciativa.<\/p>\n<p><strong>Rumen Cvetkov<\/strong>, que adem\u00e1s es violista principal de la <strong><em>OSRM<\/em><\/strong> y solista invitado de la <em><strong>Orquesta del Palau de les Arts Reina Sof\u00eda<\/strong><\/em> de Valencia, es uno de los mejores m\u00fasicos que tenemos en la regi\u00f3n. Nacido en Bulgaria, ha tocado en lugares tan significativos como la Berliner Philharmoniker Hall, el Carnegie Hall (Nueva York), el Wigmore Hall (Londres), el Mozarteum (Salzburgo), la Walt Disney Hall (Los Angeles), el Pallacio de Bellas Artes (Mexico), o el Chicago Symphony Center, entre otros. En el listado de maestros que lo han dirigido figuran Bernard Haitink, Riccardo Chailly, Kent Nagano, Pl\u00e1cido Domingo, Rossen Milanov, Alan Gilbert y Zubin Mehta.<\/p>\n<p><strong>Rumen<\/strong> vive en Murcia, punto desde donde, de forma habitual, se desplaza a los principales festivales de m\u00fasica de c\u00e1mara de Europa donde participa como violista: <em>\u201cTengo la suerte de actuar en eventos de este tipo y me daba mucha pena que en Murcia no existiese un festival de m\u00fasica cl\u00e1sica apoyado por las instituciones culturales\u201d.<\/em><\/p>\n<p>Aunque el programa del festival puede ser consultado en la web <em>http:\/\/murciartfestival.com\/es\/inicio\/<\/em> , <strong>Rumen Cvetkov<\/strong> nos razona la distribuci\u00f3n de las obras que se interpretar\u00e1n: <em>\u201cEn esta primera edici\u00f3n hemos honrado a algunos compositores importantes de los que este a\u00f1o se celebra su aniversario, como son Brahms, Turina, Granados, Beethoven y Mendelsson. Tambi\u00e9n escucharemos m\u00fasica de Mozart, Korsakov y Tchaikovsky. En el Festival MurciArt, los verdaderos protagonistas son los compositores y sus magn\u00edficas obras\u201d<\/em>.<\/p>\n<p>Una de las m\u00e1ximas de los directores art\u00edsticos es que la buena m\u00fasica necesita de buenos int\u00e9rpretes. Por ello se han asesorado por m\u00fasicos del nivel de <strong>Sonya Yoncheva<\/strong>, <strong>Jordi Bernacer<\/strong> y <strong>C\u00e9sar \u00c1lvarez<\/strong> para invitar a solistas de la categor\u00eda de <strong>Jes\u00fas Reina<\/strong>, <strong>Robert Kowalski<\/strong>, <strong>Gernot S\u00fcssmuth<\/strong>, <strong>Desislava Cvetkova<\/strong>, <strong>Vladimir Mendelsshon<\/strong>, <strong>Lesster Mejias<\/strong>, <strong>Guillermo Pastrana<\/strong>, <strong>Krzysztof Karpeta<\/strong>, <strong>Lorenzo Meseguer<\/strong>, <strong>Irene Ortega<\/strong>, <strong>Isabel Mart\u00ednez<\/strong> y <strong>Ludmil Anguelov<\/strong>, que junto a los organizadores constituyen el elenco de m\u00fasicos.<\/p>\n<p>El hecho de que <strong>Pl\u00e1cido Domingo<\/strong> haya aceptado ser el Maestro Honor\u00edfico es un plus para <strong><em>MurciArt<\/em><\/strong>. Desde que <strong>Rumen<\/strong> es solista en <strong><em>Les Arts<\/em><\/strong> de Valencia, ha colaborado mucho con \u00e9l, tanto como cantante l\u00edrico o como director: <em>\u201cMe ha ense\u00f1ado mucho sobre los valores que debe que tener un artista. Desde el primer momento, a Pl\u00e1cido Domingo le encant\u00f3 la idea de crear este festival y de apoyarlo moral y art\u00edsticamente como Maestro Honor\u00edfico. Es un gran aficionado que ayuda a los j\u00f3venes con talento\u201d.<\/em><\/p>\n<p>Uno de los aspectos que hacen \u00fanico al <em><strong>Festival MurciArt<\/strong><\/em> es el tratamiento y consideraciones que va a recibir el p\u00fablico asistente. Durante el desarrollo del evento y de forma paralela a los conciertos, los artistas invitados impartir\u00e1n clases magistrales de instrumentos de cuerda, piano, y m\u00fasica de c\u00e1mara. <strong>Rumen<\/strong> y <strong>Darling<\/strong> nos insisten en que <em>\u201cTodos las clases est\u00e1n abiertas al p\u00fablico asistente que tendr\u00e1 la posibilidad de tener un contacto m\u00e1s cercano con los artistas. Adem\u00e1s, por la noche, en la pausa y al final de los conciertos, el p\u00fablico podr\u00e1 dialogar con los m\u00fasicos mientras disfruta de una copa de vino o cava, al puro estilo centroeuropeo\u201d.<\/em><\/p>\n<p>Enhorabuena a los organizadores y a los murcianos en general. Ya existimos en el mapa de los festivales de m\u00fasica cl\u00e1sica y nuestra tarjeta de visita no podr\u00eda ser mejor.<\/p>\n","protected":false},"excerpt":{"rendered":"<p>\u00a0 \u00a0 \u00a0 \u00a0 \u00a0 \u00a0 \u00a0 \u00a0 \u00a0 \u00a0 \u00a0 \u00a0 \u00a0 \u00a0 \u00a0 \u00a0 &nbsp; En esta \u00e9poca, los suplementos culturales de los principales diarios nacionales incluyen un dossier\u00a0con el calendario de festivales de m\u00fasica cl\u00e1sica de nuestro pa\u00eds. As\u00ed, vemos como Granada, Peralada, San Sebastian, Santander, Santiago de Compostela, Segovia y Aranjuez, [&hellip;]<\/p>\n","protected":false},"author":24,"featured_media":0,"comment_status":"open","ping_status":"open","sticky":false,"template":"","format":"standard","meta":[],"categories":[19],"tags":[],"_links":{"self":[{"href":"https:\/\/blogs.laverdad.es\/musicainesperada\/wp-json\/wp\/v2\/posts\/1028"}],"collection":[{"href":"https:\/\/blogs.laverdad.es\/musicainesperada\/wp-json\/wp\/v2\/posts"}],"about":[{"href":"https:\/\/blogs.laverdad.es\/musicainesperada\/wp-json\/wp\/v2\/types\/post"}],"author":[{"embeddable":true,"href":"https:\/\/blogs.laverdad.es\/musicainesperada\/wp-json\/wp\/v2\/users\/24"}],"replies":[{"embeddable":true,"href":"https:\/\/blogs.laverdad.es\/musicainesperada\/wp-json\/wp\/v2\/comments?post=1028"}],"version-history":[{"count":3,"href":"https:\/\/blogs.laverdad.es\/musicainesperada\/wp-json\/wp\/v2\/posts\/1028\/revisions"}],"predecessor-version":[{"id":1033,"href":"https:\/\/blogs.laverdad.es\/musicainesperada\/wp-json\/wp\/v2\/posts\/1028\/revisions\/1033"}],"wp:attachment":[{"href":"https:\/\/blogs.laverdad.es\/musicainesperada\/wp-json\/wp\/v2\/media?parent=1028"}],"wp:term":[{"taxonomy":"category","embeddable":true,"href":"https:\/\/blogs.laverdad.es\/musicainesperada\/wp-json\/wp\/v2\/categories?post=1028"},{"taxonomy":"post_tag","embeddable":true,"href":"https:\/\/blogs.laverdad.es\/musicainesperada\/wp-json\/wp\/v2\/tags?post=1028"}],"curies":[{"name":"wp","href":"https:\/\/api.w.org\/{rel}","templated":true}]}}