{"id":103,"date":"2013-04-11T20:52:34","date_gmt":"2013-04-11T20:52:34","guid":{"rendered":"http:\/\/blogs.laverdad.es\/musicainesperada\/?p=103"},"modified":"2013-04-11T20:52:34","modified_gmt":"2013-04-11T20:52:34","slug":"kit-kat-con-schumann","status":"publish","type":"post","link":"https:\/\/blogs.laverdad.es\/musicainesperada\/2013\/04\/11\/kit-kat-con-schumann\/","title":{"rendered":"Kit Kat con Schumann"},"content":{"rendered":"<p><a href=\"\/musicainesperada\/wp-content\/uploads\/sites\/23\/2013\/04\/bosques1.jpg\"><img loading=\"lazy\" class=\"aligncenter size-medium wp-image-106\" title=\"bosques\" src=\"\/musicainesperada\/wp-content\/uploads\/sites\/23\/2013\/04\/bosques1.jpg\" alt=\"\" width=\"300\" height=\"225\" srcset=\"https:\/\/static-blogs.laverdad.es\/wp-content\/uploads\/sites\/23\/2013\/04\/bosques1.jpg 2048w, https:\/\/static-blogs.laverdad.es\/wp-content\/uploads\/sites\/23\/2013\/04\/bosques1-300x225.jpg 300w, https:\/\/static-blogs.laverdad.es\/wp-content\/uploads\/sites\/23\/2013\/04\/bosques1-768x576.jpg 768w, https:\/\/static-blogs.laverdad.es\/wp-content\/uploads\/sites\/23\/2013\/04\/bosques1-1024x768.jpg 1024w\" sizes=\"(max-width: 300px) 100vw, 300px\" \/><\/a><\/p>\n<p>&nbsp;<\/p>\n<p>Estamos en una semana Schumann, artista prototipo del compositor rom\u00e1ntico.<\/p>\n<p>El Auditorio V\u00edctor Villegas programa la cuarta sinfon\u00eda de este m\u00fasico alem\u00e1n, obra formidable que\u00a0interpreta en directo\u00a0la <strong>Orquesta Sinf\u00f3nica de la Regi\u00f3n de Murcia<\/strong>. La dirige el maestro <strong>Manuel Silva<\/strong> junto al c\u00e9lebre concierto para piano n\u00famero 1 de <strong>Chaikovsky.<\/strong><\/p>\n<p>A modo de aperitivo, les propongo la audici\u00f3n de la pieza <strong><em>\u201cAbschied\u201d<\/em><\/strong> (\u201cDespedida\u201d), una de las nueve composiciones que forman las <em><strong>\u201cWaldszenen\u201d<\/strong><\/em> (\u201cEscenas del bosque\u201d) Opus 82, compuestas por <strong>Schumann<\/strong>\u00a0a finales de 1948. Esta bella obra, est\u00e1 inspirada en el tema del bosque, muy t\u00edpico de los artistas alemanes del siglo XIX.<\/p>\n<p>Esta pieza tiene originalmente un lema po\u00e9tico (una muestra del inter\u00e9s que\u00a0siente el m\u00fasico\u00a0por la literatura) pero posteriormente lo suprime antes de su publicaci\u00f3n.<\/p>\n<p>A modo de curiosidad y para acompa\u00f1ar la audici\u00f3n de la pieza, les transcribo el texto al que me refiero:<\/p>\n<p>&nbsp;<\/p>\n<p style=\"text-align: center;\"><em>Leise dringt der Schatten weiter<\/em> \/ La sombra imperceptible se cierra<\/p>\n<p style=\"text-align: center;\"><em>Abendhauch schon web durchs Tal<\/em>, \/ el aliento de la noche se deja llevar por el valle<\/p>\n<p style=\"text-align: center;\"><em>Ferne H\u00f6hn nur gr\u00fcssen heiter<\/em> \/ solo los picos distantes saludan<\/p>\n<p style=\"text-align: center;\"><em>Noch den lezten Sonnenstrahl<\/em> \u00a0\u00a0\/ a los \u00faltimos rayos del sol.<\/p>\n<p><iframe loading=\"lazy\" src=\"\/\/www.youtube.com\/embed\/0apK8F-82hA\" frameborder=\"0\" width=\"420\" height=\"315\"><\/iframe><\/p>\n","protected":false},"excerpt":{"rendered":"<p>&nbsp; Estamos en una semana Schumann, artista prototipo del compositor rom\u00e1ntico. El Auditorio V\u00edctor Villegas programa la cuarta sinfon\u00eda de este m\u00fasico alem\u00e1n, obra formidable que\u00a0interpreta en directo\u00a0la Orquesta Sinf\u00f3nica de la Regi\u00f3n de Murcia. La dirige el maestro Manuel Silva junto al c\u00e9lebre concierto para piano n\u00famero 1 de Chaikovsky. A modo de aperitivo, [&hellip;]<\/p>\n","protected":false},"author":24,"featured_media":0,"comment_status":"open","ping_status":"closed","sticky":false,"template":"","format":"standard","meta":[],"categories":[9],"tags":[],"_links":{"self":[{"href":"https:\/\/blogs.laverdad.es\/musicainesperada\/wp-json\/wp\/v2\/posts\/103"}],"collection":[{"href":"https:\/\/blogs.laverdad.es\/musicainesperada\/wp-json\/wp\/v2\/posts"}],"about":[{"href":"https:\/\/blogs.laverdad.es\/musicainesperada\/wp-json\/wp\/v2\/types\/post"}],"author":[{"embeddable":true,"href":"https:\/\/blogs.laverdad.es\/musicainesperada\/wp-json\/wp\/v2\/users\/24"}],"replies":[{"embeddable":true,"href":"https:\/\/blogs.laverdad.es\/musicainesperada\/wp-json\/wp\/v2\/comments?post=103"}],"version-history":[{"count":0,"href":"https:\/\/blogs.laverdad.es\/musicainesperada\/wp-json\/wp\/v2\/posts\/103\/revisions"}],"wp:attachment":[{"href":"https:\/\/blogs.laverdad.es\/musicainesperada\/wp-json\/wp\/v2\/media?parent=103"}],"wp:term":[{"taxonomy":"category","embeddable":true,"href":"https:\/\/blogs.laverdad.es\/musicainesperada\/wp-json\/wp\/v2\/categories?post=103"},{"taxonomy":"post_tag","embeddable":true,"href":"https:\/\/blogs.laverdad.es\/musicainesperada\/wp-json\/wp\/v2\/tags?post=103"}],"curies":[{"name":"wp","href":"https:\/\/api.w.org\/{rel}","templated":true}]}}