{"id":1034,"date":"2017-07-09T19:52:16","date_gmt":"2017-07-09T17:52:16","guid":{"rendered":"http:\/\/blogs.laverdad.es\/musicainesperada\/?p=1034"},"modified":"2017-07-09T19:52:16","modified_gmt":"2017-07-09T17:52:16","slug":"extensiones-del-cluedo","status":"publish","type":"post","link":"https:\/\/blogs.laverdad.es\/musicainesperada\/2017\/07\/09\/extensiones-del-cluedo\/","title":{"rendered":"Extensiones del Cluedo"},"content":{"rendered":"<p>Vivimos tiempos donde se responsabiliza a los pol\u00edticos de todo lo que sucede. Hace unas semanas lo vimos con la ca\u00edda de una rama \u00e1rbol en en centro de la ciudad y hace a\u00f1os ocurri\u00f3 algo parecido con la tragedia del Prestige en las costas gallegas. Son desgracias, que a toro pasado, son tenidas como previsibles, pero que nadie sabe realmente como\u00a0evitarlas.<\/p>\n<p>Por otro lado, los pol\u00edticos se empe\u00f1an en convencernos de que todo lo bueno que nos pasa es gracias a ellos y basta con leer cualquier p\u00e1gina de un diario regional o seguir las redes sociales para encontrar ejemplos muy significativos. La semana pasada sin ir m\u00e1s lejos ocurri\u00f3 con motivo del anuncio de la reactivaci\u00f3n de la <strong><em>Orquesta de J\u00f3venes de la Regi\u00f3n de Murcia (OJRM)<\/em><\/strong>, una de las mejores y anheladas noticias para la cultura.<\/p>\n<p>Como saben muchos de ustedes, en <strong><em>M\u00fasica Inesperada<\/em><\/strong> y bajo la categor\u00eda titulada <strong><em>SOS OJRM<\/em><\/strong>, hemos pedido por activa y por pasiva, siempre con respeto y a veces con cierta iron\u00eda, que se dotara de presupuesto a la <em><strong>OJRM<\/strong><\/em> para que volviese a funcionar, ya que era una necesidad vital para el futuro de nuestra m\u00fasica. Han sido muchos los m\u00fasicos entrevistados en este blog que han apoyado esta reclamaci\u00f3n con testimonios\u00a0bien\u00a0fundamentados y rebosantes de emoci\u00f3n.<\/p>\n<p>Por fin, la <em><strong>OJRM<\/strong><\/em>\u00a0cuenta con recursos para formar a 67 m\u00fasicos jovenes y con una inminente fecha de reactivaci\u00f3n, con lo que esta Navidad podr\u00e1 celebrar un primer encuentro. La rueda de prensa que lo anunciaba, tuvo lugar\u00a0en el Auditorio Regional y qued\u00f3 inmortalizada en una foto con m\u00fasicos y responsables culturales que se felicitaban por tan buena noticia. Unos m\u00fasicos que representaban a un amplio grupo de compa\u00f1eros que hoy desempe\u00f1an un papel relevante dentro y fuera de la cultura de nuestra regi\u00f3n y que coincid\u00edan en la oportuna\u00a0creaci\u00f3n de este proyecto educativo y formativo hace 36 a\u00f1os, en la decepci\u00f3n que supuso la paralizaci\u00f3n del mismo hace algo m\u00e1s de cuatro a\u00f1os y en lo importante que fue para sus carreras profesionales haber complementado sus estudios acad\u00e9micos con una formaci\u00f3n art\u00edstica y humana tan significativas.<\/p>\n<p>Yo, por mi condici\u00f3n de aficionado a la m\u00fasica cl\u00e1sica y de m\u00e9dico, tuve la oportunidad de viajar con la <em><strong>OJRM<\/strong><\/em> en su \u00faltimo desplazamiento fuera de Espa\u00f1a y de conocerla desde dentro. Quiz\u00e1s mi objetividad se vea mermada por mi vinculaci\u00f3n afectiva con este proyecto, pero felicito a los responsables culturales por haber responsabilizado de la direcci\u00f3n art\u00edstica de la <em><strong>OJRM<\/strong><\/em> a <strong>Virginia Mart\u00ednez<\/strong>. Sin ninguna duda, es la persona m\u00e1s cualificada por su formaci\u00f3n acad\u00e9mica, su capacidad profesional, su dilatada experiencia con m\u00fasicos j\u00f3venes, su singular perfil docente para dirigir a un colectivo de m\u00fasicos de una edad tan cr\u00edtica sin desatender las particularidades de cada miembro\u00a0y, sobre todo, por ser una directora feliz creando m\u00fasica y contagiando la pasi\u00f3n que siente por ella.<\/p>\n<p>La<strong><em> OJRM<\/em><\/strong> est\u00e1 de nuevo en nuestras vidas. Podr\u00edamos ironizar con que en esta partida de <strong><em>Cluedo<\/em><\/strong> ya sabemos de inicio qui\u00e9n es el pol\u00edtico culpable. A partir de ahora, hay que saber dejar a la <strong><em>OJRM<\/em><\/strong> en manos de sus responsables para que, de una manera continuada y siempre discreta, cumpla su cometido y alcance sus objetivos sin apenas hacer ruido. Como siempre ha sido. Ojal\u00e1 que, en unos a\u00f1os, podamos alegrarnos de haber respetado los fundamentos que tan buenos frutos dieron\u00a0a la regi\u00f3n y donde se han mirado las dem\u00e1s comunidades aut\u00f3nomas.<\/p>\n<p>Por ello, me van a permitir que en lugar de mostrarles una foto de la reciente rueda de prensa, rescate una imagen antigua donde aparecen los verdaderos protagonistas de esta historia, los j\u00f3venes m\u00fasicos de nuestra\u00a0<em><strong>OJRM<\/strong><\/em>.<\/p>\n<p>&nbsp;<\/p>\n<p><a href=\"https:\/\/static-blogs.laverdad.es\/wp-content\/uploads\/sites\/23\/2017\/07\/664397_512574612100410_960007024_o-752x440.jpg\"><img loading=\"lazy\" class=\"alignnone size-full wp-image-1035\" src=\"https:\/\/static-blogs.laverdad.es\/wp-content\/uploads\/sites\/23\/2017\/07\/664397_512574612100410_960007024_o-752x440.jpg\" alt=\"664397_512574612100410_960007024_o-752x440\" width=\"752\" height=\"440\" srcset=\"https:\/\/static-blogs.laverdad.es\/wp-content\/uploads\/sites\/23\/2017\/07\/664397_512574612100410_960007024_o-752x440.jpg 752w, https:\/\/static-blogs.laverdad.es\/wp-content\/uploads\/sites\/23\/2017\/07\/664397_512574612100410_960007024_o-752x440-300x176.jpg 300w\" sizes=\"(max-width: 752px) 100vw, 752px\" \/><\/a><\/p>\n","protected":false},"excerpt":{"rendered":"<p>Vivimos tiempos donde se responsabiliza a los pol\u00edticos de todo lo que sucede. Hace unas semanas lo vimos con la ca\u00edda de una rama \u00e1rbol en en centro de la ciudad y hace a\u00f1os ocurri\u00f3 algo parecido con la tragedia del Prestige en las costas gallegas. Son desgracias, que a toro pasado, son tenidas como [&hellip;]<\/p>\n","protected":false},"author":24,"featured_media":0,"comment_status":"open","ping_status":"open","sticky":false,"template":"","format":"standard","meta":[],"categories":[15],"tags":[],"_links":{"self":[{"href":"https:\/\/blogs.laverdad.es\/musicainesperada\/wp-json\/wp\/v2\/posts\/1034"}],"collection":[{"href":"https:\/\/blogs.laverdad.es\/musicainesperada\/wp-json\/wp\/v2\/posts"}],"about":[{"href":"https:\/\/blogs.laverdad.es\/musicainesperada\/wp-json\/wp\/v2\/types\/post"}],"author":[{"embeddable":true,"href":"https:\/\/blogs.laverdad.es\/musicainesperada\/wp-json\/wp\/v2\/users\/24"}],"replies":[{"embeddable":true,"href":"https:\/\/blogs.laverdad.es\/musicainesperada\/wp-json\/wp\/v2\/comments?post=1034"}],"version-history":[{"count":1,"href":"https:\/\/blogs.laverdad.es\/musicainesperada\/wp-json\/wp\/v2\/posts\/1034\/revisions"}],"predecessor-version":[{"id":1036,"href":"https:\/\/blogs.laverdad.es\/musicainesperada\/wp-json\/wp\/v2\/posts\/1034\/revisions\/1036"}],"wp:attachment":[{"href":"https:\/\/blogs.laverdad.es\/musicainesperada\/wp-json\/wp\/v2\/media?parent=1034"}],"wp:term":[{"taxonomy":"category","embeddable":true,"href":"https:\/\/blogs.laverdad.es\/musicainesperada\/wp-json\/wp\/v2\/categories?post=1034"},{"taxonomy":"post_tag","embeddable":true,"href":"https:\/\/blogs.laverdad.es\/musicainesperada\/wp-json\/wp\/v2\/tags?post=1034"}],"curies":[{"name":"wp","href":"https:\/\/api.w.org\/{rel}","templated":true}]}}