{"id":1042,"date":"2017-07-20T00:18:40","date_gmt":"2017-07-19T22:18:40","guid":{"rendered":"http:\/\/blogs.laverdad.es\/musicainesperada\/?p=1042"},"modified":"2017-08-09T21:30:29","modified_gmt":"2017-08-09T19:30:29","slug":"enclave-de-fantasia","status":"publish","type":"post","link":"https:\/\/blogs.laverdad.es\/musicainesperada\/2017\/07\/20\/enclave-de-fantasia\/","title":{"rendered":"Enclave de fantas\u00eda"},"content":{"rendered":"<div id=\"attachment_1043\" style=\"width: 1375px\" class=\"wp-caption alignnone\"><a href=\"https:\/\/static-blogs.laverdad.es\/wp-content\/uploads\/sites\/23\/2017\/07\/Necr\u00f3polis_Cartagena.jpg\"><img aria-describedby=\"caption-attachment-1043\" loading=\"lazy\" class=\"wp-image-1043 size-full\" src=\"https:\/\/static-blogs.laverdad.es\/wp-content\/uploads\/sites\/23\/2017\/07\/Necr\u00f3polis_Cartagena.jpg\" width=\"1365\" height=\"1365\" srcset=\"https:\/\/static-blogs.laverdad.es\/wp-content\/uploads\/sites\/23\/2017\/07\/Necr\u00f3polis_Cartagena.jpg 1365w, https:\/\/static-blogs.laverdad.es\/wp-content\/uploads\/sites\/23\/2017\/07\/Necr\u00f3polis_Cartagena-150x150.jpg 150w, https:\/\/static-blogs.laverdad.es\/wp-content\/uploads\/sites\/23\/2017\/07\/Necr\u00f3polis_Cartagena-300x300.jpg 300w, https:\/\/static-blogs.laverdad.es\/wp-content\/uploads\/sites\/23\/2017\/07\/Necr\u00f3polis_Cartagena-768x768.jpg 768w, https:\/\/static-blogs.laverdad.es\/wp-content\/uploads\/sites\/23\/2017\/07\/Necr\u00f3polis_Cartagena-1024x1024.jpg 1024w\" sizes=\"(max-width: 1365px) 100vw, 1365px\" \/><\/a><p id=\"caption-attachment-1043\" class=\"wp-caption-text\">Foto de Miguel Mart\u00ednez S\u00e1nchez<\/p><\/div>\n<p>&nbsp;<\/p>\n<p>Hay lugares que, de repente, se vuelven m\u00e1gicos. La zona de los Alpes Suizos donde <strong>Thomas Mann<\/strong> narra las experiencias del joven Hans Castorp durante su estancia en un sanatorio se convierten en una monta\u00f1a m\u00e1gica que trasciende m\u00e1s all\u00e1 de lo que el t\u00edtulo de la novela refleja.<\/p>\n<p>Desde el 21 de julio, Sierra Espu\u00f1a se convierte en un paraje fascinante al albergar el <strong><em>Festival de M\u00fasica Antigua FEMASE 2017<\/em><\/strong> \u00a0que es la segunda edici\u00f3n del <em><strong>Festival Early Music Aledo 2016<\/strong><\/em>, ampliando el campo de acci\u00f3n a otros municipios de la sierra murciana y desarrollar una serie de cursos, talleres y conciertos de diferentes formatos en Totana, Pliego, Mula, Librilla, El Berro y, por supuesto, Aledo.(<em>http:\/\/www.earlymusicaledo.com\/Home\/<\/em>)<\/p>\n<p>La plataforma que va a llenar de fantas\u00eda a Sierra Espu\u00f1a es <em><strong>Early Music Project<\/strong> <\/em>cuyos miembros son profesionales de la m\u00fasica y de la cultura que promueven e incentivan el conocimiento y la difusi\u00f3n de la M\u00fasica Antigua en el sureste espa\u00f1ol, lig\u00e1ndola a aspectos culturales, hist\u00f3ricos, art\u00edsticos, tur\u00edsticos, patrimoniales y naturales de nuestro entorno.<\/p>\n<p>La persona que gestiona y coordina los proyectos culturales de <em><strong>Early Music Project<\/strong><\/em> es <strong>M\u00edriam Hu\u00e9scar<\/strong> (Murcia, 1989), licenciada en Historia del Arte por la Universidad de Murcia (2012), donde ha cursado adem\u00e1s los M\u00e1ster en Producci\u00f3n y Gesti\u00f3n Art\u00edstica (2015) y de Gesti\u00f3n Cultural (2016). <strong>Miriam<\/strong> tambi\u00e9n curs\u00f3 estudios de grado superior de Danza Cl\u00e1sica (Conservatorio Profesional de Danza de Murcia, 2003) y de grado medio de Piano (Centro Cultural Infanta Elena, Alcantarilla, 2005) y para ella, el primer <strong><em>Festival de Aledo<\/em><\/strong> destac\u00f3 por la gran acogida que tuvo esta primera edici\u00f3n: <em>\u201cAdem\u00e1s de la experiencia enriquecedora que compartieron los m\u00fasicos participantes en los diferentes cursos, el festival tuvo una gran repercusi\u00f3n en redes sociales y medios de comunicaci\u00f3n, por lo que actualmente es conocido en el \u00e1mbito internacional\u201d<\/em>. Puede ver el documental del festival de la pasada edici\u00f3n en el v\u00eddeo adjunto.<\/p>\n<p><strong>Miriam Hu\u00e9scar<\/strong> insiste que el <em><strong>Festival de M\u00fasica Antigua de Sierra Espu\u00f1a (FEMASE) 2017<\/strong><\/em> no se centra s\u00f3lo en esta disciplina art\u00edstica: <em>\u201cLa m\u00fasica es el hilo conductor de distintas actividades que engloban la gastronom\u00eda, la naturaleza, el patrimonio, el arte y la educaci\u00f3n. Quiz\u00e1s, la actividad m\u00e1s llamativo sea la Academia Internacional de Early Music Project, una iniciativa orientada a profundizar en el estudio de la m\u00fasica antigua\u201d.<\/em><\/p>\n<p>Durante el festival se ofrecen masterclass, cursos y talleres en los que la m\u00fasica de conjunto (desde peque\u00f1as agrupaciones, hasta orquestas de c\u00e1mara) juega un papel fundamental. La Academia, como explica Miriam, se compone de tres actividades principales:<\/p>\n<p>La plataforma para Nuevos Ensembles con <strong>Manfredo Kraemer<\/strong>: <em>\u201cTiene como principal objetivo ayudar e impulsar a j\u00f3venes ensembles de m\u00fasica antigua a integrarse en el mercado profesional. Lo har\u00e1n a trav\u00e9s de la formaci\u00f3n acad\u00e9mica con Manfredo Kraemer, uno de los violinistas m\u00e1s prestigiosos de m\u00fasica antigua. Adem\u00e1s, aprender\u00e1n sobre creaci\u00f3n de material audiovisual propio, difusi\u00f3n y publicidad, y se dar\u00e1n a conocer a trav\u00e9s de conciertos para diferentes audiencias\u201d.\u00a0<\/em>En segundo lugar, se ha organizado un Curso de Interpretaci\u00f3n historicista dirigido por <strong>Silvia M\u00e1rquez<\/strong>, clavecinista de prestigio internacional que dirige <strong><em>La Tempestad<\/em><\/strong>, y que va dirigido a agrupaciones de c\u00e1mara y a m\u00fasicos clavecinistas interesados en la interpretaci\u00f3n hist\u00f3ricamente informada. Por \u00faltimo, <strong>Jorge Losana<\/strong> dirige un taller sobre La M\u00fasica Policoral y la Reforma con el prop\u00f3sito de profundizar en la interpretaci\u00f3n de obras policorales de Sch\u00fctz, Praetorious y Schein que ser\u00e1n presentadas en tres conciertos. La oferta del festival se completa con actividades de divulgaci\u00f3n para adultos, ni\u00f1os y j\u00f3venes, combinando el arte con rutas y veladas gastron\u00f3micas.<\/p>\n<p><strong>Miriam Hu\u00e9scar<\/strong> ha coordinado tambi\u00e9n la actividad <strong><em>Bach Cartagena<\/em><\/strong>, con muy buena acogida por parte del publico: <em>\u201cHa sido un trimestre lleno de actividades, donde la m\u00fasica lleg\u00f3 a todos los rincones de Cartagena. En todal han participado m\u00e1s de 700 escolares dentro del programa EarlyMusicKids, donde ni\u00f1os de diferentes colegios, institutos y bibliotecas municipales, han conocido la obra del compositor J. S. Bach mediante conciertos did\u00e1cticos y cuentacuentos musicales\u201d.<\/em> Parte de estas experiencias piloto se han integrado dentro <em><strong>FEMASE 2017<\/strong><\/em> y se recuperar\u00e1 el formato <strong><em>EarlyMusicKids<\/em><\/strong> en escuelas de verano, museos y centros culturales.<\/p>\n<p><strong>Miriam<\/strong> anima a los aficionados a la m\u00fasica en general a venir al <strong><em>Festival de Sierra Espu\u00f1a<\/em><\/strong>: <em>\u201cDescubrir\u00e1n la magia de la m\u00fasica antigua con int\u00e9rpretes de primer nivel en entornos naturales que son emblem\u00e1ticos por su historia. Prometemos que la experiencia ser\u00e1 inolvidable\u201d.<\/em><\/p>\n<p>Para las personas que quieran asistir, la organizaci\u00f3n informa que la asistencia a los conciertos cuestan 10 euros (los j\u00f3venes s\u00f3lo 3 euros), la matr\u00edcula para la Plataforma para Nuevos Ensembles del Festival con Manfredo Kraemer cuesta 80 euros, la matr\u00edcula al Curso de Interpretaci\u00f3n Historicista con Silvia M\u00e1rquez cuesta 50\u20ac y el Taller sobre \u201cLa M\u00fasica Policoral y la Reforma\u201d con Jorge Losana es gratuito.<\/p>\n<p><iframe loading=\"lazy\" src=\"https:\/\/www.youtube.com\/embed\/E_fUVzaCuQU\" width=\"560\" height=\"315\" frameborder=\"0\" allowfullscreen=\"allowfullscreen\"><\/iframe><\/p>\n<p>&nbsp;<\/p>\n<p>&nbsp;<\/p>\n","protected":false},"excerpt":{"rendered":"<p>&nbsp; Hay lugares que, de repente, se vuelven m\u00e1gicos. La zona de los Alpes Suizos donde Thomas Mann narra las experiencias del joven Hans Castorp durante su estancia en un sanatorio se convierten en una monta\u00f1a m\u00e1gica que trasciende m\u00e1s all\u00e1 de lo que el t\u00edtulo de la novela refleja. Desde el 21 de julio, [&hellip;]<\/p>\n","protected":false},"author":24,"featured_media":0,"comment_status":"open","ping_status":"open","sticky":false,"template":"","format":"standard","meta":[],"categories":[5,19],"tags":[],"_links":{"self":[{"href":"https:\/\/blogs.laverdad.es\/musicainesperada\/wp-json\/wp\/v2\/posts\/1042"}],"collection":[{"href":"https:\/\/blogs.laverdad.es\/musicainesperada\/wp-json\/wp\/v2\/posts"}],"about":[{"href":"https:\/\/blogs.laverdad.es\/musicainesperada\/wp-json\/wp\/v2\/types\/post"}],"author":[{"embeddable":true,"href":"https:\/\/blogs.laverdad.es\/musicainesperada\/wp-json\/wp\/v2\/users\/24"}],"replies":[{"embeddable":true,"href":"https:\/\/blogs.laverdad.es\/musicainesperada\/wp-json\/wp\/v2\/comments?post=1042"}],"version-history":[{"count":8,"href":"https:\/\/blogs.laverdad.es\/musicainesperada\/wp-json\/wp\/v2\/posts\/1042\/revisions"}],"predecessor-version":[{"id":1070,"href":"https:\/\/blogs.laverdad.es\/musicainesperada\/wp-json\/wp\/v2\/posts\/1042\/revisions\/1070"}],"wp:attachment":[{"href":"https:\/\/blogs.laverdad.es\/musicainesperada\/wp-json\/wp\/v2\/media?parent=1042"}],"wp:term":[{"taxonomy":"category","embeddable":true,"href":"https:\/\/blogs.laverdad.es\/musicainesperada\/wp-json\/wp\/v2\/categories?post=1042"},{"taxonomy":"post_tag","embeddable":true,"href":"https:\/\/blogs.laverdad.es\/musicainesperada\/wp-json\/wp\/v2\/tags?post=1042"}],"curies":[{"name":"wp","href":"https:\/\/api.w.org\/{rel}","templated":true}]}}