{"id":1049,"date":"2017-07-27T23:53:31","date_gmt":"2017-07-27T21:53:31","guid":{"rendered":"http:\/\/blogs.laverdad.es\/musicainesperada\/?p=1049"},"modified":"2017-07-28T11:09:55","modified_gmt":"2017-07-28T09:09:55","slug":"hablar-cantar-rezar","status":"publish","type":"post","link":"https:\/\/blogs.laverdad.es\/musicainesperada\/2017\/07\/27\/hablar-cantar-rezar\/","title":{"rendered":"Hablar, cantar, rezar."},"content":{"rendered":"<p><a href=\"https:\/\/static-blogs.laverdad.es\/wp-content\/uploads\/sites\/23\/2017\/07\/2017-07-27-PHOTO-00000009.jpg\"><img loading=\"lazy\" class=\"alignnone size-full wp-image-1050\" src=\"https:\/\/static-blogs.laverdad.es\/wp-content\/uploads\/sites\/23\/2017\/07\/2017-07-27-PHOTO-00000009.jpg\" alt=\"2017-07-27-photo-00000009\" width=\"350\" height=\"467\" srcset=\"https:\/\/static-blogs.laverdad.es\/wp-content\/uploads\/sites\/23\/2017\/07\/2017-07-27-PHOTO-00000009.jpg 350w, https:\/\/static-blogs.laverdad.es\/wp-content\/uploads\/sites\/23\/2017\/07\/2017-07-27-PHOTO-00000009-225x300.jpg 225w\" sizes=\"(max-width: 350px) 100vw, 350px\" \/><\/a><\/p>\n<p>El <strong><em>Festival Internacional de M\u00fasica Antigua de Sierra Espu\u00f1a<\/em><\/strong> cierra la edici\u00f3n de 2017 con dos magn\u00edficos conciertos en Aledo. Hoy\u00a0viernes, a las 21 horas, el violinista y director musical <strong>Manfredo Kraemer<\/strong> ofrecer\u00e1 un programa muy interesante y el s\u00e1bado a la misma hora, tendr\u00e1 lugar la <strong><em>Early Music Night<\/em><\/strong> con la participaci\u00f3n de los ensembles <strong><em>Les Tambourins, Pret\u00e9rito Imperfecto y Za\u00efre<\/em><\/strong>.<\/p>\n<p>Desde estas p\u00e1ginas quiero felicitar a los organizadores y a los m\u00fasicos participantes de este cuidado festival de M\u00fasica Antigua, ya que han logrado sus objetivos al tiempo que han incrementado el valor cultural de nuestra regi\u00f3n, con un evento singular y atractivo para el aficionado a la buena m\u00fasica.<\/p>\n<p>Hablar con <strong>Manfredo Kraemer<\/strong> sobre m\u00fasica es tan instructivo que le he pedido opini\u00f3n sobre algunos de los aspectos esenciales\u00a0de la M\u00fasica Antigua. Para el violinista argentino, las diferencias entre el viol\u00edn barroco y el cl\u00e1sico moderno radican en cuestiones que son cosm\u00e9ticas, por un lado, y referidas a su funcionamiento, por otro: <em>\u201cSobre el instrumento en s\u00ed, hay que decir que el puente est\u00e1 dise\u00f1ado de otra manera y que el alma interior y la cadena son mas finas, lo que hace que su sonido sea distinto por los muchos arm\u00f3nicos agudos que contienen y que los dotan de un brillo muy especial con quiz\u00e1s algo menos de volumen que un viol\u00edn cl\u00e1sico moderno&#8221;.<\/em><\/p>\n<p>Un aspecto clave\u00a0del viol\u00edn Barroco para <strong>Kraemer<\/strong> es la utilizaci\u00f3n de cuerdas de tripa pura de cordero o vaca tal y como se hac\u00eda\u00a0hist\u00f3ricamente:<em> \u201cAdem\u00e1s, las cuerdas graves est\u00e1n entorchadas, es decir, rodeadas por un hilo de cobre o plata, que junto a las otras, dan este timbre tan distinto y un sonido m\u00e1s colorido o con m\u00e1s textura\u201d.<\/em><\/p>\n<p>Desde 2004 <strong>Manfredo<\/strong> es responsable de la c\u00e1tedra de viol\u00edn barroco en la Escuela Superior de M\u00fasica de Catalu\u00f1a. Una de las diferencias fundamentales para \u00e9l no est\u00e1 tanto en el instrumento, sino en el arco, ya que modula el sonido para convertirlo en un discurso inteligible. El arco evolucion\u00f3 a lo largo de las distintas fases del Barroco adapt\u00e1ndose a los gustos musicales de la \u00e9poca, pero con una forma y una t\u00e9cnica de manejo muy distintas al viol\u00edn moderno. La distribuci\u00f3n del peso es distinta, estando el centro de gravedad m\u00e1s situado en el tal\u00f3n, haciendo\u00a0m\u00e1s liviana la punta, lo que nos permite modular el sonido con m\u00e1s inflexiones:<em> \u201cLa interpretaci\u00f3n musical barroca hace m\u00e1s atenci\u00f3n en la gram\u00e1tica, la prosodia y los signos de acentuaci\u00f3n. No es un sonido sostenido, sino con muchas modulaciones. Podr\u00edamos decir que si las cuerdas del viol\u00edn se corresponde a las cuerdas vocales generadoras de sonidos, el arco representa la boca que es donde se articula el habla, y en la m\u00fasica barroca es m\u00e1s importante hablar que cantar\u201d.<\/em><\/p>\n<p>La experiencia del <strong><em>Festival Internacional de M\u00fasica Antigua<\/em><\/strong> sit\u00faa a Murcia entre los lugares m\u00e1s destacados donde se celebran eventos de este tipo. Sin embargo, pa\u00edses como Alemania, Francia, Holanda, Norte de Suiza, Austria e Inglaterra van muy por delante en este asunto del resto de Europa. Para <strong>Manfredo<\/strong> todo esto tiene que ver con la historia de la m\u00fasica: <em>\u201cAll\u00ed nacieron los movimientos de revitalizaci\u00f3n de la M\u00fasica Antigua, como una reacci\u00f3n a lo que se consideraban como excesos de la gran m\u00fasica sinf\u00f3nica. En Alemania y en el \u00e1mbito germ\u00e1nico se sigue interpretando mucha m\u00fasica en las iglesias, sobre todo en las protestantes luteranas, donde \u00e9sta es una parte fundamental de la liturgia y de la idea de quien canta, reza dos veces\u201d<\/em>. Adem\u00e1s, en Francia, hay un gran apoyo institucional del gobierno y de las empresas que esponsorizan tanto microfestivales como eventos de m\u00e1s peso sobre M\u00fasica Antigua.<br \/>\n<strong>Manfredo Kraemer<\/strong> se form\u00f3 en la ciudad alemana de Colonia y ha formado parte del c\u00e9lebre conjunto <strong><em>Musica Antiqua K\u00f6ln<\/em><\/strong>, bajo la direcci\u00f3n de <strong>Reinhard Goebel<\/strong>. Desde entonces ha desarrollado una intensa carrera art\u00edstica como violinista y director, colaborando tambi\u00e9n con importantes ensembles como <em><strong>Les Arts Florissants, Les Musiciens du Louvre, Anima Eterna y Cantus K\u00f6ln<\/strong><\/em>. En 1996 crea junto a <strong>Pablo Valetti, Bal\u00e1zs M\u00e1t\u00e9 y Alessandro de Marchi,\u00a0<em>The Rare Fruits Council<\/em> <\/strong>con el que realiza destacadas grabaciones musicales: <em>\u201cEs dif\u00edcil elegir un disco entre todos los grabados con The Rare Fruits Council, pero quiz\u00e1s destacar\u00eda el primero que hicimos sobre Heinrich Ignaz Biber y que se titul\u00f3 Harmonia Artificiosa-Ariosa. Estoy orgulloso porque empleamos violines escordados o desafinados (es decir, afinados en distintas maneras), as\u00ed como un \u00f3rgano de iglesia en lugar de uno normal positivo, en un intento de\u00a0aproximarnos lo m\u00e1ximo a lo que se hac\u00eda en la \u00e9poca.\u201d<\/em><\/p>\n<p>Si quieren disfrutar hoy en directo del arte de este fabuloso violinista, tienen m\u00e1s informaci\u00f3n en la web <strong><em>http:\/\/www.earlymusicaledo.com\/Festival\/<\/em><\/strong> , donde tienen un enlace para conseguir las entradas v\u00eda internet, que es la \u00fanica manera de adquirirlas.<\/p>\n","protected":false},"excerpt":{"rendered":"<p>El Festival Internacional de M\u00fasica Antigua de Sierra Espu\u00f1a cierra la edici\u00f3n de 2017 con dos magn\u00edficos conciertos en Aledo. Hoy\u00a0viernes, a las 21 horas, el violinista y director musical Manfredo Kraemer ofrecer\u00e1 un programa muy interesante y el s\u00e1bado a la misma hora, tendr\u00e1 lugar la Early Music Night con la participaci\u00f3n de los [&hellip;]<\/p>\n","protected":false},"author":24,"featured_media":0,"comment_status":"open","ping_status":"open","sticky":false,"template":"","format":"standard","meta":[],"categories":[5,19],"tags":[],"_links":{"self":[{"href":"https:\/\/blogs.laverdad.es\/musicainesperada\/wp-json\/wp\/v2\/posts\/1049"}],"collection":[{"href":"https:\/\/blogs.laverdad.es\/musicainesperada\/wp-json\/wp\/v2\/posts"}],"about":[{"href":"https:\/\/blogs.laverdad.es\/musicainesperada\/wp-json\/wp\/v2\/types\/post"}],"author":[{"embeddable":true,"href":"https:\/\/blogs.laverdad.es\/musicainesperada\/wp-json\/wp\/v2\/users\/24"}],"replies":[{"embeddable":true,"href":"https:\/\/blogs.laverdad.es\/musicainesperada\/wp-json\/wp\/v2\/comments?post=1049"}],"version-history":[{"count":2,"href":"https:\/\/blogs.laverdad.es\/musicainesperada\/wp-json\/wp\/v2\/posts\/1049\/revisions"}],"predecessor-version":[{"id":1052,"href":"https:\/\/blogs.laverdad.es\/musicainesperada\/wp-json\/wp\/v2\/posts\/1049\/revisions\/1052"}],"wp:attachment":[{"href":"https:\/\/blogs.laverdad.es\/musicainesperada\/wp-json\/wp\/v2\/media?parent=1049"}],"wp:term":[{"taxonomy":"category","embeddable":true,"href":"https:\/\/blogs.laverdad.es\/musicainesperada\/wp-json\/wp\/v2\/categories?post=1049"},{"taxonomy":"post_tag","embeddable":true,"href":"https:\/\/blogs.laverdad.es\/musicainesperada\/wp-json\/wp\/v2\/tags?post=1049"}],"curies":[{"name":"wp","href":"https:\/\/api.w.org\/{rel}","templated":true}]}}