{"id":107,"date":"2013-04-15T22:30:02","date_gmt":"2013-04-15T22:30:02","guid":{"rendered":"http:\/\/blogs.laverdad.es\/musicainesperada\/?p=107"},"modified":"2013-04-15T22:30:02","modified_gmt":"2013-04-15T22:30:02","slug":"colin-davis-y-el-pajarillo-de-la-vida","status":"publish","type":"post","link":"https:\/\/blogs.laverdad.es\/musicainesperada\/2013\/04\/15\/colin-davis-y-el-pajarillo-de-la-vida\/","title":{"rendered":"Colin Davis y el pajarillo de la vida."},"content":{"rendered":"<p><a href=\"\/musicainesperada\/wp-content\/uploads\/sites\/23\/2013\/04\/colin-Davis.jpg\"><img loading=\"lazy\" class=\"aligncenter size-full wp-image-108\" title=\"colin Davis\" src=\"\/musicainesperada\/wp-content\/uploads\/sites\/23\/2013\/04\/colin-Davis.jpg\" alt=\"\" width=\"464\" height=\"261\" srcset=\"https:\/\/static-blogs.laverdad.es\/wp-content\/uploads\/sites\/23\/2013\/04\/colin-Davis.jpg 464w, https:\/\/static-blogs.laverdad.es\/wp-content\/uploads\/sites\/23\/2013\/04\/colin-Davis-300x169.jpg 300w\" sizes=\"(max-width: 464px) 100vw, 464px\" \/><\/a><\/p>\n<p>&nbsp;<\/p>\n<p>Nos deja a los 85 a\u00f1os el director brit\u00e1nico <strong>Sir Colin Davis<\/strong>, maestro\u00a0en la interpretaci\u00f3n\u00a0de la m\u00fasica de Mozart, Bruckner, Sibelius y Berlioz.<\/p>\n<p><strong>Davis<\/strong> comienza los estudios con el clarinete y termina dirigiendo la London Symphony Orchestra, la Royal Opera House, la BBC Symphony y la orquesta de la English Chamber, entre otras. Adem\u00e1s es el principal director invitado de la Boston Symphony Orchestra y de la New York Philharmonic Orchestra y el director honorario de la Dresden Staatskapelle.<\/p>\n<p><strong>Sir Colin<\/strong> es el primer maestro brit\u00e1nico invitado al Festival de Bayreuth donde en 1977 dirige la \u00f3pera \u201cTannh\u00e4user\u201d y, en 1980, la Reina de Inglaterra le otorga la distinci\u00f3n de Sir.<\/p>\n<p>Para conocer bien la elegancia de este director, les recomiendo que escuchen sus joyas discogr\u00e1ficas. De la m\u00fasica de <strong>Berlioz<\/strong>, hay que escuchar el registro en directo de la \u00f3pera <strong>\u201cLos Troyanos\u201d<\/strong> con la Orquesta del Covent Garden, la \u00f3pera <strong>\u201cBenvenuto Cellini\u201d<\/strong> con la Orquesta Sinf\u00f3nica de la BBC de Londres, la versi\u00f3n reorquestada de la <strong>Sinfon\u00eda Fant\u00e1stica<\/strong> con la Orquesta Concertgebouw y <strong>\u201cRomeo y Julieta\u201d<\/strong> con la Orquesta Sinf\u00f3nica de Londres en donde muestra su arte para ofrecer una escena de amor memorable.<\/p>\n<p>Otro punto fuerte de <strong>Sir Colin Davis<\/strong> es la obra de <strong>Mozart<\/strong>, donde les recomiendo la versi\u00f3n de las <strong>sinfon\u00edas 30 y 32<\/strong> con la Dresden Staatskapelle. En la<strong> s\u00e9ptima sinfon\u00eda<\/strong> de<strong> Bruckner<\/strong> con la Orquesta Sinf\u00f3nica de la Radio de Baviera alcanza el cl\u00edmax con el que se considera el golpe de platillos m\u00e1s fulgurante de la historia.<\/p>\n<p>La versi\u00f3n m\u00e1s equilibrada que se ha grabado del ciclo completo de las sinfon\u00edas de <strong>Jean Sibelius<\/strong> es la de <strong>Davis<\/strong> con la Orquesta Sinf\u00f3nica de Boston. En las <strong>sinfon\u00edas cuarta y s\u00e9ptima<\/strong>\u00a0emana la sinton\u00eda de este\u00a0director con la madurez del m\u00fasico finland\u00e9s.<\/p>\n<p>En palabras de\u00a0<strong>Colin Davis<\/strong>: <em>&#8220;Dirigir es como tener en la mano el pajarillo de la vida; si se aprieta demasiado muere; si no se aprieta bastante, escapa&#8221;.<\/em><\/p>\n<p>Gracias por su m\u00fasica, maestro.<\/p>\n","protected":false},"excerpt":{"rendered":"<p>&nbsp; Nos deja a los 85 a\u00f1os el director brit\u00e1nico Sir Colin Davis, maestro\u00a0en la interpretaci\u00f3n\u00a0de la m\u00fasica de Mozart, Bruckner, Sibelius y Berlioz. Davis comienza los estudios con el clarinete y termina dirigiendo la London Symphony Orchestra, la Royal Opera House, la BBC Symphony y la orquesta de la English Chamber, entre otras. Adem\u00e1s [&hellip;]<\/p>\n","protected":false},"author":24,"featured_media":0,"comment_status":"open","ping_status":"closed","sticky":false,"template":"","format":"standard","meta":[],"categories":[12],"tags":[],"_links":{"self":[{"href":"https:\/\/blogs.laverdad.es\/musicainesperada\/wp-json\/wp\/v2\/posts\/107"}],"collection":[{"href":"https:\/\/blogs.laverdad.es\/musicainesperada\/wp-json\/wp\/v2\/posts"}],"about":[{"href":"https:\/\/blogs.laverdad.es\/musicainesperada\/wp-json\/wp\/v2\/types\/post"}],"author":[{"embeddable":true,"href":"https:\/\/blogs.laverdad.es\/musicainesperada\/wp-json\/wp\/v2\/users\/24"}],"replies":[{"embeddable":true,"href":"https:\/\/blogs.laverdad.es\/musicainesperada\/wp-json\/wp\/v2\/comments?post=107"}],"version-history":[{"count":0,"href":"https:\/\/blogs.laverdad.es\/musicainesperada\/wp-json\/wp\/v2\/posts\/107\/revisions"}],"wp:attachment":[{"href":"https:\/\/blogs.laverdad.es\/musicainesperada\/wp-json\/wp\/v2\/media?parent=107"}],"wp:term":[{"taxonomy":"category","embeddable":true,"href":"https:\/\/blogs.laverdad.es\/musicainesperada\/wp-json\/wp\/v2\/categories?post=107"},{"taxonomy":"post_tag","embeddable":true,"href":"https:\/\/blogs.laverdad.es\/musicainesperada\/wp-json\/wp\/v2\/tags?post=107"}],"curies":[{"name":"wp","href":"https:\/\/api.w.org\/{rel}","templated":true}]}}