{"id":1078,"date":"2017-08-24T13:47:00","date_gmt":"2017-08-24T11:47:00","guid":{"rendered":"http:\/\/blogs.laverdad.es\/musicainesperada\/?p=1078"},"modified":"2017-08-24T13:49:39","modified_gmt":"2017-08-24T11:49:39","slug":"sinfonia-y-sociedad","status":"publish","type":"post","link":"https:\/\/blogs.laverdad.es\/musicainesperada\/2017\/08\/24\/sinfonia-y-sociedad\/","title":{"rendered":"Sinfon\u00eda y sociedad"},"content":{"rendered":"<p>A comienzos del siglo XIX aparece una nueva manera de escuchar la m\u00fasica instrumental que, al no estar vinculada a un texto, queda liberada de las limitaciones del lenguaje. Esta interesante perspectiva con la que cambia la historia de la m\u00fasica es el tema sobre el que el profesor de Musicolog\u00eda estadounidense <strong>Mark Evan Bonds<\/strong> escribe su libro <em><strong>La m\u00fasica como pensamiento<\/strong><\/em> (Acantilado, 2014).<\/p>\n<p>El texto de <strong>Bonds<\/strong> tiene muchos aspectos interesantes relacionados con la historia, la filosof\u00eda y la pol\u00edtica del siglo XIX, pero quiz\u00e1s, la idea m\u00e1s atractiva es la de considerar la educaci\u00f3n musical como algo b\u00e1sico y la sinfon\u00eda como el orden social ideal. Ya <strong>Richard Wagner<\/strong>\u00a0dec\u00eda que\u00a0la sinfon\u00eda es una\u00a0forma de expresi\u00f3n de la voz de la comunidad, donde los profesores de la orquesta participan en igualdad de condiciones para crear un coro que exprese el sentimiento de la multitud. Este concepto va ligado a otro que considera la armon\u00eda como una condici\u00f3n necesaria en el seno de la sociedad.<\/p>\n<p>En cierto modo, y siguiendo los comentarios de los distintos autores que\u00a0citan en el libro, la obligaci\u00f3n de un individuo en una sociedad ser\u00eda\u00a0lograr\u00a0el m\u00e1ximo nivel de realizaci\u00f3n posible al tiempo que\u00a0la sociedad debe protegerlo y proporcionarle lo que le corresponda. En una orquesta sinf\u00f3nica, los m\u00fasicos deber\u00edan de superar un largo proceso de formaci\u00f3n y especializaci\u00f3n para tener la capacidad de contribuir al conjunto.<\/p>\n<p>Esta simbiosis entre sinfon\u00eda\u00a0y sociedad estar\u00eda\u00a0favorecida por el hecho de que la m\u00fasica atrae a todas las clases sociales porque es comprensible para todos. La idea de que s\u00f3lo con un suficiente grado de instrucci\u00f3n y auto realizaci\u00f3n personal, el individuo formar\u00eda\u00a0parte del c\u00edrculo de la alegr\u00eda (la sociedad armoniosa) aparece en el movimiento final de la <strong><em>Novena Sinfon\u00eda<\/em><\/strong> de <strong>Beethoven.<\/strong><\/p>\n<p>&nbsp;<\/p>\n<div class=\"page\" title=\"Page 1\">\n<div class=\"layoutArea\">\n<div class=\"column\">\n<p style=\"text-align: center;\"><em>Aquel a que la suerte ha concedido<\/em><br \/>\n<em> una amistad verdadera.<\/em><\/p>\n<p style=\"text-align: center;\"><em>Quien haya conquistado a una hermosa mujer<\/em><br \/>\n<em> \u00a1una su j\u00fabilo al nuestro!<\/em><\/p>\n<p style=\"text-align: center;\"><em>A\u00fan aquel que pueda llamar suya<\/em><br \/>\n<em> siquiera a un alma sobre la tierra.<\/em><\/p>\n<p style=\"text-align: center;\"><em>M\u00e1s quien ni siquiera esto haya logrado,<\/em><br \/>\n<em> \u00a1que se aleje llorando de esta hermandad!<\/em><\/p>\n<div class=\"page\" title=\"Page 1\">\n<div class=\"layoutArea\">\n<div class=\"column\">\n<p style=\"text-align: right;\"><em>Adaptaci\u00f3n no literal sobre la &#8220;Oda a la Alegr\u00eda&#8221; de F. Schiller.<\/em><\/p>\n<p style=\"text-align: right;\">\n<\/div>\n<\/div>\n<\/div>\n<p style=\"text-align: left;\">\n<p style=\"text-align: left;\">Hay que tener en cuenta que la <strong>Novena\u00a0Sinfon\u00eda<\/strong> debe considerarse como instrumental, ya que el maestro alem\u00e1n incluye un coro cuyas voces no acompa\u00f1an a la orquesta, sino que se comporta como un instrumento m\u00e1s de la misma.<\/p>\n<\/div>\n<\/div>\n<\/div>\n<p style=\"text-align: left;\">Hay que decir tambi\u00e9n que los integrantes de la sociedad que no alcanzasen el grado de especializaci\u00f3n requerido, no\u00a0ser\u00edan rechazados por \u00e9sta,\u00a0simplemente se les considerar\u00eda que de momento no estar\u00edan capacitados. Una orquesta sinf\u00f3nica ser\u00eda un conjunto conexionado por fuertes v\u00ednculos y donde cada individuo sacrificar\u00eda la parte que no encajase en el conjunto para conseguir la idea de un s\u00f3lo esp\u00edritu. Dicho de otro modo, nada quedar\u00eda\u00a0al azar para que una orquesta funcione bien.<\/p>\n","protected":false},"excerpt":{"rendered":"<p>A comienzos del siglo XIX aparece una nueva manera de escuchar la m\u00fasica instrumental que, al no estar vinculada a un texto, queda liberada de las limitaciones del lenguaje. Esta interesante perspectiva con la que cambia la historia de la m\u00fasica es el tema sobre el que el profesor de Musicolog\u00eda estadounidense Mark Evan Bonds [&hellip;]<\/p>\n","protected":false},"author":24,"featured_media":0,"comment_status":"open","ping_status":"open","sticky":false,"template":"","format":"standard","meta":[],"categories":[7],"tags":[],"_links":{"self":[{"href":"https:\/\/blogs.laverdad.es\/musicainesperada\/wp-json\/wp\/v2\/posts\/1078"}],"collection":[{"href":"https:\/\/blogs.laverdad.es\/musicainesperada\/wp-json\/wp\/v2\/posts"}],"about":[{"href":"https:\/\/blogs.laverdad.es\/musicainesperada\/wp-json\/wp\/v2\/types\/post"}],"author":[{"embeddable":true,"href":"https:\/\/blogs.laverdad.es\/musicainesperada\/wp-json\/wp\/v2\/users\/24"}],"replies":[{"embeddable":true,"href":"https:\/\/blogs.laverdad.es\/musicainesperada\/wp-json\/wp\/v2\/comments?post=1078"}],"version-history":[{"count":5,"href":"https:\/\/blogs.laverdad.es\/musicainesperada\/wp-json\/wp\/v2\/posts\/1078\/revisions"}],"predecessor-version":[{"id":1083,"href":"https:\/\/blogs.laverdad.es\/musicainesperada\/wp-json\/wp\/v2\/posts\/1078\/revisions\/1083"}],"wp:attachment":[{"href":"https:\/\/blogs.laverdad.es\/musicainesperada\/wp-json\/wp\/v2\/media?parent=1078"}],"wp:term":[{"taxonomy":"category","embeddable":true,"href":"https:\/\/blogs.laverdad.es\/musicainesperada\/wp-json\/wp\/v2\/categories?post=1078"},{"taxonomy":"post_tag","embeddable":true,"href":"https:\/\/blogs.laverdad.es\/musicainesperada\/wp-json\/wp\/v2\/tags?post=1078"}],"curies":[{"name":"wp","href":"https:\/\/api.w.org\/{rel}","templated":true}]}}