{"id":1084,"date":"2017-08-30T11:29:32","date_gmt":"2017-08-30T09:29:32","guid":{"rendered":"http:\/\/blogs.laverdad.es\/musicainesperada\/?p=1084"},"modified":"2017-08-30T11:34:13","modified_gmt":"2017-08-30T09:34:13","slug":"y-esa-pulsera","status":"publish","type":"post","link":"https:\/\/blogs.laverdad.es\/musicainesperada\/2017\/08\/30\/y-esa-pulsera\/","title":{"rendered":"\u00bfY esa pulsera?"},"content":{"rendered":"<p>Murcia en septiembre recupera su actividad y se rejuvenece. La calle se llena de j\u00f3venes bronceados que lucen en sus mu\u00f1ecas preciados recuerdos en tela multicolor que, anudados a modo de trofeos, certifican que han asistido a los\u00a0festivales de m\u00fasica m\u00e1s importantes del momento. Realmente, estos macrofestivales constituyen\u00a0un fen\u00f3meno social de primera magnitud, creciendo cada vez m\u00e1s el n\u00famero de ellos y el n\u00famero de asistentes a los mismos, a pesar de la contrariedad que genera privarse de las rutinarias comodidades que tenemos en\u00a0casa.<\/p>\n<p>B\u00e1sicamente, un festival de m\u00fasica es un evento de varios d\u00edas, organizado por particulares, con el benepl\u00e1cito del ayuntamiento de la localidad donde se celebra y en los que personas que no se conoc\u00edan de nada\u00a0por ser de distinta\u00a0procedencia y condici\u00f3n socioecon\u00f3mica, se agrupan\u00a0para escuchar m\u00fasica en torno a un sentimiento cordial, cooperativo y colectivo.<\/p>\n<p>Alguien podr\u00eda pensar que nos estamos refiriendo\u00a0a un fen\u00f3meno sociocultural reciente, cuando\u00a0el primer festival con id\u00e9nticas caracter\u00edsticas\u00a0tuvo lugar\u00a0en Thuringia el 20 y 21 de junio de 1810, tal y como refiere\u00a0<strong>Mark Evan Bonds<\/strong> en <em><strong>La m\u00fasica como pensamiento<\/strong><\/em> (Acantilado, 2014), libro que comentamos en el pasado post de <em><strong>M\u00fasica Inesperada<\/strong><\/em>.\u00a0Habl\u00e1bamos entonces que en la Alemania del siglo XIX, la sinfon\u00eda era el paradigma de la\u00a0armon\u00eda social, lo cual explicar\u00eda que\u00a0interpretarla\u00a0en directo favorecer\u00eda la interacci\u00f3n entre m\u00fasicos y p\u00fablico al tiempo\u00a0que el oyente se\u00a0sentir\u00eda\u00a0<em>&#8220;respaldado por la sociedad&#8221;<\/em>, en palabras del\u00a0fil\u00f3sofo <strong>Theodor W. Adorno<\/strong>.<\/p>\n<p>Los alemanes de la \u00e9poca estaban\u00a0tan\u00a0atra\u00eddos por el mundo cl\u00e1sico griego que tambi\u00e9n fundamentaron\u00a0el valor de su fuerza en su patrimonio cultural. As\u00ed, el hecho de congregarse en un festival a escuchar m\u00fasica, durante dos o tres d\u00edas con otros desconocidos venidos de distintos puntos y\u00a0compartir un repertorio t\u00edpico alem\u00e1n compuesto por sinfon\u00edas y oratorios, era una propuesta demasiado\u00a0tentadora.<\/p>\n<p>En los primeros festivales, la mayor\u00eda de los\u00a0m\u00fasicos\u00a0eran personas aficionadas que se dedicaban a otra profesi\u00f3n, lo cual no supon\u00eda ning\u00fan inconveniente,\u00a0pues pesaba\u00a0m\u00e1s\u00a0la vertiente social del evento que la calidad de la interpretaci\u00f3n musical. Los organizadores, como cuenta <strong>Bonds<\/strong> en su libro, eran normalmente comit\u00e9s\u00a0c\u00edvicos\u00a0compuestos por particulares sin intenci\u00f3n\u00a0de lucro. Por otro lado, las autoridades permit\u00edan la celebraci\u00f3n de estos festivales por su aparente\u00a0car\u00e1cter art\u00edstico y apol\u00edtico, aunque entre los asistentes emanasen los anhelados sentimientos comunitarios y las aspiraciones socio-pol\u00edticas que constitu\u00edan\u00a0el denominado sue\u00f1o alem\u00e1n.<\/p>\n<p>Treinta a\u00f1os m\u00e1s tarde, en los festivales empez\u00f3\u00a0a valorarse m\u00e1s lo musical y se contrataron m\u00fasicos profesionales pensando tambi\u00e9n en los beneficios econ\u00f3micos que esto reportar\u00eda. Estos eventos\u00a0se extendieron por todo el pa\u00eds y cada vez ten\u00edan m\u00e1s poder de convocatoria, de forma que en el de Colonia llegaron a reunirse m\u00e1s de 1500 asistentes.<\/p>\n<p>Posteriormente, los festivales de m\u00fasica cl\u00e1sica se extendieron tambi\u00e9n a otros g\u00e9neros musicales como el pop, jazz, rock y otros de tipo\u00a0electr\u00f3nico, de forma que gracias a <strong>Beethoven<\/strong>, hoy d\u00eda nuestros hijos portan con orgullo unas singulares pulseras.<\/p>\n<p>&nbsp;<\/p>\n","protected":false},"excerpt":{"rendered":"<p>Murcia en septiembre recupera su actividad y se rejuvenece. La calle se llena de j\u00f3venes bronceados que lucen en sus mu\u00f1ecas preciados recuerdos en tela multicolor que, anudados a modo de trofeos, certifican que han asistido a los\u00a0festivales de m\u00fasica m\u00e1s importantes del momento. Realmente, estos macrofestivales constituyen\u00a0un fen\u00f3meno social de primera magnitud, creciendo cada [&hellip;]<\/p>\n","protected":false},"author":24,"featured_media":0,"comment_status":"open","ping_status":"open","sticky":false,"template":"","format":"standard","meta":[],"categories":[7],"tags":[],"_links":{"self":[{"href":"https:\/\/blogs.laverdad.es\/musicainesperada\/wp-json\/wp\/v2\/posts\/1084"}],"collection":[{"href":"https:\/\/blogs.laverdad.es\/musicainesperada\/wp-json\/wp\/v2\/posts"}],"about":[{"href":"https:\/\/blogs.laverdad.es\/musicainesperada\/wp-json\/wp\/v2\/types\/post"}],"author":[{"embeddable":true,"href":"https:\/\/blogs.laverdad.es\/musicainesperada\/wp-json\/wp\/v2\/users\/24"}],"replies":[{"embeddable":true,"href":"https:\/\/blogs.laverdad.es\/musicainesperada\/wp-json\/wp\/v2\/comments?post=1084"}],"version-history":[{"count":6,"href":"https:\/\/blogs.laverdad.es\/musicainesperada\/wp-json\/wp\/v2\/posts\/1084\/revisions"}],"predecessor-version":[{"id":1090,"href":"https:\/\/blogs.laverdad.es\/musicainesperada\/wp-json\/wp\/v2\/posts\/1084\/revisions\/1090"}],"wp:attachment":[{"href":"https:\/\/blogs.laverdad.es\/musicainesperada\/wp-json\/wp\/v2\/media?parent=1084"}],"wp:term":[{"taxonomy":"category","embeddable":true,"href":"https:\/\/blogs.laverdad.es\/musicainesperada\/wp-json\/wp\/v2\/categories?post=1084"},{"taxonomy":"post_tag","embeddable":true,"href":"https:\/\/blogs.laverdad.es\/musicainesperada\/wp-json\/wp\/v2\/tags?post=1084"}],"curies":[{"name":"wp","href":"https:\/\/api.w.org\/{rel}","templated":true}]}}