{"id":109,"date":"2013-04-20T20:51:12","date_gmt":"2013-04-20T20:51:12","guid":{"rendered":"http:\/\/blogs.laverdad.es\/musicainesperada\/?p=109"},"modified":"2013-04-20T20:51:12","modified_gmt":"2013-04-20T20:51:12","slug":"eduardo-garcia-sandoval-el-trovador-apasionado","status":"publish","type":"post","link":"https:\/\/blogs.laverdad.es\/musicainesperada\/2013\/04\/20\/eduardo-garcia-sandoval-el-trovador-apasionado\/","title":{"rendered":"Eduardo Garc\u00eda Sandoval, el trovador apasionado."},"content":{"rendered":"<p>&nbsp;<\/p>\n<p><strong>Giuseppe Verdi<\/strong> es el compositor de \u00f3pera italiano m\u00e1s importante del siglo XIX. Naci\u00f3 en Buseto (Parma) en 1813 (el mismo a\u00f1o que Richard Wagner),\u00a0raz\u00f3n por la que este a\u00f1o celebramos el doble bicentenario.\u00a0Una de sus m\u00e1s famosas \u00f3peras\u00a0es <strong><em>\u201cIl trovatore\u201d,<\/em><\/strong> \u00a0obra\u00a0de t\u00edpico corte\u00a0rom\u00e1ntico\u00a0 que gira en torno al tema de la venganza.<\/p>\n<p>Hoy comentamos la famosa <em>\u201ccabaletta\u201d<\/em> del Cuadro II del tercer acto, en la que <strong>Manrico<\/strong> \u2013 el trovador \u2013 est\u00e1 a punto de casarse con su noble amada <strong>Leonora<\/strong> en una peque\u00f1a capilla de una fortaleza, cuando uno de sus\u00a0soldados\u00a0 le\u00a0anuncia que van a\u00a0quemar en la hoguera a la gitana <strong>Azucena<\/strong>.\u00a0<strong>Manrico<\/strong>, en ese momento, le confiesa a <strong>Leonora<\/strong>\u00a0que es el hijo de la z\u00edngara\u00a0y que debe dejarla\u00a0para intentar salvar a su madre. <strong>Leonora<\/strong>, que pertenece a la aristocracia, queda estupefacta con la noticia del particular origen social del amado.<\/p>\n<p>Uno de los mejores tenores murcianos es <strong>Eduardo Garc\u00eda Sandoval<\/strong>, que desde hace a\u00f1os vive en Valencia, donde desarrolla una brillante carrera profesional. Este cantante nacido en Molina de Segura nos comenta aspectos de esta <em>\u201ccabaletta\u201d<\/em> titulada <em><strong>\u201cDi quella pira\u201d<\/strong><\/em> (\u201cDe esa hoguera\u201d): &#8220;<em>En esta pieza marcial, Verdi describe perfectamente la tensi\u00f3n dram\u00e1tica del momento. Manrico\u00a0est\u00e1 desesperado y se lanza con sus hombres al rescate de Azucena, su madre, raptada por el malvado Conde Luna que la conduce a la hoguera\u201d.<\/em><\/p>\n<p>Esta \u00f3pera del <strong><em>bel canto <\/em><\/strong>es muy dif\u00edcil para\u00a0los tenores . <strong>Eduardo<\/strong> explica que<em> \u201cpara su interpretaci\u00f3n se requiere una voz potente, vigorosa y\u00a0c\u00e1lida para describir a un personaje apasionado y guerrero. El tiempo es marcial y vigoroso en un comp\u00e1s de 3 por 4. Se canta\u00a0a plena voz en la zona central y se corona con un\u00a0dificil\u00edsimo\u00a0Do en cuarta agudo\u00a0al final. Su ejecuci\u00f3n\u00a0t\u00e9cnica debe ser precisa y contundente\u201d.<\/em><\/p>\n<p><strong>Eduardo<\/strong> reconoce que se necesitan muchas horas de estudio vocal y musical para poder hacer frente a las dificultades t\u00e9cnicas de la partitura. Para \u00e9l, <strong>Verdi<\/strong> es uno de los mejores compositores de la historia:\u00a0<em>&#8220;La grandeza de Verdi radica en el equilibrio que consigue entre el dramatismo teatral y musical. Los complementa de tal modo que\u00a0genera un grado de emoci\u00f3n s\u00f3lo al alcance de los genios\u201d.<\/em><\/p>\n<p>Les adjunto un video de <strong>Eduardo Garc\u00eda Sandoval <\/strong>interpretando esta c\u00e9lebre pieza de <em><strong>&#8220;Il trovatore<\/strong><\/em>&#8220;. El famoso doble Do agudo lo escuchan en la repetici\u00f3n\u00a0coincidiendo con\u00a0las dos s\u00edlabas de la\u00a0palabra \u201carmi\u201d.<\/p>\n<p>Creo que estamos ante\u00a0otro crack de la m\u00fasica cl\u00e1sica de la regi\u00f3n que\u00a0deber\u00eda ser habitual\u00a0en nuestras salas de conciertos. Disfruten\u00a0con la interpretaci\u00f3n de <strong>Eduardo<\/strong> y\u00a0con\u00a0la m\u00fasica del maestro de Buseto.<\/p>\n<p><iframe loading=\"lazy\" src=\"\/\/www.youtube.com\/embed\/meOLWIIPOf4\" frameborder=\"0\" width=\"560\" height=\"315\"><\/iframe><\/p>\n<p>&nbsp;<\/p>\n","protected":false},"excerpt":{"rendered":"<p>&nbsp; Giuseppe Verdi es el compositor de \u00f3pera italiano m\u00e1s importante del siglo XIX. Naci\u00f3 en Buseto (Parma) en 1813 (el mismo a\u00f1o que Richard Wagner),\u00a0raz\u00f3n por la que este a\u00f1o celebramos el doble bicentenario.\u00a0Una de sus m\u00e1s famosas \u00f3peras\u00a0es \u201cIl trovatore\u201d, \u00a0obra\u00a0de t\u00edpico corte\u00a0rom\u00e1ntico\u00a0 que gira en torno al tema de la venganza. Hoy [&hellip;]<\/p>\n","protected":false},"author":24,"featured_media":0,"comment_status":"open","ping_status":"closed","sticky":false,"template":"","format":"standard","meta":[],"categories":[2],"tags":[],"_links":{"self":[{"href":"https:\/\/blogs.laverdad.es\/musicainesperada\/wp-json\/wp\/v2\/posts\/109"}],"collection":[{"href":"https:\/\/blogs.laverdad.es\/musicainesperada\/wp-json\/wp\/v2\/posts"}],"about":[{"href":"https:\/\/blogs.laverdad.es\/musicainesperada\/wp-json\/wp\/v2\/types\/post"}],"author":[{"embeddable":true,"href":"https:\/\/blogs.laverdad.es\/musicainesperada\/wp-json\/wp\/v2\/users\/24"}],"replies":[{"embeddable":true,"href":"https:\/\/blogs.laverdad.es\/musicainesperada\/wp-json\/wp\/v2\/comments?post=109"}],"version-history":[{"count":0,"href":"https:\/\/blogs.laverdad.es\/musicainesperada\/wp-json\/wp\/v2\/posts\/109\/revisions"}],"wp:attachment":[{"href":"https:\/\/blogs.laverdad.es\/musicainesperada\/wp-json\/wp\/v2\/media?parent=109"}],"wp:term":[{"taxonomy":"category","embeddable":true,"href":"https:\/\/blogs.laverdad.es\/musicainesperada\/wp-json\/wp\/v2\/categories?post=109"},{"taxonomy":"post_tag","embeddable":true,"href":"https:\/\/blogs.laverdad.es\/musicainesperada\/wp-json\/wp\/v2\/tags?post=109"}],"curies":[{"name":"wp","href":"https:\/\/api.w.org\/{rel}","templated":true}]}}