{"id":1102,"date":"2017-09-24T19:56:18","date_gmt":"2017-09-24T17:56:18","guid":{"rendered":"http:\/\/blogs.laverdad.es\/musicainesperada\/?p=1102"},"modified":"2017-09-24T19:56:18","modified_gmt":"2017-09-24T17:56:18","slug":"maestro-del-buen-amor","status":"publish","type":"post","link":"https:\/\/blogs.laverdad.es\/musicainesperada\/2017\/09\/24\/maestro-del-buen-amor\/","title":{"rendered":"Maestro del buen amor"},"content":{"rendered":"<p><a href=\"https:\/\/static-blogs.laverdad.es\/wp-content\/uploads\/sites\/23\/2017\/09\/Fotos-Dyle-y-Nicol\u00e1s.jpg\"><img loading=\"lazy\" class=\"alignnone size-full wp-image-1103\" src=\"https:\/\/static-blogs.laverdad.es\/wp-content\/uploads\/sites\/23\/2017\/09\/Fotos-Dyle-y-Nicol\u00e1s.jpg\" alt=\"fotos-dyle-y-nicolas\" width=\"1356\" height=\"784\" srcset=\"https:\/\/static-blogs.laverdad.es\/wp-content\/uploads\/sites\/23\/2017\/09\/Fotos-Dyle-y-Nicol\u00e1s.jpg 1356w, https:\/\/static-blogs.laverdad.es\/wp-content\/uploads\/sites\/23\/2017\/09\/Fotos-Dyle-y-Nicol\u00e1s-300x173.jpg 300w, https:\/\/static-blogs.laverdad.es\/wp-content\/uploads\/sites\/23\/2017\/09\/Fotos-Dyle-y-Nicol\u00e1s-768x444.jpg 768w, https:\/\/static-blogs.laverdad.es\/wp-content\/uploads\/sites\/23\/2017\/09\/Fotos-Dyle-y-Nicol\u00e1s-1024x592.jpg 1024w\" sizes=\"(max-width: 1356px) 100vw, 1356px\" \/><\/a><\/p>\n<p>El Auditorio de Murcia ser\u00e1 testigo de un entra\u00f1able acontecimiento para inaugurar la temporada de conciertos. Uno de los hijos de la tierra recibir\u00e1 un oportuno y merecido homenaje a los 85,5 a\u00f1os de edad. El m\u00fasico y maestro <strong>Manuel Moreno-Buend\u00eda<\/strong>, destacado compositor y director de orquesta nacido en Murcia y bautizado en Santa Eulalia, es un honorable representante de\u00a0nuestra regi\u00f3n en\u00a0todo el mundo que hoy d\u00eda conserva grandes dosis de energ\u00eda y creatividad como compositor.<\/p>\n<p>El pr\u00f3ximo viernes, los profesores de la <em><strong>Orquesta Sinf\u00f3nica de la Regi\u00f3n de Murcia<\/strong><\/em> interpretar\u00e1n tres de las obras que grabaron en disco durante el mes de julio y en las que el papel de solista ser\u00e1 defendido por el propio concertino de la formaci\u00f3n <strong>Darling Dyle<\/strong> y por el solista de flauta <strong>Juan Antonio Nicol\u00e1s Lucas<\/strong>, dos m\u00fasicos que destacan por su talento y experiencia interpretativa.<\/p>\n<p><strong>Darling Dyle<\/strong> nos cuenta como es el <strong><em>Concierto Celebraci\u00f3n para viol\u00edn y orquesta<\/em><\/strong> de <strong>Moreno-Buend\u00eda<\/strong>: <em>\u201cSigue la forma del concierto tradicional en tres movimientos, siendo la parte solista rica en matices y compleja en melod\u00eda y ritmo. Los tutti orquestales est\u00e1n muy presentes y tambi\u00e9n llenos de complejidad.\u201d<\/em><\/p>\n<p>El profesor concertino de la <em><strong>OSRM<\/strong><\/em>, define este concierto como rom\u00e1ntico con toques de virtuosismo e influencias del post-romanticismo. Para el violinista, los ritmos de 5 por 8 y 7 por 8 del en\u00e9rgico tercer movimiento recuerdan a los de compositores rusos como <strong>Prokofiev<\/strong> o <strong>Shostakovich<\/strong>: <em>\u201cExiste un di\u00e1logo continuo entre el el solista y orquesta con pasajes realmente explosivos. El compositor escribi\u00f3 dos grandes cadencias muy intensas y complejas para el viol\u00edn\u201d.<\/em><\/p>\n<p><strong>Moreno-Buend\u00eda<\/strong> es un m\u00fasico\u00a0que se caracteriza por su m\u00fasica bien sonante, es decir, escrita desde el alma y comprensible para todo tipo de p\u00fablico. <strong>Dyle<\/strong> nos confirma este hecho: <em>\u201cEstoy muy seguro de que el p\u00fablico va a entender perfectamente la obra ya que est\u00e1 llena de preciosas melod\u00edas. Es un concierto at\u00edpico para estos tiempos en los que casi todos los compositores escriben de una forma muy contempor\u00e1nea\u201d<\/em>. <strong>Darlin Dyle<\/strong> destaca el segundo movimiento escrito en forma de habanera y con un sentimiento muy melanc\u00f3lico: <em>\u201cSu m\u00fasica me trae recuerdos de nostalgia de mi pa\u00eds natal, Albania\u201d.<\/em><\/p>\n<p><strong>Moreno-Buend\u00eda<\/strong> se traslad\u00f3 a Madrid a los 10 a\u00f1os de edad para desarrollar una brillante carrera como director musical del Teatro de la Zarzuela (1970-1981) y como catedr\u00e1tico de Armon\u00eda del Conservatorio Superior de Madrid (1980-2000), despu\u00e9s de 40 a\u00f1os de docencia y otros muchos m\u00e1s de creatividad y distintos reconocimientos entre el que destaca el <em><strong>Premio Nacional de M\u00fasica<\/strong><\/em> (1958). Dos a\u00f1os antes, hab\u00eda marchado a Italia a completar sus estudios de composici\u00f3n y direcci\u00f3n de orquesta.<\/p>\n<p>Aunque la m\u00fasica del maestro sea tan comprensible, realmente su\u00a0elaboraci\u00f3n es muy meticulosa y requiere de mucho tiempo para adquirir\u00a0su sello propio. Ejemplo de ello es el <em><strong>Concierto para flauta y orquesta<\/strong><\/em> que <strong>Moreno-Buend\u00eda<\/strong> dedic\u00f3 al profesor <strong>Juan Antonio Nicol\u00e1s<\/strong>, solista de flauta de la <strong><em>OSRM<\/em><\/strong>.<\/p>\n<p><strong>Juan Antonio<\/strong> nos explica como el compositor tuvo la gentileza de dedicarle el concierto: <em>\u201cConoc\u00ed al maestro Moreno-Buend\u00eda cuando estrenamos su Concierto del Buen Amor en la Exposici\u00f3n Universal de Sevilla(1992) con el guitarrista Narciso Yepes y la Orquesta de la Regi\u00f3n de Murcia dirigida por Hern\u00e1ndez Silva. Desde entonces\u00a0 siempre me gust\u00f3 mucho su m\u00fasica.\u201d<\/em><\/p>\n<p>A\u00f1os m\u00e1s tarde, <strong>Juan Antonio<\/strong> se enter\u00f3 de que <strong>Moreno-Buend\u00eda<\/strong> estaba grabando un disco en el Auditorio de Murcia y pas\u00f3 a saludarlo y preguntarle si hab\u00eda compuesto alguna obra para flauta. Hablaron sobre cuestiones t\u00e9cnicas y recursos flaut\u00edsticos que le facilitaran su labor de composici\u00f3n, proceso que llev\u00f3 el tiempo suficiente para entablar una gran amistad que perdura hasta hoy: <em>\u201c\u00a1Qui\u00e9n me iba a decir, que al cabo de un tiempo, estrenar\u00eda su concierto en C\u00f3rdoba!.\u201d<\/em><\/p>\n<p>En cuanto a la m\u00fasica del <em><strong>Concierto para flauta y orquesta<\/strong><\/em>, <strong>Nicol\u00e1s<\/strong> nos reafirma que es bien sonante y comprensible: <em>\u201cDesde el principio me entend\u00ed r\u00e1pidamente con el compositor ya que compart\u00edamos la idea de transmitir sentimientos que lleguen f\u00e1cilmente al p\u00fablico\u201d.<\/em><\/p>\n<p><strong>Juan Antonio<\/strong> cuenta que antes de empezar la grabaci\u00f3n del concierto se reuni\u00f3 con el maestro <strong>Hern\u00e1ndez Silva<\/strong>, director y promotor de la idea del disco y del concierto homenaje a <strong>Moreno-Buend\u00eda<\/strong>: <em>\u201cHemos trabajado y refrescado ideas del concierto en cuanto al tempo y din\u00e1micas. Me deja mucha libertad y flexibilidad para interpretarlo. Nos conocemos muy bien desde hace tiempo y con un m\u00ednimo gesto suyo, nos entendemos perfectamente\u201d.<\/em><\/p>\n<p>Para este flautista, poder comentar con <strong>Moreno-Buend\u00eda<\/strong> las indicaciones de tempo o de car\u00e1cter, es un privilegio y ayuda much\u00edsimo: <em>\u201cEl tiempo de vals del tercer movimiento \u00e9l lo concibe retenido y no como un vals bailable. Por lo dem\u00e1s, tengo total libertad a la hora de tocar.\u201d<\/em><\/p>\n<p>El concierto se completa con <em><strong>Celtiberia<\/strong><\/em>, una suite de danzas derivadas del ballet <em><strong>Eterna Castilla<\/strong> <\/em>que el maestro <strong>Moreno-Buend\u00eda<\/strong> estren\u00f3 en 1966 en el Teatro de la Scala de Mil\u00e1n, siendo el bailar\u00edn el c\u00e9lebre <strong>Antonio<\/strong>.<\/p>\n<p>&nbsp;<\/p>\n<p><em>Viernes 29 de septiembre, 20 horas. Auditorio de Murcia. Concierto homenaje a Manuel Moreno-Buend\u00eda. Orquesta Sinf\u00f3nica de la Regi\u00f3n de Murcia. Darling Dyle (viol\u00edn), Juan Antonio Nicol\u00e1s (flauta), Esmeralda Espinosa (mezzo-soprano), Manuel Hern\u00e1ndez Silva (direcci\u00f3n musical).<\/em><\/p>\n","protected":false},"excerpt":{"rendered":"<p>El Auditorio de Murcia ser\u00e1 testigo de un entra\u00f1able acontecimiento para inaugurar la temporada de conciertos. Uno de los hijos de la tierra recibir\u00e1 un oportuno y merecido homenaje a los 85,5 a\u00f1os de edad. El m\u00fasico y maestro Manuel Moreno-Buend\u00eda, destacado compositor y director de orquesta nacido en Murcia y bautizado en Santa Eulalia, [&hellip;]<\/p>\n","protected":false},"author":24,"featured_media":0,"comment_status":"open","ping_status":"open","sticky":false,"template":"","format":"standard","meta":[],"categories":[19],"tags":[],"_links":{"self":[{"href":"https:\/\/blogs.laverdad.es\/musicainesperada\/wp-json\/wp\/v2\/posts\/1102"}],"collection":[{"href":"https:\/\/blogs.laverdad.es\/musicainesperada\/wp-json\/wp\/v2\/posts"}],"about":[{"href":"https:\/\/blogs.laverdad.es\/musicainesperada\/wp-json\/wp\/v2\/types\/post"}],"author":[{"embeddable":true,"href":"https:\/\/blogs.laverdad.es\/musicainesperada\/wp-json\/wp\/v2\/users\/24"}],"replies":[{"embeddable":true,"href":"https:\/\/blogs.laverdad.es\/musicainesperada\/wp-json\/wp\/v2\/comments?post=1102"}],"version-history":[{"count":1,"href":"https:\/\/blogs.laverdad.es\/musicainesperada\/wp-json\/wp\/v2\/posts\/1102\/revisions"}],"predecessor-version":[{"id":1104,"href":"https:\/\/blogs.laverdad.es\/musicainesperada\/wp-json\/wp\/v2\/posts\/1102\/revisions\/1104"}],"wp:attachment":[{"href":"https:\/\/blogs.laverdad.es\/musicainesperada\/wp-json\/wp\/v2\/media?parent=1102"}],"wp:term":[{"taxonomy":"category","embeddable":true,"href":"https:\/\/blogs.laverdad.es\/musicainesperada\/wp-json\/wp\/v2\/categories?post=1102"},{"taxonomy":"post_tag","embeddable":true,"href":"https:\/\/blogs.laverdad.es\/musicainesperada\/wp-json\/wp\/v2\/tags?post=1102"}],"curies":[{"name":"wp","href":"https:\/\/api.w.org\/{rel}","templated":true}]}}