{"id":112,"date":"2013-04-23T21:47:27","date_gmt":"2013-04-23T21:47:27","guid":{"rendered":"http:\/\/blogs.laverdad.es\/musicainesperada\/?p=112"},"modified":"2013-04-23T21:47:27","modified_gmt":"2013-04-23T21:47:27","slug":"ana-y-berlin","status":"publish","type":"post","link":"https:\/\/blogs.laverdad.es\/musicainesperada\/2013\/04\/23\/ana-y-berlin\/","title":{"rendered":"Ana y Berl\u00edn."},"content":{"rendered":"<p><img loading=\"lazy\" class=\"aligncenter size-full wp-image-113\" title=\"ANA en berlin\" src=\"\/musicainesperada\/wp-content\/uploads\/sites\/23\/2013\/04\/ANA-en-berlin.jpg\" alt=\"\" width=\"500\" height=\"485\" srcset=\"https:\/\/static-blogs.laverdad.es\/wp-content\/uploads\/sites\/23\/2013\/04\/ANA-en-berlin.jpg 500w, https:\/\/static-blogs.laverdad.es\/wp-content\/uploads\/sites\/23\/2013\/04\/ANA-en-berlin-300x291.jpg 300w\" sizes=\"(max-width: 500px) 100vw, 500px\" \/><\/p>\n<p>&nbsp;<\/p>\n<p>Hoy les presento a <strong>Ana Mba Flores<\/strong>, violista murciana que completa sus estudios de m\u00fasica en la prestigiosa <strong>Hoschule f\u00fcr Musik Hanns Seisler de Berl\u00edn<\/strong> con la profesora Pauline Sachse.<\/p>\n<p><strong>Ana<\/strong>\u00a0deja nuestra ciudad en 2008 para\u00a0trasladarse a Barcelona donde es admitida\u00a0en la <strong>Escola Superior de M\u00fasica de Calalunya<\/strong> (conocida m\u00e1s como <strong>ESMUC<\/strong>). All\u00ed\u00a0solicita una beca Erasmus para la <strong>Universidad de las Artes de Berl\u00edn<\/strong> (<strong>Udk o Universit\u00e4t del K\u00fcnste<\/strong>) y\u00a0a continuaci\u00f3n\u00a0supera las pruebas de acceso que le permiten instalarse en 2010\u00a0en la capital alemana.<\/p>\n<p>El\u00a0clima que se respire en\u00a0la H\u00f6chschule es fant\u00e1stico.\u00a0Comenta Ana que &#8220;<em>el ambiente all\u00ed\u00a0es internacional. Curiosamente no hay muchos alemanes y\u00a0los idiomas son el\u00a0alem\u00e1n y el ingl\u00e9s. El\u00a0plan de estudios es muy similar al del resto de pa\u00edses europeos&#8221;.<\/em><\/p>\n<p>A<strong> Ana<\/strong> le podemos aplicar\u00a0 eso de &#8220;donde va triunfa&#8221;. El a\u00f1o pasado\u00a0obtiene el <strong>Premio\u00a0del Concurso Franco Ib\u00e9rico de J\u00f3venes Violistas\u00a0de Perpignan<\/strong> y \u00a0el <strong>Premio del Festival Internacional de M\u00fasica de Bari<\/strong>, al que acude en la pr\u00f3xima edici\u00f3n como invitada para interpreter m\u00fasica de Schoenberg y de Strauss. Adem\u00e1s, esta bella int\u00e9rprete es miembro de la <strong>Orquesta de la Radio de Berl\u00edn<\/strong> (<strong>Rundfunk-Sinfonieorchester Berlin<\/strong>): <em>&#8220;All\u00ed soy Viola Academista con un contrato para los conciertos en los que participo con car\u00e1cter mensual&#8221;.<\/em><\/p>\n<p>Esta murciana est\u00e1\u00a0muy integrada en la vida berlinesa: <em>&#8220;Es una ciudad con gran cultura musical. Hay much\u00edsimos ni\u00f1os tocando instrumentos. Los profesores se caracterizan por tener unas ideas musicales muy claras y por transmitirlas muy bien a los estudiantes&#8221;.<\/em><\/p>\n<p>Me comprometo\u00a0a avisarles cuando <strong>Ana Mba<\/strong> act\u00fae en Murcia. Es un ejemplo de juventud, talento y esfuerzo. Ya saben lo que me gusta esta combinaci\u00f3n.<\/p>\n<p>&nbsp;<\/p>\n<p>&nbsp;<\/p>\n","protected":false},"excerpt":{"rendered":"<p>&nbsp; Hoy les presento a Ana Mba Flores, violista murciana que completa sus estudios de m\u00fasica en la prestigiosa Hoschule f\u00fcr Musik Hanns Seisler de Berl\u00edn con la profesora Pauline Sachse. Ana\u00a0deja nuestra ciudad en 2008 para\u00a0trasladarse a Barcelona donde es admitida\u00a0en la Escola Superior de M\u00fasica de Calalunya (conocida m\u00e1s como ESMUC). All\u00ed\u00a0solicita una [&hellip;]<\/p>\n","protected":false},"author":24,"featured_media":0,"comment_status":"open","ping_status":"closed","sticky":false,"template":"","format":"standard","meta":[],"categories":[5],"tags":[],"_links":{"self":[{"href":"https:\/\/blogs.laverdad.es\/musicainesperada\/wp-json\/wp\/v2\/posts\/112"}],"collection":[{"href":"https:\/\/blogs.laverdad.es\/musicainesperada\/wp-json\/wp\/v2\/posts"}],"about":[{"href":"https:\/\/blogs.laverdad.es\/musicainesperada\/wp-json\/wp\/v2\/types\/post"}],"author":[{"embeddable":true,"href":"https:\/\/blogs.laverdad.es\/musicainesperada\/wp-json\/wp\/v2\/users\/24"}],"replies":[{"embeddable":true,"href":"https:\/\/blogs.laverdad.es\/musicainesperada\/wp-json\/wp\/v2\/comments?post=112"}],"version-history":[{"count":0,"href":"https:\/\/blogs.laverdad.es\/musicainesperada\/wp-json\/wp\/v2\/posts\/112\/revisions"}],"wp:attachment":[{"href":"https:\/\/blogs.laverdad.es\/musicainesperada\/wp-json\/wp\/v2\/media?parent=112"}],"wp:term":[{"taxonomy":"category","embeddable":true,"href":"https:\/\/blogs.laverdad.es\/musicainesperada\/wp-json\/wp\/v2\/categories?post=112"},{"taxonomy":"post_tag","embeddable":true,"href":"https:\/\/blogs.laverdad.es\/musicainesperada\/wp-json\/wp\/v2\/tags?post=112"}],"curies":[{"name":"wp","href":"https:\/\/api.w.org\/{rel}","templated":true}]}}